{"id":278,"date":"2020-03-05T11:29:23","date_gmt":"2020-03-05T11:29:23","guid":{"rendered":"https:\/\/www.affinite.fr\/index.php\/2020\/03\/05\/huawei-est-le-premier-equipementier-telecom-a-proposer-du-li-fi\/"},"modified":"2020-03-05T11:29:23","modified_gmt":"2020-03-05T11:29:23","slug":"huawei-est-le-premier-equipementier-telecom-a-proposer-du-li-fi","status":"publish","type":"post","link":"http:\/\/www.affinite.fr\/index.php\/2020\/03\/05\/huawei-est-le-premier-equipementier-telecom-a-proposer-du-li-fi\/","title":{"rendered":"Huawei est le premier \u00e9quipementier t\u00e9l\u00e9com \u00e0 proposer du Li-Fi"},"content":{"rendered":"<p> [ad_1]<br \/>\n<\/p>\n<div itemprop=\"articleBody\">\n<p>Si <a href=\"https:\/\/www.01net.com\/actualites\/li-fi-la-technologie-reseau-sans-fil-par-la-lumiere-decolle-enfin-1811260.html\" target=\"_blank\" rel=\"noopener noreferrer\">le Li-Fi <\/a>est encore loin de d\u00e9barquer dans votre salon, il pourrait bient\u00f4t fonctionner dans votre h\u00f4pital. C\u2019est en tous cas la volont\u00e9 de Huawei qui vient de signer un accord-cadre avec la soci\u00e9t\u00e9 allemande Schnell ce mercredi 4 mars \u00e0 Paris. Ce partenariat va lui permettre de proposer la premi\u00e8re solution r\u00e9seau bas\u00e9e sur du Li-Fi et d\u00e9di\u00e9e \u00e0 la sant\u00e9. Il ne pr\u00e9voit pas cependant de distribuer lui-m\u00eame les produits Schnell LiFi ou de se mettre \u00e0 en fabriquer. Ce sont donc des d\u00e9buts prudents qu\u2019entreprend Huawei dans ce domaine.<\/p>\n<figure class=\"figure text-center\"><img decoding=\"async\" class=\"article-img img-responsive-l\" src=\"https:\/\/img.bfmtv.com\/c\/1024\/731\/ddd\/0a0dbfed571bffa79fecf2937b2f8.jpeg\" alt=\"Shi Weiliang, Pr\u00e9sident de Huawei France, et Mario Christiani, Executive Chairman de Schnell.\"\/><figcaption class=\"figure-caption figcaption color-txt-0 title-xs hidden-xs\">\n                                    Huawei<br \/>\n                                                    &#8211; Shi Weiliang, Pr\u00e9sident de Huawei France, et Mario Christiani, Executive Chairman de Schnell.<br \/>\n                            <\/figcaption><\/figure>\n<h3 style=\"color:#333;font-family:arial,helvetica,sans-serif;font-size:23px;font-weight:700;\">Le Li-Fi est per\u00e7u comme une \u00ab\u00a0technologie verte\u00a0\u00bb<\/h3>\n<p>Pour rappel, le Li-Fi (contraction de Light Fidelity) consiste \u00e0 utiliser les clignotements des LED, invisibles \u00e0 l\u2019\u0153il nu, pour coder et transmettre des informations sans fil. Si cette technologie est d\u00e9j\u00e0 utilis\u00e9e dans quelques h\u00f4pitaux comme\u00a0 \u00e0 Perpignan, c\u2019est parce qu&rsquo;elle n&rsquo;est pas sensible aux interf\u00e9rences \u00e9lectromagn\u00e9tiques auxquelles est sujet le Wi-Fi. Cela permet de\u00a0 s\u2019affranchir des c\u00e2bles dans les derniers m\u00e8tres du r\u00e9seau qui raccordent l\u2019utilisateur final. Mais pas seulement.<em> \u00ab\u00a0Le Li-Fi est per\u00e7u comme une technologie \u00ab\u00a0verte\u00a0\u00bb, qui n\u2019est pas soup\u00e7onn\u00e9e comme le Wi-Fi et ses ondes \u00e9lectromagn\u00e9tiques d\u2019avoir un impact sur la sant\u00e9\u00a0\u00bb<\/em>, souligne le CEO de Schnell Sudhir Shreedharan. Plut\u00f4t bienvenu dans un milieu o\u00f9 l&rsquo;on soigne les gens.<\/p>\n<p>Sur ce march\u00e9 de niche, le Li-Fi est envisag\u00e9 comme une technologie compl\u00e9mentaire n\u00e9cessitant \u00e0 la base une architecture en fibre optique. Le Li-Fi serait utilis\u00e9 uniquement pour connecter les salles d\u2019op\u00e9ration des lieux priv\u00e9s. Dans les zones publiques comme les couloirs ou dans les chambres, le Wi-Fi devrait connecter les cam\u00e9ras de vid\u00e9osurveillance, la t\u00e9l\u00e9vision ou encore le t\u00e9l\u00e9phone des patients. Huawei estime aussi que l\u2019int\u00e9r\u00eat du Li-Fi est de pouvoir s\u00e9curiser davantage les communications que le Wi-Fi puisqu&rsquo;il n&rsquo;est pas possible de hacker le r\u00e9seau \u00e0 distance. Il faut en effet acc\u00e9der sur place \u00e0 la source lumineuse pour couper le trafic. Le Li-Fi para\u00eet donc id\u00e9al pour assurer des usages critiques comme la robotique m\u00e9dicale, les communications d\u2019urgence ou encore transmettre les donn\u00e9es tr\u00e8s sensibles des patients.<\/p>\n<aside class=\"bg-color-0 padding-inside-all-s bloc border-s\">\n<h4 class=\"box-txt-normal\">\n<p><strong>A d\u00e9couvrir aussi en vid\u00e9o<\/strong><\/p>\n<\/h4>\n<\/aside>\n<h3 style=\"color:#333;font-family:arial,helvetica,sans-serif;font-size:23px;font-weight:700;\">Des d\u00e9bits de l&rsquo;ordre de 100 Mbit\/s<\/h3>\n<p>Schnell est issu d\u2019une joint-venture entre le groupe AIPC et le c\u00e9l\u00e8bre Fraunhofer Institut, ce qui lui permet d\u2019exploiter des brevets de l\u2019institut de recherche. La soci\u00e9t\u00e9 promet un dispositif de type \u00ab\u00a0plug and play\u00a0\u00bb. Elle fournit des hotspots Li-Fi, ainsi que des clefs Li-Fi \u00e0 brancher sur les appareils \u00e0 connecter. Avec la promesse de d\u00e9bits sym\u00e9triques de l\u2019ordre de 100 Mbit\/s et d\u2019une latence inf\u00e9rieure \u00e0 1 milliseconde.\u00a0<\/p>\n<p>Huawei ambitionne-t-il d\u2019aller plus loin en mati\u00e8re de Li-Fi\u00a0? <em>\u00ab\u00a0Oui\u00a0\u00bb<\/em>,<em> <\/em>nous r\u00e9pond un porte-parole de Huawei. <em>\u00ab\u00a0C\u2019est une technologie universelle applicable \u00e0 de nombreuses industries comme les soins de sant\u00e9, la fabrication et l&rsquo;h\u00f4tellerie\u00a0\u00bb<\/em>. L\u2019\u00e9quipementier envisage \u00e9galement de monter en puissance dans ce domaine au cours du second semestre. Il travaille sur un moyen d\u2019int\u00e9grer l\u2019\u00e9metteur-r\u00e9cepteur de la fibre optique directement au p\u00e9riph\u00e9rique Li-Fi. Et planche \u00e0 plus long terme sur l\u2019id\u00e9e de se servir du Li-Fi comme compl\u00e9ment \u00e0 la 5G.<\/p>\n<\/p><\/div>\n<p><script>\n         !function(f,b,e,v,n,t,s){if(f.fbq)return;n=f.fbq=function()\n         {n.callMethod? n.callMethod.apply(n,arguments):n.queue.push(arguments)}\n         ;if(!f._fbq)f._fbq=n;\n             n.push=n;n.loaded=!0;n.version='2.0';n.queue=[];t=b.createElement(e);t.async=!0;\n             t.src=v;s=b.getElementsByTagName(e)[0];s.parentNode.insertBefore(t,s)}(window,\n                 document,'script','https:\/\/connect.facebook.net\/en_US\/fbevents.js');\n         fbq('init', '1065890633454496');\n         fbq('track', 'PageView');\n     <\/script><br \/>\n<br \/>[ad_2]<br \/>\n<br \/><a href=\"https:\/\/www.01net.com\/actualites\/huawei-est-le-premier-equipementier-telecom-a-proposer-du-li-fi-1869523.html\">Source link <\/a><\/p>\n","protected":false},"excerpt":{"rendered":"<p>[ad_1] Si le Li-Fi est encore loin de d\u00e9barquer dans votre salon, il pourrait bient\u00f4t fonctionner dans votre h\u00f4pital. C\u2019est &hellip; <a href=\"http:\/\/www.affinite.fr\/index.php\/2020\/03\/05\/huawei-est-le-premier-equipementier-telecom-a-proposer-du-li-fi\/\" class=\"more-link\">Plus <span class=\"screen-reader-text\">Huawei est le premier \u00e9quipementier t\u00e9l\u00e9com \u00e0 proposer du Li-Fi<\/span> <span class=\"meta-nav\">&rarr;<\/span><\/a><\/p>\n","protected":false},"author":1,"featured_media":279,"comment_status":"open","ping_status":"open","sticky":false,"template":"","format":"standard","meta":{"_sitemap_exclude":false,"_sitemap_priority":"","_sitemap_frequency":"","footnotes":""},"categories":[1],"tags":[],"class_list":["post-278","post","type-post","status-publish","format-standard","has-post-thumbnail","hentry","category-tous"],"_links":{"self":[{"href":"http:\/\/www.affinite.fr\/index.php\/wp-json\/wp\/v2\/posts\/278"}],"collection":[{"href":"http:\/\/www.affinite.fr\/index.php\/wp-json\/wp\/v2\/posts"}],"about":[{"href":"http:\/\/www.affinite.fr\/index.php\/wp-json\/wp\/v2\/types\/post"}],"author":[{"embeddable":true,"href":"http:\/\/www.affinite.fr\/index.php\/wp-json\/wp\/v2\/users\/1"}],"replies":[{"embeddable":true,"href":"http:\/\/www.affinite.fr\/index.php\/wp-json\/wp\/v2\/comments?post=278"}],"version-history":[{"count":0,"href":"http:\/\/www.affinite.fr\/index.php\/wp-json\/wp\/v2\/posts\/278\/revisions"}],"wp:featuredmedia":[{"embeddable":true,"href":"http:\/\/www.affinite.fr\/index.php\/wp-json\/wp\/v2\/media\/279"}],"wp:attachment":[{"href":"http:\/\/www.affinite.fr\/index.php\/wp-json\/wp\/v2\/media?parent=278"}],"wp:term":[{"taxonomy":"category","embeddable":true,"href":"http:\/\/www.affinite.fr\/index.php\/wp-json\/wp\/v2\/categories?post=278"},{"taxonomy":"post_tag","embeddable":true,"href":"http:\/\/www.affinite.fr\/index.php\/wp-json\/wp\/v2\/tags?post=278"}],"curies":[{"name":"wp","href":"https:\/\/api.w.org\/{rel}","templated":true}]}}