{"id":276,"date":"2020-03-05T10:28:37","date_gmt":"2020-03-05T10:28:37","guid":{"rendered":"https:\/\/www.affinite.fr\/index.php\/2020\/03\/05\/apple-renouvellerait-prochainement-ses-imac-et-mac-mini\/"},"modified":"2020-03-05T10:28:37","modified_gmt":"2020-03-05T10:28:37","slug":"apple-renouvellerait-prochainement-ses-imac-et-mac-mini","status":"publish","type":"post","link":"http:\/\/www.affinite.fr\/index.php\/2020\/03\/05\/apple-renouvellerait-prochainement-ses-imac-et-mac-mini\/","title":{"rendered":"Apple renouvellerait prochainement ses iMac et Mac mini"},"content":{"rendered":"<p> [ad_1]<br \/>\n<br \/><img decoding=\"async\" src=\"https:\/\/img.bfmtv.com\/i\/0\/0\/55e\/f40ee03b0c2be6a0975fd117ca05d.jpg\" \/><\/p>\n<div itemprop=\"articleBody\">\n                La parole du\u00a0<em>leaker\u00a0<\/em>CoinX est rare. \u00c0 vrai dire, depuis son premier tweet en septembre 2018, cet utilisateur myst\u00e9rieux n&rsquo;a parl\u00e9 que 12 fois. \u00c0 une exception pr\u00e8s, toutes ses informations sur Apple et ce, plusieurs mois avant leur officialisation par la marque californiennes, se sont finalement r\u00e9v\u00e9l\u00e9es correctes. CoinX annonce d\u00e9sormais le renouvellement prochain des iMac et Mac mini et donne son avis sur le futur appareil photo des iPad, sans communiquer de date de lancement.<\/p>\n<h3 style=\"color:#333; font-family:arial,helvetica,sans-serif; font-size:23px; font-weight:700\">Des informations tr\u00e8s pr\u00e9cises<\/h3>\n<p>Le 3\u00a0septembre 2018, CoinX tweetait pour la premi\u00e8re fois. Il d\u00e9voilait alors les noms des futurs iPhone, les\u00a0XS, XS Max et XR. Personne n&rsquo;en avait parl\u00e9 jusque-l\u00e0, ce qui sugg\u00e8re que cette personne est tr\u00e8s\u00a0bien inform\u00e9e. Quelques jours plus tard, il donnait le poids exact de l&rsquo;iPhone XS Max et mettait fin aux rumeurs\u00a0sur la pr\u00e9sence d&rsquo;un chargeur rapide dans la bo\u00eete du smartphone. En 2019, il voyait\u00a0juste sur l&rsquo;\u00e9paisseur des nouveaux iPad, l&rsquo;arriv\u00e9e de l&rsquo;iPad Air de 10,5 pouces\u00a0en compl\u00e9ment du nouvel iPad de 10,2 pouces, le retour de l&rsquo;iPad mini et l&rsquo;appellation\u00a0\u00ab Pro \u00bb des iPhone 11. Seule erreur, il avait annonc\u00e9 un\u00a0<em>One More Thing<\/em>\u00a0lors de la keynote de septembre&#8230;qui n&rsquo;a pas eu lieu.\u00a0<\/p>\n<aside class=\"bg-color-0 padding-inside-all-s bloc border-s\">\n<h4 class=\"box-txt-normal\">\n<p><strong>\u00c0 d\u00e9couvrir aussi en vid\u00e9o :<\/strong><\/p>\n<\/h4>\n<\/aside>\n<p>                Selon plusieurs rumeurs, Apple pr\u00e9voit d&rsquo;organiser une keynote fin mars. S&rsquo;il semble peu probable que cet \u00e9v\u00e9nement ait lieu en raison de l&rsquo;\u00e9pid\u00e9mie de coronavirus, on peut imaginer qu&rsquo;Apple envisageait de pr\u00e9senter ses nouveaux Mac \u00e0 cette occasion. \u00c0 la place, l&rsquo;entreprise pourrait renouveler ses ordinateurs par communiqu\u00e9s de presse, comme elle l&rsquo;a d\u00e9j\u00e0 fait par le pass\u00e9.<\/p><\/div>\n<p><script>\n         !function(f,b,e,v,n,t,s){if(f.fbq)return;n=f.fbq=function()\n         {n.callMethod? n.callMethod.apply(n,arguments):n.queue.push(arguments)}\n         ;if(!f._fbq)f._fbq=n;\n             n.push=n;n.loaded=!0;n.version='2.0';n.queue=[];t=b.createElement(e);t.async=!0;\n             t.src=v;s=b.getElementsByTagName(e)[0];s.parentNode.insertBefore(t,s)}(window,\n                 document,'script','https:\/\/connect.facebook.net\/en_US\/fbevents.js');\n         fbq('init', '1065890633454496');\n         fbq('track', 'PageView');\n     <\/script><br \/>\n<br \/>[ad_2]<br \/>\n<br \/><a href=\"https:\/\/www.01net.com\/actualites\/apple-renouvellerait-prochainement-ses-imac-et-mac-mini-1869510.html\">Source link <\/a><\/p>\n","protected":false},"excerpt":{"rendered":"<p>[ad_1] La parole du\u00a0leaker\u00a0CoinX est rare. \u00c0 vrai dire, depuis son premier tweet en septembre 2018, cet utilisateur myst\u00e9rieux n&rsquo;a &hellip; <a href=\"http:\/\/www.affinite.fr\/index.php\/2020\/03\/05\/apple-renouvellerait-prochainement-ses-imac-et-mac-mini\/\" class=\"more-link\">Plus <span class=\"screen-reader-text\">Apple renouvellerait prochainement ses iMac et Mac mini<\/span> <span class=\"meta-nav\">&rarr;<\/span><\/a><\/p>\n","protected":false},"author":1,"featured_media":277,"comment_status":"open","ping_status":"open","sticky":false,"template":"","format":"standard","meta":{"_sitemap_exclude":false,"_sitemap_priority":"","_sitemap_frequency":"","footnotes":""},"categories":[1],"tags":[],"class_list":["post-276","post","type-post","status-publish","format-standard","has-post-thumbnail","hentry","category-tous"],"_links":{"self":[{"href":"http:\/\/www.affinite.fr\/index.php\/wp-json\/wp\/v2\/posts\/276"}],"collection":[{"href":"http:\/\/www.affinite.fr\/index.php\/wp-json\/wp\/v2\/posts"}],"about":[{"href":"http:\/\/www.affinite.fr\/index.php\/wp-json\/wp\/v2\/types\/post"}],"author":[{"embeddable":true,"href":"http:\/\/www.affinite.fr\/index.php\/wp-json\/wp\/v2\/users\/1"}],"replies":[{"embeddable":true,"href":"http:\/\/www.affinite.fr\/index.php\/wp-json\/wp\/v2\/comments?post=276"}],"version-history":[{"count":0,"href":"http:\/\/www.affinite.fr\/index.php\/wp-json\/wp\/v2\/posts\/276\/revisions"}],"wp:featuredmedia":[{"embeddable":true,"href":"http:\/\/www.affinite.fr\/index.php\/wp-json\/wp\/v2\/media\/277"}],"wp:attachment":[{"href":"http:\/\/www.affinite.fr\/index.php\/wp-json\/wp\/v2\/media?parent=276"}],"wp:term":[{"taxonomy":"category","embeddable":true,"href":"http:\/\/www.affinite.fr\/index.php\/wp-json\/wp\/v2\/categories?post=276"},{"taxonomy":"post_tag","embeddable":true,"href":"http:\/\/www.affinite.fr\/index.php\/wp-json\/wp\/v2\/tags?post=276"}],"curies":[{"name":"wp","href":"https:\/\/api.w.org\/{rel}","templated":true}]}}