{"id":2751,"date":"2020-05-11T21:37:38","date_gmt":"2020-05-11T21:37:38","guid":{"rendered":"https:\/\/www.affinite.fr\/index.php\/2020\/05\/11\/alphabet-ne-construira-pas-son-quartier-intelligent-a-toronto\/"},"modified":"2020-05-11T21:37:38","modified_gmt":"2020-05-11T21:37:38","slug":"alphabet-ne-construira-pas-son-quartier-intelligent-a-toronto","status":"publish","type":"post","link":"http:\/\/www.affinite.fr\/index.php\/2020\/05\/11\/alphabet-ne-construira-pas-son-quartier-intelligent-a-toronto\/","title":{"rendered":"Alphabet ne construira pas son quartier intelligent \u00e0 Toronto"},"content":{"rendered":"<p> [ad_1]<br \/>\n<br \/><img decoding=\"async\" src=\"https:\/\/img.bfmtv.com\/i\/0\/0\/11c\/2443a8f6e89be0ef9d6b0a2059234.jpeg\" \/><\/p>\n<div itemprop=\"articleBody\">\n<p><a href=\"https:\/\/www.01net.com\/actualites\/alphabet-pret-a-construire-sa-smart-city-revee-a-toronto-1719623.html\" target=\"_blank\" rel=\"noopener noreferrer\">Quayside<\/a>, le quartier intelligent r\u00eav\u00e9 par Alphabet au Canada, ne verra pas le jour. La filiale Sidewalk du g\u00e9ant am\u00e9ricain a annonc\u00e9 en fin de semaine derni\u00e8re qu\u2019elle jetait l\u2019\u00e9ponge dans un post sur medium. La faute \u00e0 la pand\u00e9mie qui aurait provoqu\u00e9 <em>\u00ab\u00a0une incertitude \u00e9conomique sans pr\u00e9c\u00e9dent\u00a0\u00bb<\/em> et aurait rendu difficilement viable la <em>smart city<\/em>.<\/p>\n<h3 style=\"color:#333; font-family:arial,helvetica,sans-serif; font-size:23px; font-weight:700\">Le projet suscitait une forte contestation<\/h3>\n<p>Des explications qui n\u2019ont pas convaincu la presse am\u00e9ricaine, le <em>New York Times<\/em> en t\u00eate. Le journal souligne que ce chantier sur une friche portuaire \u00e0 l\u2019Est de Toronto suscitait une tr\u00e8s grande opposition locale. Les contestataires d\u00e9ploraient la privatisation d\u2019un espace public et s\u2019inqui\u00e9taient de l\u2019usage qu\u2019un acteur comme Alphabet pourrait faire des donn\u00e9es. Sidewalk avait du r\u00e9duire ses ambitions \u00e0 la suite de ces r\u00e9sistances et de la vigilance de l&rsquo;autorit\u00e9 publique Waterfront Toronto. Le projet n\u2019apparaissait plus si rentable.<\/p>\n<aside class=\"bg-color-0 padding-inside-all-s bloc border-s\">\n<h4 class=\"box-txt-normal\">\n<p><strong>A d\u00e9couvrir aussi en vid\u00e9o<\/strong><\/p>\n<\/h4>\n<\/aside>\n<p>La <a href=\"https:\/\/www.01net.com\/actualites\/smart-cities-quatre-projets-incroyables-pour-savoir-ce-que-nous-reservent-les-villes-du-futur-1797505.html\" target=\"_blank\" rel=\"noopener noreferrer\">smart city Quayside<\/a> devait comporter des chauss\u00e9es et espaces modulaires, des robots livrant des colis et jetant les ordures, des feux de signalisation parfaitement optimis\u00e9s suivant le trafic, de m\u00eame que des transports en commun adapt\u00e9s en direct aux mouvements de la population, le tout reposant sur une arm\u00e9e de capteurs. Un r\u00eave pour Alphabet mais le cauchemar d\u2019une soci\u00e9t\u00e9 de surveillance pour ses adversaires.<\/p>\n<p><strong>Sources :<\/strong> <a href=\"https:\/\/medium.com\/sidewalk-talk\/why-were-no-longer-pursuing-the-quayside-project-and-what-s-next-for-sidewalk-labs-9a61de3fee3a\" target=\"_blank\" rel=\"noopener noreferrer\">Sidewalk<\/a>, le <a href=\"https:\/\/www.nytimes.com\/2020\/05\/07\/world\/americas\/google-toronto-sidewalk-labs-abandoned.html\" target=\"_blank\" rel=\"noopener noreferrer\">New-York Times<\/a><\/p>\n<\/p><\/div>\n<p><script>\n         !function(f,b,e,v,n,t,s){if(f.fbq)return;n=f.fbq=function()\n         {n.callMethod? n.callMethod.apply(n,arguments):n.queue.push(arguments)}\n         ;if(!f._fbq)f._fbq=n;\n             n.push=n;n.loaded=!0;n.version='2.0';n.queue=[];t=b.createElement(e);t.async=!0;\n             t.src=v;s=b.getElementsByTagName(e)[0];s.parentNode.insertBefore(t,s)}(window,\n                 document,'script','https:\/\/connect.facebook.net\/en_US\/fbevents.js');\n         fbq('init', '1065890633454496');\n         fbq('track', 'PageView');\n     <\/script><br \/>\n<br \/>[ad_2]<br \/>\n<br \/><a href=\"https:\/\/www.01net.com\/actualites\/alphabet-ne-construira-pas-son-quartier-intelligent-a-toronto-1912154.html\">Source link <\/a><\/p>\n","protected":false},"excerpt":{"rendered":"<p>[ad_1] Quayside, le quartier intelligent r\u00eav\u00e9 par Alphabet au Canada, ne verra pas le jour. La filiale Sidewalk du g\u00e9ant &hellip; <a href=\"http:\/\/www.affinite.fr\/index.php\/2020\/05\/11\/alphabet-ne-construira-pas-son-quartier-intelligent-a-toronto\/\" class=\"more-link\">Plus <span class=\"screen-reader-text\">Alphabet ne construira pas son quartier intelligent \u00e0 Toronto<\/span> <span class=\"meta-nav\">&rarr;<\/span><\/a><\/p>\n","protected":false},"author":1,"featured_media":2752,"comment_status":"open","ping_status":"open","sticky":false,"template":"","format":"standard","meta":{"_sitemap_exclude":false,"_sitemap_priority":"","_sitemap_frequency":"","footnotes":""},"categories":[1],"tags":[],"class_list":["post-2751","post","type-post","status-publish","format-standard","has-post-thumbnail","hentry","category-tous"],"_links":{"self":[{"href":"http:\/\/www.affinite.fr\/index.php\/wp-json\/wp\/v2\/posts\/2751"}],"collection":[{"href":"http:\/\/www.affinite.fr\/index.php\/wp-json\/wp\/v2\/posts"}],"about":[{"href":"http:\/\/www.affinite.fr\/index.php\/wp-json\/wp\/v2\/types\/post"}],"author":[{"embeddable":true,"href":"http:\/\/www.affinite.fr\/index.php\/wp-json\/wp\/v2\/users\/1"}],"replies":[{"embeddable":true,"href":"http:\/\/www.affinite.fr\/index.php\/wp-json\/wp\/v2\/comments?post=2751"}],"version-history":[{"count":0,"href":"http:\/\/www.affinite.fr\/index.php\/wp-json\/wp\/v2\/posts\/2751\/revisions"}],"wp:featuredmedia":[{"embeddable":true,"href":"http:\/\/www.affinite.fr\/index.php\/wp-json\/wp\/v2\/media\/2752"}],"wp:attachment":[{"href":"http:\/\/www.affinite.fr\/index.php\/wp-json\/wp\/v2\/media?parent=2751"}],"wp:term":[{"taxonomy":"category","embeddable":true,"href":"http:\/\/www.affinite.fr\/index.php\/wp-json\/wp\/v2\/categories?post=2751"},{"taxonomy":"post_tag","embeddable":true,"href":"http:\/\/www.affinite.fr\/index.php\/wp-json\/wp\/v2\/tags?post=2751"}],"curies":[{"name":"wp","href":"https:\/\/api.w.org\/{rel}","templated":true}]}}