{"id":2745,"date":"2020-05-11T18:34:04","date_gmt":"2020-05-11T18:34:04","guid":{"rendered":"https:\/\/www.affinite.fr\/index.php\/2020\/05\/11\/comment-fonctionnent-les-nouvelles-attestations-de-deplacement\/"},"modified":"2020-05-11T18:34:04","modified_gmt":"2020-05-11T18:34:04","slug":"comment-fonctionnent-les-nouvelles-attestations-de-deplacement","status":"publish","type":"post","link":"http:\/\/www.affinite.fr\/index.php\/2020\/05\/11\/comment-fonctionnent-les-nouvelles-attestations-de-deplacement\/","title":{"rendered":"comment fonctionnent les nouvelles attestations de d\u00e9placement ?"},"content":{"rendered":"<p> [ad_1]<br \/>\n<\/p>\n<div itemprop=\"articleBody\">\n<p>\u00c0 partir d&rsquo;aujourd&rsquo;hui,\u00a011\u00a0mai, \u00ab\u00a0<em>il <\/em>[est]<em> possible de sortir librement dans la rue sans attestation<\/em>\u00a0\u00bb, a d\u00e9clar\u00e9 Christophe Castaner, jeudi 7 mai, lors de la pr\u00e9sentation du plan de d\u00e9confinement du gouvernement.<br \/>Le ministre de l\u2019Int\u00e9rieur a pr\u00e9cis\u00e9 que cela ne sera possible que dans <a href=\"https:\/\/www.01net.com\/astuces\/deconfinement-comment-calculer-le-perimetre-de-100-km-a-vol-d-oiseau-autour-de-chez-vous-1905049.html\" target=\"_blank\" rel=\"noopener noreferrer\">la limite de 100\u00a0km \u00ab\u00a0<em>\u00e0 vol d\u2019oiseau<\/em>\u00a0\u00bb <\/a>autour du\u00a0domicile. Le site de la gendarmerie nationale ajoute \u00ab<em> ou plus loin, mais en restant au sein de son d\u00e9partement<\/em>\u00a0\u00bb.<br \/>Si vous sortez de cette zone, partout en France, vous devrez remplir une attestation d\u00e9rogatoire. Mais si vous restez dans un rayon de 100km et que\u00a0vous \u00eates contr\u00f4l\u00e9, \u00ab\u00a0<em>un simple justificatif de domicile<\/em>\u00a0\u00bb vous sera demand\u00e9&#8230;<br \/>Sauf, en Ile-de-France, dans les transports en commun pendant les heures de pointe, o\u00f9 un\u00a0dispositif exceptionnel a \u00e9t\u00e9 mis en place pour des raisons de forte fr\u00e9quentation du r\u00e9seau RATP et des risques sanitaires li\u00e9s au Covid-19. Ainsi, de 6 h 30 \u00e0 9 h 30 et de 16 \u00e0 19 heures, vous devrez vous munir d&rsquo;une attestation. Il en existe deux mod\u00e8les.\u00a0<\/p>\n<ol\/>\n<figure class=\"figure text-center\"><img decoding=\"async\" class=\"article-img img-responsive-l\" src=\"https:\/\/img.bfmtv.com\/c\/0\/708\/e3f\/1beef02bcb6185f5e1e7a288dce43.png\" alt=\"\"\/><figcaption class=\"figure-caption figcaption color-txt-0 title-xs hidden-xs\">\n                                    Gouvernement<br \/>\n                                                    &#8211;<br \/>\n                            <\/figcaption><\/figure>\n<h3 style=\"color:#333; font-family:arial,helvetica,sans-serif; font-size:23px; font-weight:700\">Des attestations sp\u00e9cifiques en Ile-de-France<\/h3>\n<p>En plus du port obligatoire du masque, seule l&rsquo;\u00cele-de-France (zone rouge) exige donc pour l&rsquo;instant une attestation \u00e0 certaines tranches horaires pour \u00ab\u00a0<em>l\u2019acc\u00e8s aux transports publics collectifs<\/em> [\u2026] <em>et \u00e0 leurs espaces attenants<\/em>\u00a0\u00bb.<br \/>D\u2019apr\u00e8s le site de la r\u00e9gion, pour \u00e9viter l&rsquo;engorgement des heures de pointe et faire respecter les mesures d\u2019hygi\u00e8ne et de distanciation sociale, \u00ab\u00a0<em>entre 6 h 30 et 9 h 30 et entre 16 h 00 et 19 h 00, l&rsquo;acc\u00e8s est r\u00e9serv\u00e9 aux personnes se d\u00e9pla\u00e7ant pour l\u2019un des motifs suivants<\/em>\u00a0\u00bb<em>\u00a0<\/em>:\u00a0<\/p>\n<blockquote>\n<ol>\n<li>le <strong>travail,<\/strong> soit <em>\u00ab\u00a0les trajets entre le lieu de r\u00e9sidence et le ou les lieux d\u2019exercice de l\u2019activit\u00e9 professionnelle, et les d\u00e9placements professionnels insusceptibles d\u2019\u00eatre diff\u00e9r\u00e9s\u00a0\u00bb<\/em> ;\u00a0<\/li>\n<li><strong>l\u2019\u00e9cole,\u00a0<\/strong> autrement dit <em>\u00ab\u00a0les trajets entre le lieu de r\u00e9sidence et l\u2019\u00e9tablissement scolaire effectu\u00e9s par une personne qui y est scolaris\u00e9e ou qui accompagne une personne scolaris\u00e9e et les trajets n\u00e9cessaires pour se rendre \u00e0 des examens ou des concours\u00a0\u00bb<\/em>\u00a0;<\/li>\n<li>la <strong>sant\u00e9<\/strong> pour les <em>\u00ab\u00a0consultations et soins sp\u00e9cialis\u00e9s ne pouvant \u00eatre assur\u00e9s \u00e0 distance ou \u00e0 proximit\u00e9 du domicile\u00a0\u00bb <\/em>;<\/li>\n<li>la <strong>famille<\/strong> <em>\u00ab\u00a0pour motif familial imp\u00e9rieux, pour l\u2019assistance aux personnes vuln\u00e9rables et pour la garde d\u2019enfants\u00a0\u00bb<\/em> ;<\/li>\n<li>les <strong>services policiers<\/strong> du fait <em>\u00ab\u00a0d\u2019une obligation de pr\u00e9sentation aux services de police ou de gendarmerie nationales<\/em> [&#8230;]<em>, impos\u00e9e par l\u2019autorit\u00e9 de police administrative ou l\u2019autorit\u00e9 judiciaire\u00a0\u00bb<\/em> ;<\/li>\n<li>la <strong>justice<\/strong> r\u00e9sultant <em>\u00ab\u00a0d\u2019une convocation \u00e9manant d\u2019une juridiction administrative ou de l\u2019autorit\u00e9 judiciaire\u00a0\u00bb<\/em> ;<\/li>\n<li>les <strong>activit\u00e9s caritatives<\/strong> qui impliquent <em>\u00ab\u00a0des d\u00e9placements aux seules fins de participer \u00e0 des missions d\u2019int\u00e9r\u00eat g\u00e9n\u00e9ral sur demande de l\u2019autorit\u00e9 administrative et dans les conditions qu\u2019elle pr\u00e9cise\u00a0\u00bb<\/em>.<\/li>\n<\/ol>\n<\/blockquote>\n<h3 style=\"color:#333; font-family:arial,helvetica,sans-serif; font-size:23px; font-weight:700\">Qui a besoin de quoi ?<\/h3>\n<p>Pour <strong>justifier votre d\u00e9placement\u00a0vous devrez remplir l&rsquo;une des deux attestations cr\u00e9\u00e9e par la r\u00e9gion Ile-de-France<\/strong>.\u00a0<\/p>\n<p><strong>Premier cas de figure<\/strong> :\u00a0vous \u00eates salari\u00e9 et\u00a0vous prenez les transports pour aller travailler\u00a0(motif 1), votre employeur\u00a0devra\u00a0remplir une attestation sp\u00e9cifique disponible ici [<a href=\"https:\/\/www.prefectures-regions.gouv.fr\/ile-de-france\/content\/download\/69388\/451303\/file\/attestation%20professionnelle-PDF_VF.pdf\u00a0\" target=\"_blank\" rel=\"noopener noreferrer\">PDF<\/a>]. Vous en trouverez un aper\u00e7u dans l&rsquo;image ci-dessous.<\/p>\n<figure class=\"figure text-center\"><img decoding=\"async\" class=\"article-img img-responsive-l\" src=\"https:\/\/img.bfmtv.com\/c\/0\/708\/bcf\/878c2fc607d7163af2d608eaac997.png\" alt=\"Capture d\u2019e\u0301cran 2020-05-11 a\u0300 13.06.34.png\"\/><figcaption class=\"figure-caption figcaption color-txt-0 title-xs hidden-xs\">\n                                    R\u00e9gion Ile de France<br \/>\n                                                    &#8211; Capture d&rsquo;\u00e9cran de l&rsquo;attestation employeur en IDF.<br \/>\n                            <\/figcaption><\/figure>\n<p style=\"color:#333; font-family:arial,helvetica,sans-serif; font-size:18px\"><strong>Deuxi\u00e8me cas de figure<\/strong> : si vous souhaitez prendre les transports de\u00a06 h 30 \u00e0 9 h 30 et de 16 \u00e0 19 heures pour un tout autre motif que professionnel, vous devrez remplir, cette fois, l&rsquo;attestation g\u00e9n\u00e9rique [<a href=\"https:\/\/www.prefectures-regions.gouv.fr\/ile-de-france\/content\/download\/69382\/451279\/file\/Auto-attestation_VF.pdf\" target=\"_blank\" rel=\"noopener noreferrer\">PDF<\/a>].<\/p>\n<p style=\"color:#333; font-family:arial,helvetica,sans-serif; font-size:18px\">Comme celle en place pendant le confinement, <strong>tout est bas\u00e9 sur le principe du d\u00e9claratif<\/strong>.\u00a0Par exemple, vous devez vous rendre \u00e0 17 heures \u00e0 un rendez-vous m\u00e9dical, \u00e0 l&rsquo;autre bout de la capitale, vous cocherez alors la case num\u00e9ro 3 et ainsi vous pourrez prendre les transports en commun sans probl\u00e8me.\u00a0<\/p>\n<p style=\"color:#333; font-family:arial,helvetica,sans-serif; font-size:18px\">Pour <strong>les\u00a0auto-entrepreneurs ou les travailleurs ind\u00e9pendants<\/strong> &#8211; donc sans employeur mais dont le d\u00e9placement reste professionnel &#8211;\u00a0il suffit de remplir l&rsquo;attestation g\u00e9n\u00e9rique et de cocher le motif 1. Ci-dessous, vous avez un aper\u00e7u de l&rsquo;attestation en question.\u00a0<\/p>\n<figure class=\"figure text-center\"><img decoding=\"async\" class=\"article-img img-responsive-l\" src=\"https:\/\/img.bfmtv.com\/c\/0\/708\/f31\/71a792f324c38b850cd8f22eda993.png\" alt=\"\"\/><figcaption class=\"figure-caption figcaption color-txt-0 title-xs hidden-xs\"\/><\/figure>\n<aside class=\"bg-color-0 padding-inside-all-s bloc border-s\">\n<h4 class=\"box-txt-normal\">\n<p><strong>\u00c0 d\u00e9couvrir aussi en vid\u00e9o<\/strong><\/p>\n<\/h4>\n<\/aside>\n<h3 style=\"color:#333; font-family:arial,helvetica,sans-serif; font-size:23px; font-weight:700\">Jusqu&rsquo;au 10 juillet 2020<\/h3>\n<p><strong>Est-ce qu\u2019il faut renouveler son\u00a0attestation \u00e0 chaque d\u00e9placement ?<\/strong> Cela\u00a0d\u00e9pend du motif.<\/p>\n<blockquote>\n<p>\u00ab\u00a0<em>Pour les d\u00e9placements r\u00e9currents r\u00e9pondant aux motifs 1 et 2 (d\u00e9placements professionnels et scolaires), les attestations peuvent \u00eatre d\u00e9finies pour la dur\u00e9e d\u2019\u00e9tat d\u2019urgence sanitaire, sauf \u00e9volution de la situation sanitaire<\/em>\u00a0\u00bb, d\u00e9taille la pr\u00e9fecture de la r\u00e9gion Ile-de-France.<\/p>\n<\/blockquote>\n<p>La dur\u00e9e de cet \u00e9tat d&rsquo;urgence sanitaire a \u00e9t\u00e9 prolong\u00e9 jusqu&rsquo;au 10 juillet 2020 inclus, apr\u00e8s le vote du Parlement du 9 mai. Dans ce cas-l\u00e0, vous n&rsquo;aurez qu&rsquo;\u00e0 pr\u00e9ciser la date butoir sur votre attestation.\u00a0<\/p>\n<p><strong>Sont-elles disponibles sur smartphone ?<\/strong> Concernant le format, ces attestations devront \u00eatre imprim\u00e9es ou recopi\u00e9es. Aucune attestation num\u00e9rique n&rsquo;a \u00e9t\u00e9 pour l&rsquo;instant publi\u00e9e. Mais, \u00ab<em>\u00a0la r\u00e9gion \u00cele-de-France a demand\u00e9 un format num\u00e9rique<\/em>\u00a0\u00bb, nous explique-t-on par mail.\u00a0<\/p>\n<h3 style=\"color:#333; font-family:arial,helvetica,sans-serif; font-size:23px; font-weight:700\">Des coupons d&rsquo;acc\u00e8s pour les TER<\/h3>\n<p>Si la situation dans les transports en commun franciliens est tendue, cela d\u00e9passe largement le r\u00e9seau francilien.\u00a0Dans <strong>le cas o\u00f9\u00a0vous devez d\u00e9passer les 100 km autour de votre r\u00e9sidence et\u00a0prendre le TER<\/strong>, plusieurs dispositions ont \u00e9t\u00e9 mises en place par la SNCF selon les r\u00e9gions.<\/p>\n<p>En\u00a0<a href=\"https:\/\/www.ter.sncf.com\/bourgogne-franche-comte\/offres\/coupon-acces-ligne-dijon-dole-besancon\" target=\"_blank\" rel=\"noopener noreferrer\">Bourgogne Franche Comt\u00e9<\/a>, <a href=\"https:\/\/www.ter.sncf.com\/centre-val-de-loire\/horaires\/coronavirus\/covid-coupon-acces\" target=\"_blank\" rel=\"noopener noreferrer\">Centre Val de Loire<\/a>, <a href=\"https:\/\/www.ter.sncf.com\/hauts-de-france\/horaires\/coronavirus\/coupon-acces\" target=\"_blank\" rel=\"noopener noreferrer\">Hauts de France<\/a>, <a href=\"https:\/\/www.ter.sncf.com\/normandie\/offres\/coupon-acces\" target=\"_blank\" rel=\"noopener noreferrer\">Normandie<\/a> et <a href=\"https:\/\/www.ter.sncf.com\/occitanie\/offres\/coronavirus\/coupon-acces\" target=\"_blank\" rel=\"noopener noreferrer\">Occitanie<\/a>,\u00a0pour acc\u00e9der \u00e0 certains trains, vous devez donc vous munir obligatoirement\u00a0d&rsquo;un \u00ab <em>coupon d&rsquo;acc\u00e8s<\/em> \u00bb disponible gratuitement sur le site de la SNCF trois jours avant votre d\u00e9part. L&rsquo;objectif est de limiter l&rsquo;affluence dans les trains (en nombre r\u00e9duit) qui circuleront.\u00a0<\/p>\n<blockquote>\n<p>\u00ab <em>C&rsquo;est un syst\u00e8me contraignant mais c&rsquo;est le prix de la s\u00e9curit\u00e9\u00a0<\/em>\u00bb, a d\u00e9clar\u00e9 Franck Dhersin, le vice-pr\u00e9sident de la r\u00e9gion Hauts-de-France charg\u00e9 des transports\u00a0au micro d&rsquo;<a href=\"https:\/\/www.europe1.fr\/societe\/le-prix-de-la-securite-des-coupons-de-reservation-obligatoires-pour-les-ter-de-certaines-regions-3967025\" target=\"_blank\" rel=\"noopener noreferrer\"><em>Europe 1<\/em><\/a>. \u00ab\u00a0<em>Tout le monde n&rsquo;aura pas de coupon puisque seulement 20 % des trajets sont assur\u00e9s<\/em> \u00bb, pr\u00e9vient-il.\u00a0<\/p>\n<\/blockquote>\n<p><strong>Comment savoir si vous \u00eates concern\u00e9s\u00a0?<\/strong> Vous devez c<span>onsulter\u00a0la carte des lignes soumises au coupon d&rsquo;acc\u00e8s, sur le site SNCF de votre r\u00e9gion &#8211; les liens selon les territoires sont dans le pr\u00e9c\u00e9dent paragraphe.<br \/>Ci-dessous,\u00a0voici l&rsquo;exemple du plan des lignes de la r\u00e9gion Hauts de France concern\u00e9es par le dispositif. Une fois que vous savez si votre train exige un coupon d&rsquo;acc\u00e8s, vo<\/span>us devez le r\u00e9server\u00a0en indiquant le jour et l&rsquo;horaire de votre voyage.<br \/>Enfin, vous le t\u00e9l\u00e9chargerez gratuitement ou l&rsquo;importerez sur votre application <a href=\"https:\/\/www.sncf.com\/fr\/itineraire-reservation\/informations-trafic\/application-sncf\" target=\"_blank\" rel=\"noopener noreferrer\">Assistant SNCF<\/a>.\u00a0<\/p>\n<figure class=\"figure text-center\"><img decoding=\"async\" class=\"article-img img-responsive-l\" src=\"https:\/\/img.bfmtv.com\/c\/0\/708\/7ac\/b6c8ee9ba000b6ab0a09ddf2818d3.png\" alt=\"\"\/><figcaption class=\"figure-caption figcaption color-txt-0 title-xs hidden-xs\">\n                                    SNCF Hauts de France<br \/>\n                                                    &#8211;<br \/>\n                            <\/figcaption><\/figure>\n<h3 style=\"color:#333; font-family:arial,helvetica,sans-serif; font-size:23px; font-weight:700\">Rien pour les v\u00e9los\u00a0et les voitures<\/h3>\n<p>Au contraire, <strong>si vous n&#8217;empruntez pas les transports en commun <\/strong>car vous avez une voiture, un <a href=\"https:\/\/www.01net.com\/actualites\/ile-de-france-comment-beneficier-de-l-aide-de-500-euros-pour-l-achat-d-un-velo-electrique-1903321.html\" target=\"_blank\" rel=\"noopener noreferrer\">v\u00e9lo<\/a> ou une <a href=\"https:\/\/www.01net.com\/actualites\/deconfinement-les-trottinettes-lime-sont-a-nouveau-en-libre-service-1911950.html\" target=\"_blank\" rel=\"noopener noreferrer\">trottinette<\/a>\u00a0dans un rayon de 100 km autour de chez vous, <strong>vous n&rsquo;avez besoin de rien si ce n&rsquo;est d&rsquo;un justificatif de domicile<\/strong> (une facture de moins de trois mois, une pi\u00e8ce d&rsquo;identit\u00e9, etc.). Dans ce cas, la\u00a0nouvelle formule est plut\u00f4t simplifi\u00e9e &#8211; quoique conditionn\u00e9e \u00e0 la couleur de votre d\u00e9partement.\u00a0<\/p>\n<p>Mais, <strong>si vous devez vous rendre au-del\u00e0<\/strong>, il vous faudra remplir une<a href=\"https:\/\/media.interieur.gouv.fr\/deplacement-covid-19\/\" target=\"_blank\" rel=\"noopener noreferrer\">\u00a0nouvelle attestation<\/a> calqu\u00e9e sur le <a href=\"https:\/\/www.01net.com\/actualites\/confinement-que-voient-les-policiers-lorsqu-ils-scannent-votre-attestation-numerique-1899484.html\" target=\"_blank\" rel=\"noopener noreferrer\">format de l\u2019ancienne<\/a>, \u00ab<em>\u00a0invoquant un motif professionnel ou familial imp\u00e9rieux<\/em>\u00a0\u00bb.<br \/><strong>Celle-ci est nationale<\/strong> et concerne l&rsquo;ensemble du territoire fran\u00e7ais puisqu&rsquo;elle est g\u00e9n\u00e9r\u00e9e par le minist\u00e8re de l&rsquo;Int\u00e9rieur. Concernant le support, <strong>il est toujours possible l&rsquo;obtenir sur son smartphone \u00e0 partir du site du minist\u00e8re de l&rsquo;Int\u00e9rieur, mais aussi de la recopier ou de l&rsquo;imprimer<\/strong>.\u00a0<\/p>\n<h3 style=\"color:#333; font-family:arial,helvetica,sans-serif; font-size:23px; font-weight:700\">Des contr\u00f4les \u00ab p\u00e9dagogiques \u00bb<\/h3>\n<p>N\u00e9anmoins, le\u00a0port de ces attestations, notamment de celles\u00a0sp\u00e9cialement requises dans les transports en commun franciliens, n&rsquo;est pas encore entr\u00e9\u00a0en vigueur.\u00a0<br \/>Les 11 et 12 mai, les contr\u00f4les seront effectu\u00e9s partout en France \u00e0 titre \u00ab\u00a0<em>p\u00e9dagogique<\/em>\u00a0\u00bb &#8211; comme un aveu de la complexit\u00e9 induite par le dispositif et les attestations qui s&rsquo;accumulent.<\/p>\n<blockquote>\n<p>En guise d\u2019avertissement, des\u00a0\u00ab\u00a0<em>contr\u00f4les seront organis\u00e9s dans les gares, les a\u00e9rogares ou sur certains tron\u00e7ons d&rsquo;autoroutes et de routes \u00e0 grandes circulation. Ils pourront l&rsquo;\u00eatre aussi \u00e0 l&rsquo;arriv\u00e9e des destinations touristiques<\/em>\u00a0\u00bb, a pr\u00e9venu Christophe Castaner.<\/p>\n<\/blockquote>\n<p>En cas de non-respect des mesures, la sanction demeurera la m\u00eame a annonc\u00e9 le ministre\u00a0:<\/p>\n<blockquote>\n<p>\u00ab\u00a0<em>Le montant de l&rsquo;amende ne change pas, 135\u00a0euros, susceptibles d&rsquo;augmenter en cas de r\u00e9cidive.<\/em>\u00a0\u00bb<\/p>\n<\/blockquote>\n<p>Pour l\u2019instant aucun d\u00e9tail n\u2019a \u00e9t\u00e9 communiqu\u00e9 sur la potentielle augmentation des tarifs.\u00a0Toutes ces dispositions seront ancr\u00e9es dans le cadre l\u00e9gislatif fran\u00e7ais\u00a0d\u00e8s que <a href=\"https:\/\/www.01net.com\/actualites\/anonymat-respect-des-libertes-comment-va-fonctionner-le-fichier-contact-covid-1912004.html\" target=\"_blank\" rel=\"noopener noreferrer\">le projet de loi d&rsquo;urgence sanitaire<\/a>, valid\u00e9 par le Parlement, sera pass\u00e9 par le Conseil constitutionnel.\u00a0<\/p>\n<p><strong>Sources<\/strong> :\u00a0<a href=\"https:\/\/www.gendarmerie.interieur.gouv.fr\/Zooms\/Deconfinement-une-nouvelle-attestation-pour-depasser-les-100-km\" target=\"_blank\" rel=\"noopener noreferrer\">Minist\u00e8re de l&rsquo;Int\u00e9rieur<\/a>,\u00a0<a href=\"https:\/\/www.prefectures-regions.gouv.fr\/ile-de-france\/Region-et-institutions\/L-action-de-l-Etat\/Amenagement-du-territoire-transport-et-environnement\/Les-transports-du-quotidien\/Deconfinement-les-attestations-pour-se-deplacer-dans-les-transports-en-commun-en-heure-de-pointe\" target=\"_blank\" rel=\"noopener noreferrer\">r\u00e9gion Ile-de-France<\/a>,\u00a0<a href=\"https:\/\/www.gouvernement.fr\/info-coronavirus\/strategie-de-deconfinement\" target=\"_blank\" rel=\"noopener noreferrer\">gouvernement<\/a>.<\/p>\n<\/p><\/div>\n<p><script>\n         !function(f,b,e,v,n,t,s){if(f.fbq)return;n=f.fbq=function()\n         {n.callMethod? n.callMethod.apply(n,arguments):n.queue.push(arguments)}\n         ;if(!f._fbq)f._fbq=n;\n             n.push=n;n.loaded=!0;n.version='2.0';n.queue=[];t=b.createElement(e);t.async=!0;\n             t.src=v;s=b.getElementsByTagName(e)[0];s.parentNode.insertBefore(t,s)}(window,\n                 document,'script','https:\/\/connect.facebook.net\/en_US\/fbevents.js');\n         fbq('init', '1065890633454496');\n         fbq('track', 'PageView');\n     <\/script><br \/>\n<br \/>[ad_2]<br \/>\n<br \/><a href=\"https:\/\/www.01net.com\/astuces\/deconfinement-comment-fonctionnent-les-nouvelles-attestations-de-deplacement-1912028.html\">Source link <\/a><\/p>\n","protected":false},"excerpt":{"rendered":"<p>[ad_1] \u00c0 partir d&rsquo;aujourd&rsquo;hui,\u00a011\u00a0mai, \u00ab\u00a0il [est] possible de sortir librement dans la rue sans attestation\u00a0\u00bb, a d\u00e9clar\u00e9 Christophe Castaner, jeudi &hellip; <a href=\"http:\/\/www.affinite.fr\/index.php\/2020\/05\/11\/comment-fonctionnent-les-nouvelles-attestations-de-deplacement\/\" class=\"more-link\">Plus <span class=\"screen-reader-text\">comment fonctionnent les nouvelles attestations de d\u00e9placement ?<\/span> <span class=\"meta-nav\">&rarr;<\/span><\/a><\/p>\n","protected":false},"author":1,"featured_media":2746,"comment_status":"open","ping_status":"open","sticky":false,"template":"","format":"standard","meta":{"_sitemap_exclude":false,"_sitemap_priority":"","_sitemap_frequency":"","footnotes":""},"categories":[1],"tags":[],"class_list":["post-2745","post","type-post","status-publish","format-standard","has-post-thumbnail","hentry","category-tous"],"_links":{"self":[{"href":"http:\/\/www.affinite.fr\/index.php\/wp-json\/wp\/v2\/posts\/2745"}],"collection":[{"href":"http:\/\/www.affinite.fr\/index.php\/wp-json\/wp\/v2\/posts"}],"about":[{"href":"http:\/\/www.affinite.fr\/index.php\/wp-json\/wp\/v2\/types\/post"}],"author":[{"embeddable":true,"href":"http:\/\/www.affinite.fr\/index.php\/wp-json\/wp\/v2\/users\/1"}],"replies":[{"embeddable":true,"href":"http:\/\/www.affinite.fr\/index.php\/wp-json\/wp\/v2\/comments?post=2745"}],"version-history":[{"count":0,"href":"http:\/\/www.affinite.fr\/index.php\/wp-json\/wp\/v2\/posts\/2745\/revisions"}],"wp:featuredmedia":[{"embeddable":true,"href":"http:\/\/www.affinite.fr\/index.php\/wp-json\/wp\/v2\/media\/2746"}],"wp:attachment":[{"href":"http:\/\/www.affinite.fr\/index.php\/wp-json\/wp\/v2\/media?parent=2745"}],"wp:term":[{"taxonomy":"category","embeddable":true,"href":"http:\/\/www.affinite.fr\/index.php\/wp-json\/wp\/v2\/categories?post=2745"},{"taxonomy":"post_tag","embeddable":true,"href":"http:\/\/www.affinite.fr\/index.php\/wp-json\/wp\/v2\/tags?post=2745"}],"curies":[{"name":"wp","href":"https:\/\/api.w.org\/{rel}","templated":true}]}}