{"id":2744,"date":"2020-05-11T17:31:56","date_gmt":"2020-05-11T17:31:56","guid":{"rendered":"https:\/\/www.affinite.fr\/index.php\/2020\/05\/11\/les-iphone-12-pro-pourraient-embarquer-un-ecran-120-hz-et-ameliorer-encore-face-id\/"},"modified":"2020-05-11T17:31:56","modified_gmt":"2020-05-11T17:31:56","slug":"les-iphone-12-pro-pourraient-embarquer-un-ecran-120-hz-et-ameliorer-encore-face-id","status":"publish","type":"post","link":"http:\/\/www.affinite.fr\/index.php\/2020\/05\/11\/les-iphone-12-pro-pourraient-embarquer-un-ecran-120-hz-et-ameliorer-encore-face-id\/","title":{"rendered":"Les iPhone 12 Pro pourraient embarquer un \u00e9cran 120 Hz et am\u00e9liorer encore Face ID"},"content":{"rendered":"<p> [ad_1]<br \/>\n<br \/><img decoding=\"async\" src=\"https:\/\/img.bfmtv.com\/i\/0\/0\/ffd\/4c26eb7ff65d24289f3814144bf85.jpeg\" \/><\/p>\n<div itemprop=\"articleBody\">\n<p>Selon le site <em>9to5mac<\/em>, les prochains smartphones haut de gamme d\u2019Apple, dont on ne sait <a href=\"https:\/\/www.01net.com\/actualites\/apple-retarderait-la-production-de-ses-iphone-5g-mais-peut-etre-pas-leur-lancement-1902427.html\" target=\"_blank\" rel=\"noopener noreferrer\">s\u2019ils pourront \u00eatre annonc\u00e9s en septembre<\/a> comme chaque ann\u00e9e, pourraient embarquer un \u00e9cran 120 Hz. Apple adapterait donc \u00e0 ses t\u00e9l\u00e9phones la technologies Pro Motion qui est d\u00e9j\u00e0 pr\u00e9sente sur les iPad Pro depuis plusieurs g\u00e9n\u00e9rations.<\/p>\n<p>Les iPhone 12 Pro pourraient ainsi changer dynamiquement la fr\u00e9quence d\u2019affichage de leur dalle de 6,1 et 6,7 pouces, passant de 60 \u00e0 120 Hz, en fonction des besoins et contenus affich\u00e9s.<\/p>\n<p>Mais l\u2019\u00e9cran ne serait pas le seul \u00e9l\u00e9ment am\u00e9lior\u00e9. La batterie du 12 Pro Max pourrait d\u00e9passer les 4400 mAh, alors que celle du <a href=\"https:\/\/www.01net.com\/tests\/test-de-l-iphone-11-pro-max-pour-son-smartphone-grand-format-apple-voit-vraiment-grand-6321.html\">11 Pro Max<\/a> n\u2019atteint que 3969 mAh. Cette augmentation significative de la capacit\u00e9 de la batterie pourrait permettre soit d\u2019accro\u00eetre l\u2019autonomie de la g\u00e9n\u00e9ration actuelle, qui est d\u00e9j\u00e0 excellente, soit de compenser la surconsommation de la dalle 120 Hz.<\/p>\n<aside class=\"bg-color-0 padding-inside-all-s bloc border-s\">\n<h4 class=\"box-txt-normal\">\n<p><strong>A d\u00e9couvrir aussi en vid\u00e9o<\/strong><\/p>\n<\/h4>\n<\/aside>\n<p>Sans parler des effets collat\u00e9raux de la puce 5G, les modems actuels ayant tendance \u00e0 consommer plus que leurs homologues 4G.<\/p>\n<p>Selon <em>EverythingApplePro<\/em>, cit\u00e9 par <em>9to5mac<\/em>, en plus d\u2019une encoche plus petite, les iPhone 12 devraient b\u00e9n\u00e9ficier d\u2019une nouvelle cam\u00e9ra Face ID, capable de fonctionner avec un angle de vision plus large, ce qui permettrait de d\u00e9verrouiller l\u2019iPhone plus facilement.<\/p>\n<p>A l\u2019arri\u00e8re le nouveau LIDAR, sans doute proche de celui int\u00e9gr\u00e9 dans le dernier mod\u00e8le d\u2019iPad Pro, devrait am\u00e9liorer aussi bien les photos en mode portrait que l\u2019exp\u00e9rience en r\u00e9alit\u00e9 augment\u00e9e.<\/p>\n<p>Enfin, le t\u00e9l\u00e9objectif de l\u2019iPhone 12 Pro pourrait \u00eatre, lui aussi, am\u00e9lior\u00e9 pour offrir un zoom x3, sans recourir au zoom num\u00e9rique qui d\u00e9t\u00e9riore la qualit\u00e9 du rendu puisqu\u2019il taille dans l\u2019image de base.<\/p>\n<p>Apple devrait cette ann\u00e9e lancer quatre mod\u00e8les d\u2019iPhone, tous devraient \u00eatre \u00e9quip\u00e9s d\u2019une puce 5G. Ils pourraient \u00eatre annonc\u00e9s en septembre et commercialis\u00e9s plus tard, \u00e0 cause de d\u00e9lais de production li\u00e9s \u00e0 la crise sanitaire mondiale.<\/p>\n<p><strong>Source\u00a0: <\/strong><a href=\"https:\/\/9to5mac.com\/2020\/05\/10\/rumor-iphone-12-pro-to-feature-promotion-high-refresh-rate-screen-improved-face-id-3x-rear-camera-zoom\/\">9to5mac<\/a><\/p>\n<\/p><\/div>\n<p><script>\n         !function(f,b,e,v,n,t,s){if(f.fbq)return;n=f.fbq=function()\n         {n.callMethod? n.callMethod.apply(n,arguments):n.queue.push(arguments)}\n         ;if(!f._fbq)f._fbq=n;\n             n.push=n;n.loaded=!0;n.version='2.0';n.queue=[];t=b.createElement(e);t.async=!0;\n             t.src=v;s=b.getElementsByTagName(e)[0];s.parentNode.insertBefore(t,s)}(window,\n                 document,'script','https:\/\/connect.facebook.net\/en_US\/fbevents.js');\n         fbq('init', '1065890633454496');\n         fbq('track', 'PageView');\n     <\/script><br \/>\n<br \/>[ad_2]<br \/>\n<br \/><a href=\"https:\/\/www.01net.com\/actualites\/les-iphone-12-pro-pourraient-embarquer-un-ecran-120-hz-et-ameliorer-encore-face-id-1911930.html\">Source link <\/a><\/p>\n","protected":false},"excerpt":{"rendered":"<p>[ad_1] Selon le site 9to5mac, les prochains smartphones haut de gamme d\u2019Apple, dont on ne sait s\u2019ils pourront \u00eatre annonc\u00e9s &hellip; <a href=\"http:\/\/www.affinite.fr\/index.php\/2020\/05\/11\/les-iphone-12-pro-pourraient-embarquer-un-ecran-120-hz-et-ameliorer-encore-face-id\/\" class=\"more-link\">Plus <span class=\"screen-reader-text\">Les iPhone 12 Pro pourraient embarquer un \u00e9cran 120 Hz et am\u00e9liorer encore Face ID<\/span> <span class=\"meta-nav\">&rarr;<\/span><\/a><\/p>\n","protected":false},"author":1,"featured_media":2350,"comment_status":"open","ping_status":"open","sticky":false,"template":"","format":"standard","meta":{"_sitemap_exclude":false,"_sitemap_priority":"","_sitemap_frequency":"","footnotes":""},"categories":[1],"tags":[],"class_list":["post-2744","post","type-post","status-publish","format-standard","has-post-thumbnail","hentry","category-tous"],"_links":{"self":[{"href":"http:\/\/www.affinite.fr\/index.php\/wp-json\/wp\/v2\/posts\/2744"}],"collection":[{"href":"http:\/\/www.affinite.fr\/index.php\/wp-json\/wp\/v2\/posts"}],"about":[{"href":"http:\/\/www.affinite.fr\/index.php\/wp-json\/wp\/v2\/types\/post"}],"author":[{"embeddable":true,"href":"http:\/\/www.affinite.fr\/index.php\/wp-json\/wp\/v2\/users\/1"}],"replies":[{"embeddable":true,"href":"http:\/\/www.affinite.fr\/index.php\/wp-json\/wp\/v2\/comments?post=2744"}],"version-history":[{"count":0,"href":"http:\/\/www.affinite.fr\/index.php\/wp-json\/wp\/v2\/posts\/2744\/revisions"}],"wp:featuredmedia":[{"embeddable":true,"href":"http:\/\/www.affinite.fr\/index.php\/wp-json\/wp\/v2\/media\/2350"}],"wp:attachment":[{"href":"http:\/\/www.affinite.fr\/index.php\/wp-json\/wp\/v2\/media?parent=2744"}],"wp:term":[{"taxonomy":"category","embeddable":true,"href":"http:\/\/www.affinite.fr\/index.php\/wp-json\/wp\/v2\/categories?post=2744"},{"taxonomy":"post_tag","embeddable":true,"href":"http:\/\/www.affinite.fr\/index.php\/wp-json\/wp\/v2\/tags?post=2744"}],"curies":[{"name":"wp","href":"https:\/\/api.w.org\/{rel}","templated":true}]}}