{"id":2728,"date":"2020-05-11T11:06:28","date_gmt":"2020-05-11T11:06:28","guid":{"rendered":"https:\/\/www.affinite.fr\/index.php\/2020\/05\/11\/les-trottinettes-lime-sont-a-nouveau-en-libre-service\/"},"modified":"2020-05-11T11:06:28","modified_gmt":"2020-05-11T11:06:28","slug":"les-trottinettes-lime-sont-a-nouveau-en-libre-service","status":"publish","type":"post","link":"http:\/\/www.affinite.fr\/index.php\/2020\/05\/11\/les-trottinettes-lime-sont-a-nouveau-en-libre-service\/","title":{"rendered":"les trottinettes Lime sont \u00e0 nouveau en libre-service"},"content":{"rendered":"<p> [ad_1]<br \/>\n<br \/><img decoding=\"async\" src=\"https:\/\/img.bfmtv.com\/i\/0\/0\/328\/29e23f50973ae757fdb8fc53bae47.jpeg\" \/><\/p>\n<div itemprop=\"articleBody\">\n<p>En ce premier jour de d\u00e9confinement, les trottinettes \u00e9lectriques sont une bonne solution pour \u00e9viter de prendre les transports en commun. A Paris, Lime relance son activit\u00e9 et met \u00e0 disposition environ 2000 trottinettes, sur l&rsquo;ensemble de la ville. La taille de la flotte sera\u00a0graduellement adapt\u00e9e \u00e0 la demande et \u00e0 la reprise des activit\u00e9s.<\/p>\n<h3 style=\"color:#333; font-family:arial,helvetica,sans-serif; font-size:23px; font-weight:700\">Des mesures d\u2019hygi\u00e8ne renforc\u00e9es<\/h3>\n<p style=\"color:#333; font-family:arial,helvetica,sans-serif; font-size:18px\">Lime a pr\u00e9vu des mesures pour prot\u00e9ger ses utilisateurs et ses employ\u00e9s. Toutes les trottinettes\u00a0sont soigneusement d\u00e9sinfect\u00e9es lors de leur chargement, de leur d\u00e9ploiement et de leur entretien en atelier.\u00a0Tous les employ\u00e9s portent des gants et des\u00a0masques.<\/p>\n<p style=\"color:#333; font-family:arial,helvetica,sans-serif; font-size:18px\">Les utilisateurs recevront par ailleurs, par email et via l\u2019application, des rappels r\u00e9guliers des r\u00e8gles de \u200bbonne conduite en\u00a0mati\u00e8re de s\u00e9curit\u00e9 routi\u00e8re, de stationnement et de gestes barri\u00e8res recommand\u00e9s pour lutter contre le Covid 19. Il est notamment conseill\u00e9 de se laver les mains ou d&rsquo;utiliser du gel hydroalcoolique avant et apr\u00e8s l&rsquo;utilisation de la trottinette, voire de d\u00e9sinfecter les poign\u00e9es du guidon avec une lingette si cela est possible.<\/p>\n<aside class=\"bg-color-0 padding-inside-all-s bloc border-s\">\n<h4 class=\"box-txt-normal\">\n<p><strong>A d\u00e9couvrir aussi en vid\u00e9o :<\/strong><\/p>\n<\/h4>\n<\/aside>\n<p>Les trottinettes de Lime b\u00e9n\u00e9ficient d\u00e9sormais de la certification <a href=\"https:\/\/carbonneutral.com\/the-carbonneutral-protocol\" target=\"_blank\" rel=\"noopener noreferrer\">CarbonNeutral <\/a>qui\u00a0souligne les efforts continus de la marque pour augmenter l&rsquo;efficacit\u00e9 \u00e9nerg\u00e9tique de ses op\u00e9rations et\u00a0r\u00e9duire son empreinte carbone.<\/p>\n<p><strong>Source <\/strong>: Lime<\/p>\n<\/p><\/div>\n<p><script>\n         !function(f,b,e,v,n,t,s){if(f.fbq)return;n=f.fbq=function()\n         {n.callMethod? n.callMethod.apply(n,arguments):n.queue.push(arguments)}\n         ;if(!f._fbq)f._fbq=n;\n             n.push=n;n.loaded=!0;n.version='2.0';n.queue=[];t=b.createElement(e);t.async=!0;\n             t.src=v;s=b.getElementsByTagName(e)[0];s.parentNode.insertBefore(t,s)}(window,\n                 document,'script','https:\/\/connect.facebook.net\/en_US\/fbevents.js');\n         fbq('init', '1065890633454496');\n         fbq('track', 'PageView');\n     <\/script><br \/>\n<br \/>[ad_2]<br \/>\n<br \/><a href=\"https:\/\/www.01net.com\/actualites\/deconfinement-les-trottinettes-lime-sont-a-nouveau-en-libre-service-1911950.html\">Source link <\/a><\/p>\n","protected":false},"excerpt":{"rendered":"<p>[ad_1] En ce premier jour de d\u00e9confinement, les trottinettes \u00e9lectriques sont une bonne solution pour \u00e9viter de prendre les transports &hellip; <a href=\"http:\/\/www.affinite.fr\/index.php\/2020\/05\/11\/les-trottinettes-lime-sont-a-nouveau-en-libre-service\/\" class=\"more-link\">Plus <span class=\"screen-reader-text\">les trottinettes Lime sont \u00e0 nouveau en libre-service<\/span> <span class=\"meta-nav\">&rarr;<\/span><\/a><\/p>\n","protected":false},"author":1,"featured_media":2729,"comment_status":"open","ping_status":"open","sticky":false,"template":"","format":"standard","meta":{"_sitemap_exclude":false,"_sitemap_priority":"","_sitemap_frequency":"","footnotes":""},"categories":[1],"tags":[],"class_list":["post-2728","post","type-post","status-publish","format-standard","has-post-thumbnail","hentry","category-tous"],"_links":{"self":[{"href":"http:\/\/www.affinite.fr\/index.php\/wp-json\/wp\/v2\/posts\/2728"}],"collection":[{"href":"http:\/\/www.affinite.fr\/index.php\/wp-json\/wp\/v2\/posts"}],"about":[{"href":"http:\/\/www.affinite.fr\/index.php\/wp-json\/wp\/v2\/types\/post"}],"author":[{"embeddable":true,"href":"http:\/\/www.affinite.fr\/index.php\/wp-json\/wp\/v2\/users\/1"}],"replies":[{"embeddable":true,"href":"http:\/\/www.affinite.fr\/index.php\/wp-json\/wp\/v2\/comments?post=2728"}],"version-history":[{"count":0,"href":"http:\/\/www.affinite.fr\/index.php\/wp-json\/wp\/v2\/posts\/2728\/revisions"}],"wp:featuredmedia":[{"embeddable":true,"href":"http:\/\/www.affinite.fr\/index.php\/wp-json\/wp\/v2\/media\/2729"}],"wp:attachment":[{"href":"http:\/\/www.affinite.fr\/index.php\/wp-json\/wp\/v2\/media?parent=2728"}],"wp:term":[{"taxonomy":"category","embeddable":true,"href":"http:\/\/www.affinite.fr\/index.php\/wp-json\/wp\/v2\/categories?post=2728"},{"taxonomy":"post_tag","embeddable":true,"href":"http:\/\/www.affinite.fr\/index.php\/wp-json\/wp\/v2\/tags?post=2728"}],"curies":[{"name":"wp","href":"https:\/\/api.w.org\/{rel}","templated":true}]}}