{"id":2726,"date":"2020-05-11T10:00:48","date_gmt":"2020-05-11T10:00:48","guid":{"rendered":"https:\/\/www.affinite.fr\/index.php\/2020\/05\/11\/tile-et-intel-sassocient-pour-que-vous-retrouviez-votre-futur-pc-portable-plus-facilement\/"},"modified":"2020-05-11T10:00:48","modified_gmt":"2020-05-11T10:00:48","slug":"tile-et-intel-sassocient-pour-que-vous-retrouviez-votre-futur-pc-portable-plus-facilement","status":"publish","type":"post","link":"http:\/\/www.affinite.fr\/index.php\/2020\/05\/11\/tile-et-intel-sassocient-pour-que-vous-retrouviez-votre-futur-pc-portable-plus-facilement\/","title":{"rendered":"Tile et Intel s&rsquo;associent pour que vous retrouviez votre futur PC portable plus facilement"},"content":{"rendered":"<p> [ad_1]<br \/>\n<br \/><img decoding=\"async\" src=\"https:\/\/img.bfmtv.com\/i\/0\/0\/baf\/8e1b9e2e5bf15e4e66f606dd03b98.jpg\" \/><\/p>\n<div itemprop=\"articleBody\">\n<p>Tile et Intel pour contrer Apple et son potentiel <a href=\"https:\/\/www.01net.com\/actualites\/airtag-les-trackers-d-apple-desormais-attendus-pour-la-fin-d-annee-1860355.html\" target=\"_blank\" rel=\"noopener noreferrer\">AirTag<\/a> ? Dans un communiqu\u00e9 de presse publi\u00e9 en fin de semaine derni\u00e8re, la marque Tile &#8211; connue pour <a href=\"https:\/\/www.01net.com\/tests\/test-tile-pro-le-porte-cles-connecte-pratique-et-efficace-pour-retrouver-vos-effets-personnels-6333.html\" target=\"_blank\" rel=\"noopener noreferrer\">ses modules de g\u00e9olocalisation<\/a> pour les objets quotidiens &#8211; annonce s&rsquo;\u00eatre associ\u00e9 au g\u00e9ant du microprocesseur am\u00e9ricain Intel.<\/p>\n<p>Cette association devrait permettre au\u00a0g\u00e9ant de Santa Clara\u00a0d&rsquo;int\u00e9grer des technologies de g\u00e9olocalisation dans des composants \u00e0 destination des prochains ultraportables et portables \u00e0 sortir dans les mois \u00e0 venir. L&rsquo;objectif final est \u00e9videmment\u00a0de permettre aux utilisateurs de plus facilement et rapidement\u00a0retrouver un PC portable \u00e9gar\u00e9 ou vol\u00e9,\u00a0par exemple.<\/p>\n<h3 style=\"color:#333; font-family:arial,helvetica,sans-serif; font-size:23px; font-weight:700\">Au c\u0153ur du processeur ou \u00e0 c\u00f4t\u00e9 ?<\/h3>\n<p>Pour le moment, on ne conna\u00eet pas encore la forme pr\u00e9cise qu&rsquo;auront les modules Tile emprisonn\u00e9s dans nos PC portables. Si une gravure sur le circuit des processeurs n&rsquo;est pas \u00e0 exclure pour le futur, il y a toutefois fort \u00e0 parier que, dans l&rsquo;imm\u00e9diat, Intel trouve le moyen d&rsquo;implanter les composants Tile sur les circuits de ses modules <a href=\"https:\/\/www.01net.com\/actualites\/le-wi-fi-6-est-lance-officiellement-aujourd-hui-1768570.html\" target=\"_blank\" rel=\"noopener noreferrer\">Wi-Fi 6<\/a>\/Bluetooth. Ou, \u00e0 d\u00e9faut, les place sur des cartes au plus petit format M.2 (<a href=\"https:\/\/www.01net.com\/actualites\/on-vous-dit-tout-sur-le-m-2-le-ssd-nouvelle-generation-1383426.html\" target=\"_blank\" rel=\"noopener noreferrer\">le m\u00eame que celui des SSD<\/a>) et les int\u00e8gre dans son catalogue \u00e0 destination des constructeurs de PC.<\/p>\n<aside class=\"bg-color-0 padding-inside-all-s bloc border-s\">\n<h4 class=\"box-txt-normal\">\n<p><strong>\u00c0 d\u00e9couvrir aussi en vid\u00e9o :<\/strong><\/p>\n<\/h4>\n<\/aside>\n<p>Tile mentionne que plusieurs solutions d&rsquo;implantations avec Intel sont \u00e0 l&rsquo;\u00e9tude pour le moment et que beaucoup de marques d&rsquo;ordinateurs seraient int\u00e9ress\u00e9es. Tile n&rsquo;en est pas \u00e0 son coup d&rsquo;essai dans le monde PC puisque, lors du <a href=\"https:\/\/www.01net.com\/actualite\/ces-2020\/\" target=\"_blank\" rel=\"noopener noreferrer\">CES 2020<\/a>, une annonce conjointe faite avec HP indiquait la pr\u00e9sence d&rsquo;un module de la marque dans le mod\u00e8le 2020 de <a href=\"https:\/\/www.01net.com\/tests\/test-du-hp-elite-dragonfly-le-plus-endurant-des-pc-portables-hybrides-c-est-lui-6418.html\" target=\"_blank\" rel=\"noopener noreferrer\">l&rsquo;ultraportable hyper endurant Elite Dragonfly<\/a>.<\/p>\n<p><strong>Source :<\/strong> <a href=\"https:\/\/www.thetileapp.com\/en-eu\/blog\/tile-partner-intel-pc-notebooks-laptops-findable\" target=\"_blank\" rel=\"noopener noreferrer\">Tile<\/a><\/p>\n<\/p><\/div>\n<p><script>\n         !function(f,b,e,v,n,t,s){if(f.fbq)return;n=f.fbq=function()\n         {n.callMethod? n.callMethod.apply(n,arguments):n.queue.push(arguments)}\n         ;if(!f._fbq)f._fbq=n;\n             n.push=n;n.loaded=!0;n.version='2.0';n.queue=[];t=b.createElement(e);t.async=!0;\n             t.src=v;s=b.getElementsByTagName(e)[0];s.parentNode.insertBefore(t,s)}(window,\n                 document,'script','https:\/\/connect.facebook.net\/en_US\/fbevents.js');\n         fbq('init', '1065890633454496');\n         fbq('track', 'PageView');\n     <\/script><br \/>\n<br \/>[ad_2]<br \/>\n<br \/><a href=\"https:\/\/www.01net.com\/actualites\/tile-et-intel-s-associent-pour-que-vous-retrouviez-votre-futur-pc-portable-plus-facilement-1911946.html\">Source link <\/a><\/p>\n","protected":false},"excerpt":{"rendered":"<p>[ad_1] Tile et Intel pour contrer Apple et son potentiel AirTag ? Dans un communiqu\u00e9 de presse publi\u00e9 en fin &hellip; <a href=\"http:\/\/www.affinite.fr\/index.php\/2020\/05\/11\/tile-et-intel-sassocient-pour-que-vous-retrouviez-votre-futur-pc-portable-plus-facilement\/\" class=\"more-link\">Plus <span class=\"screen-reader-text\">Tile et Intel s&rsquo;associent pour que vous retrouviez votre futur PC portable plus facilement<\/span> <span class=\"meta-nav\">&rarr;<\/span><\/a><\/p>\n","protected":false},"author":1,"featured_media":2727,"comment_status":"open","ping_status":"open","sticky":false,"template":"","format":"standard","meta":{"_sitemap_exclude":false,"_sitemap_priority":"","_sitemap_frequency":"","footnotes":""},"categories":[1],"tags":[],"class_list":["post-2726","post","type-post","status-publish","format-standard","has-post-thumbnail","hentry","category-tous"],"_links":{"self":[{"href":"http:\/\/www.affinite.fr\/index.php\/wp-json\/wp\/v2\/posts\/2726"}],"collection":[{"href":"http:\/\/www.affinite.fr\/index.php\/wp-json\/wp\/v2\/posts"}],"about":[{"href":"http:\/\/www.affinite.fr\/index.php\/wp-json\/wp\/v2\/types\/post"}],"author":[{"embeddable":true,"href":"http:\/\/www.affinite.fr\/index.php\/wp-json\/wp\/v2\/users\/1"}],"replies":[{"embeddable":true,"href":"http:\/\/www.affinite.fr\/index.php\/wp-json\/wp\/v2\/comments?post=2726"}],"version-history":[{"count":0,"href":"http:\/\/www.affinite.fr\/index.php\/wp-json\/wp\/v2\/posts\/2726\/revisions"}],"wp:featuredmedia":[{"embeddable":true,"href":"http:\/\/www.affinite.fr\/index.php\/wp-json\/wp\/v2\/media\/2727"}],"wp:attachment":[{"href":"http:\/\/www.affinite.fr\/index.php\/wp-json\/wp\/v2\/media?parent=2726"}],"wp:term":[{"taxonomy":"category","embeddable":true,"href":"http:\/\/www.affinite.fr\/index.php\/wp-json\/wp\/v2\/categories?post=2726"},{"taxonomy":"post_tag","embeddable":true,"href":"http:\/\/www.affinite.fr\/index.php\/wp-json\/wp\/v2\/tags?post=2726"}],"curies":[{"name":"wp","href":"https:\/\/api.w.org\/{rel}","templated":true}]}}