{"id":2687,"date":"2020-05-08T10:25:33","date_gmt":"2020-05-08T10:25:33","guid":{"rendered":"https:\/\/www.affinite.fr\/index.php\/2020\/05\/08\/comment-beneficier-de-laide-de-500-euros-pour-lachat-dun-velo-electrique\/"},"modified":"2020-05-08T10:25:33","modified_gmt":"2020-05-08T10:25:33","slug":"comment-beneficier-de-laide-de-500-euros-pour-lachat-dun-velo-electrique","status":"publish","type":"post","link":"http:\/\/www.affinite.fr\/index.php\/2020\/05\/08\/comment-beneficier-de-laide-de-500-euros-pour-lachat-dun-velo-electrique\/","title":{"rendered":"comment b\u00e9n\u00e9ficier de l\u2019aide de 500 euros pour l\u2019achat d\u2019un v\u00e9lo \u00e9lectrique ?"},"content":{"rendered":"<p> [ad_1]<br \/>\n<\/p>\n<div itemprop=\"articleBody\">\n<p>La perspective de reprendre les transports en commun \u00e0 la fin du confinement n\u2019enchante pas tout le monde et nombreux sont ceux qui envisagent s\u00e9rieusement l\u2019achat d\u2019un v\u00e9lo \u00e9lectrique pour r\u00e9aliser les trajets domicile-travail. Il y a bien s\u00fbr la possibilit\u00e9 de recourir au bonus \u00e9cologique, mais il existe \u00e9galement une subvention d\u2019un montant bien plus int\u00e9ressant. Depuis d\u00e9cembre dernier, la r\u00e9gion Ile-de-France propose une aide de 500 euros (voire 600 euros dans le cas d\u2019un mod\u00e8le cargo) pour l\u2019achat d\u2019un v\u00e9lo \u00e9lectrique. Mais comment b\u00e9n\u00e9ficier de ce coup de pouce ? Pour quels v\u00e9los cette offre est-elle valable et quelles sont les conditions pour en profiter ?<\/p>\n<h3 style=\"color:#333;font-family:arial,helvetica,sans-serif;font-size:23px;font-weight:700;\">Comment demander l\u2019aide de 500 euros ?<\/h3>\n<p>Contrairement au bonus \u00e9cologique classique, l\u2019aide r\u00e9gionale pour l\u2019achat d\u2019un v\u00e9lo \u00e9lectrique ne peut \u00eatre entreprise par un vendeur de cycles, mais uniquement par l\u2019acheteur et seulement dans le cas de l\u2019achat d\u2019un v\u00e9lo neuf. Notez \u00e9galement que c\u2019est une aide qui vient en compl\u00e9ment de ce bonus \u00e9cologique et qu\u2019il vous faudra fournir la preuve d\u2019une demande (accept\u00e9e ou non) pour pr\u00e9tendre aux 500 euros. Dans le cas d\u2019une aide pr\u00e9alable de votre ville ou de votre d\u00e9partement, la r\u00e9gion compl\u00e9tera ce coup de pouce initial jusqu\u2019\u00e0 atteindre le plafond de 500 euros, soit le montant maximum de l\u2019aide.\u00a0La demande se fait sur le site \u00ab\u00a0Ile-de-France mobilit\u00e9s\u00a0\u00bb et n\u00e9cessite la cr\u00e9ation d\u2019un compte personnel. Il suffit ensuite de remplir ce formulaire en ligne. La demande devra ensuite \u00eatre compl\u00e9t\u00e9e par un justificatif de domicile une preuve d\u2019achat du v\u00e9lo, une copie de sa pi\u00e8ce d\u2019identit\u00e9 ainsi qu\u2019un RIB.<\/p>\n<figure class=\"figure text-center\"><img decoding=\"async\" class=\"article-img img-responsive-l\" src=\"https:\/\/img.bfmtv.com\/c\/0\/708\/016e\/2daa7f1ecf8032f27682a2287fc2.png\" alt=\"\"\/><figcaption class=\"figure-caption figcaption color-txt-0 title-xs hidden-xs\">\n                                    Dimitri Charitsis &#8211; 01 Net<br \/>\n                                                    &#8211; La cr\u00e9ation de compte sur Ile-de-France Mobilit\u00e9s.<br \/>\n                            <\/figcaption><\/figure>\n<p>La d\u00e9marche n\u2019est pas sp\u00e9cialement longue mais elle impose tout de m\u00eame de r\u00e9pondre obligatoirement \u00e0 un questionnaire concernant les raisons qui vous ont incit\u00e9 \u00e0 opter pour un v\u00e9lo \u00e9lectrique.\u00a0<\/p>\n<p>Ile-de-France mobilit\u00e9 indique que le d\u00e9lai de traitement de la demande peut prendre jusqu\u2019\u00e0 un mois. Une fois le dossier accept\u00e9, le remboursement est effectu\u00e9 en trois ou quatre mois.\u00a0<\/p>\n<h3 style=\"color:#333; font-family:arial,helvetica,sans-serif; font-size:23px; font-weight:700\">L\u2019attribution de l\u2019aide est-elle soumise \u00e0 des contreparties ?<\/h3>\n<p>L\u2019aide de 500 euros est soumise \u00e0 trois conditions assez strictes.\u00a0<\/p>\n<ul>\n<li>Il y a d\u2019abord l\u2019obligation d\u2019avoir d\u00e9j\u00e0 effectu\u00e9 une demande pr\u00e9alable pour des aides financi\u00e8res locales.\u00a0<\/li>\n<li>Mais il y a surtout l\u2019engagement de ne pas revendre son v\u00e9lo \u00e9lectrique dans un d\u00e9lai de trois ans. Pour l\u2019instant, un engagement sur l\u2019honneur suffit mais d\u00e8s lors que <a href=\"https:\/\/www.01net.com\/actualites\/le-marquage-des-velos-va-devenir-obligatoire-en-france-un-rempart-contre-le-vol-1888066.html\" target=\"_blank\" rel=\"noopener noreferrer\">les v\u00e9los neufs seront obligatoirement marqu\u00e9s<\/a>, cet identifiant unique pourrait bien servir de preuve de bonne foi.\u00a0<\/li>\n<li>Enfin, il s\u2019agit d\u2019un coup de pouce, qui n\u2019est valable qu\u2019une seule fois.<\/li>\n<\/ul>\n<h3 style=\"color:#333; font-family:arial,helvetica,sans-serif; font-size:23px; font-weight:700\">Comment est calcul\u00e9 le montant de l\u2019aide ? Comment atteindre les 500 euros ?<\/h3>\n<p>Le montant de l\u2019aide r\u00e9gionale pour l\u2019achat d\u2019un v\u00e9lo \u00e9lectrique n\u2019est pas fixe. Ces 500 euros (pour un VAE) ou 600 euros (pour un v\u00e9lo cargo) repr\u00e9sentent un plafond et donc la somme maximale qui pourra vous \u00eatre vers\u00e9e. Selon les termes du contrat, l\u2019aide porte sur 50% du prix TTC du v\u00e9lo. En d\u2019autres termes, pour b\u00e9n\u00e9ficier d\u2019un remboursement de 500 euros, votre facture doit \u00eatre au minimum de 1000 euros. Voici trois cas pratiques :<\/p>\n<ul>\n<li>Pour l\u2019achat d\u2019un v\u00e9lo \u00e9lectrique \u00e0 1000 euros, l\u2019aide de 50% du prix TTC s\u2019\u00e9l\u00e8ve \u00e0 500 euros. Vous pourrez donc pr\u00e9tendre \u00e0 l\u2019int\u00e9gralit\u00e9 du montant de l\u2019aide et votre v\u00e9lo vous co\u00fbtera 500 euros.<\/li>\n<li>Pour l\u2019achat d\u2019un v\u00e9lo \u00e9lectrique \u00e0 600 euros, l\u2019aide de 50% du prix TTC s\u2019\u00e9l\u00e8ve \u00e0 300 euros. Vous ne pourrez donc pas pr\u00e9tendre \u00e0 l\u2019int\u00e9gralit\u00e9 du montant de l\u2019aide r\u00e9gionale. Mais le prix final de votre v\u00e9lo sera tout de m\u00eame tr\u00e8s avantageux puisqu\u2019il vous reviendra \u00e0 300 euros.<\/li>\n<li>Pour l\u2019achat d\u2019un v\u00e9lo \u00e9lectrique \u00e0 3990 euros, l\u2019aide de 50% du prix TTC \u00e9tant plafonn\u00e9e, elle s\u2019\u00e9l\u00e8ve \u00e0 500 euros. Vous pourrez pr\u00e9tendre \u00e0 l\u2019int\u00e9gralit\u00e9 du montant de l\u2019aide qui r\u00e9duira la facture totale \u00e0 3490 euros.<\/li>\n<\/ul>\n<p>Pour l\u2019achat d\u2019un v\u00e9lo cargo, l\u2019aide s\u2019attribue de la m\u00eame fa\u00e7on mais son montant varie l\u00e9g\u00e8rement. S\u2019il s\u2019agit d\u2019un mod\u00e8le classique, musculaire, le montant plafond est de 500 euros. Mais si vous optez pour un v\u00e9lo cargo \u00e0 assistance \u00e9lectrique cette somme peut \u00eatre port\u00e9e \u00e0 600 euros.<\/p>\n<figure class=\"figure text-center\"><img decoding=\"async\" class=\"article-img img-responsive-l\" src=\"https:\/\/img.bfmtv.com\/c\/0\/708\/379\/bf8384a5c0a9b88d692019a776b1f.jpg\" alt=\"\"\/><figcaption class=\"figure-caption figcaption color-txt-0 title-xs hidden-xs\">\n                                    Lionel Morillon &#8211; 01 Net<br \/>\n                                                    &#8211; Le Cowboy 2019.<br \/>\n                            <\/figcaption><\/figure>\n<p><strong>Petite astuce<\/strong> : certains accessoires sont \u00e9galement \u00e9ligibles \u00e0 l\u2019aide. Panier, casque et autres antivols peuvent \u00eatre associ\u00e9s lors de l\u2019achat d\u2019un VAE pour, par exemple, atteindre le montant pivot de 1000 euros.<\/p>\n<h3 style=\"color:#333; font-family:arial,helvetica,sans-serif; font-size:23px; font-weight:700\">Quels sont les v\u00e9los \u00e9lectriques concern\u00e9s ?<\/h3>\n<p>Assez naturellement, l\u2019offre de la r\u00e9gion Ile-de-France ne fait pas de distinction entre les diff\u00e9rents types de VAE sur le march\u00e9. Que vous optiez pour un cycle taill\u00e9 pour la ville, un gravel \u00e0 tout faire ou m\u00eame un v\u00e9lo de course \u00e0 assistance \u00e9lectrique, vous pouvez pr\u00e9tendre au coup de pouce dans ses conditions optimales.<\/p>\n<p>Pour le reste il n\u2019y a aucune autre restriction si ce n\u2019est que les v\u00e9los doivent \u00eatre conformes \u00e0 la r\u00e9glementation en vigueur, c\u2019est \u00e0 avoir une assistance \u00e9lectrique limit\u00e9e \u00e0 25 km\/h. Autrement dit, inutile d\u2019esp\u00e9rer faire des \u00e9conomies sur l\u2019achat de votre prochain Speedbike.<\/p>\n<h3 style=\"color:#333; font-family:arial,helvetica,sans-serif; font-size:23px; font-weight:700\">Quel v\u00e9lo \u00e9lectrique choisir ?<\/h3>\n<p>L\u2019offre de v\u00e9los \u00e9lectriques est pl\u00e9thorique, et les prix tr\u00e8s variables. La r\u00e9daction de 01net.com\u00a0teste r\u00e9guli\u00e8rement des VAE et s\u2019est m\u00eame fendue d\u2019un <a href=\"https:\/\/www.01net.com\/actualites\/top-5-les-meilleurs-velos-a-assistance-electrique-1813578.html\" target=\"_blank\" rel=\"noopener noreferrer\">top 5 des meilleurs v\u00e9los \u00e0 assistance \u00e9lectrique<\/a>. Celui-ci sera r\u00e9guli\u00e8rement mis \u00e0 jour avec, notamment l\u2019arriv\u00e9e des nouveaux <a href=\"https:\/\/www.01net.com\/actualites\/van-moof-s3-et-x3-le-velo-electrique-hollandais-passe-a-la-vitesse-superieure-1897306.html\" target=\"_blank\" rel=\"noopener noreferrer\">Van Moof S3\/X3<\/a> ou encore du Cowboy 2020.<\/p>\n<aside class=\"bg-color-0 padding-inside-all-s bloc border-s\">\n<h4 class=\"box-txt-normal\">\n<p><strong>\u00c0 d\u00e9couvrir aussi en vid\u00e9o :<\/strong><\/p>\n<\/h4>\n<\/aside>\n<p>Enfin, si vous h\u00e9sitez encore sur l\u2019int\u00e9r\u00eat d\u2019investir dans un VAE, sachez que pour 40\u00a0euros par mois (hors r\u00e9ductions), le <a href=\"https:\/\/www.01net.com\/tests\/on-a-teste-veligo-veritable-incitation-a-passer-au-velo-electrique-ou-experience-au-rabais-6324.html\" target=\"_blank\" rel=\"noopener noreferrer\">service V\u00e9ligo<\/a> permet de s\u2019essayer au v\u00e9lo \u00e9lectrique sur une dur\u00e9e de 6 mois.\u00a0<\/p>\n<\/p><\/div>\n<p><script>\n         !function(f,b,e,v,n,t,s){if(f.fbq)return;n=f.fbq=function()\n         {n.callMethod? n.callMethod.apply(n,arguments):n.queue.push(arguments)}\n         ;if(!f._fbq)f._fbq=n;\n             n.push=n;n.loaded=!0;n.version='2.0';n.queue=[];t=b.createElement(e);t.async=!0;\n             t.src=v;s=b.getElementsByTagName(e)[0];s.parentNode.insertBefore(t,s)}(window,\n                 document,'script','https:\/\/connect.facebook.net\/en_US\/fbevents.js');\n         fbq('init', '1065890633454496');\n         fbq('track', 'PageView');\n     <\/script><br \/>\n<br \/>[ad_2]<br \/>\n<br \/><a href=\"https:\/\/www.01net.com\/actualites\/ile-de-france-comment-beneficier-de-l-aide-de-500-euros-pour-l-achat-d-un-velo-electrique-1903321.html\">Source link <\/a><\/p>\n","protected":false},"excerpt":{"rendered":"<p>[ad_1] La perspective de reprendre les transports en commun \u00e0 la fin du confinement n\u2019enchante pas tout le monde et &hellip; <a href=\"http:\/\/www.affinite.fr\/index.php\/2020\/05\/08\/comment-beneficier-de-laide-de-500-euros-pour-lachat-dun-velo-electrique\/\" class=\"more-link\">Plus <span class=\"screen-reader-text\">comment b\u00e9n\u00e9ficier de l\u2019aide de 500 euros pour l\u2019achat d\u2019un v\u00e9lo \u00e9lectrique ?<\/span> <span class=\"meta-nav\">&rarr;<\/span><\/a><\/p>\n","protected":false},"author":1,"featured_media":2688,"comment_status":"open","ping_status":"open","sticky":false,"template":"","format":"standard","meta":{"_sitemap_exclude":false,"_sitemap_priority":"","_sitemap_frequency":"","footnotes":""},"categories":[1],"tags":[],"class_list":["post-2687","post","type-post","status-publish","format-standard","has-post-thumbnail","hentry","category-tous"],"_links":{"self":[{"href":"http:\/\/www.affinite.fr\/index.php\/wp-json\/wp\/v2\/posts\/2687"}],"collection":[{"href":"http:\/\/www.affinite.fr\/index.php\/wp-json\/wp\/v2\/posts"}],"about":[{"href":"http:\/\/www.affinite.fr\/index.php\/wp-json\/wp\/v2\/types\/post"}],"author":[{"embeddable":true,"href":"http:\/\/www.affinite.fr\/index.php\/wp-json\/wp\/v2\/users\/1"}],"replies":[{"embeddable":true,"href":"http:\/\/www.affinite.fr\/index.php\/wp-json\/wp\/v2\/comments?post=2687"}],"version-history":[{"count":0,"href":"http:\/\/www.affinite.fr\/index.php\/wp-json\/wp\/v2\/posts\/2687\/revisions"}],"wp:featuredmedia":[{"embeddable":true,"href":"http:\/\/www.affinite.fr\/index.php\/wp-json\/wp\/v2\/media\/2688"}],"wp:attachment":[{"href":"http:\/\/www.affinite.fr\/index.php\/wp-json\/wp\/v2\/media?parent=2687"}],"wp:term":[{"taxonomy":"category","embeddable":true,"href":"http:\/\/www.affinite.fr\/index.php\/wp-json\/wp\/v2\/categories?post=2687"},{"taxonomy":"post_tag","embeddable":true,"href":"http:\/\/www.affinite.fr\/index.php\/wp-json\/wp\/v2\/tags?post=2687"}],"curies":[{"name":"wp","href":"https:\/\/api.w.org\/{rel}","templated":true}]}}