{"id":2669,"date":"2020-05-07T14:05:43","date_gmt":"2020-05-07T14:05:43","guid":{"rendered":"https:\/\/www.affinite.fr\/index.php\/2020\/05\/07\/les-francais-depensent-32-euros-par-mois-en-moyenne-pour-leur-acces-a-internet-fixe\/"},"modified":"2020-05-07T14:05:43","modified_gmt":"2020-05-07T14:05:43","slug":"les-francais-depensent-32-euros-par-mois-en-moyenne-pour-leur-acces-a-internet-fixe","status":"publish","type":"post","link":"http:\/\/www.affinite.fr\/index.php\/2020\/05\/07\/les-francais-depensent-32-euros-par-mois-en-moyenne-pour-leur-acces-a-internet-fixe\/","title":{"rendered":"Les Fran\u00e7ais d\u00e9pensent 32 euros par mois en moyenne pour leur acc\u00e8s \u00e0 Internet fixe"},"content":{"rendered":"<p> [ad_1]<br \/>\n<br \/><img decoding=\"async\" src=\"https:\/\/img.bfmtv.com\/i\/0\/0\/789\/bf749e0d7657eb0377445250fce97.jpeg\" \/><\/p>\n<div>\n<p>\u00a0<\/p>\n<p><figcaption class=\"figcaption color-txt-0 title-xs text-right padding-inside-all\"><span itemprop=\"description\">La facture des Fran\u00e7ais a tendance \u00e0 s&rsquo;all\u00e9ger.<\/span> &#8211;<br \/>\n                                                                                                                            <span itemprop=\"author\">Flickr\/WOCinTech\/Microsoft NYC<\/span><\/p>\n<\/figcaption>\n<\/p><\/div>\n<p><script>\n         !function(f,b,e,v,n,t,s){if(f.fbq)return;n=f.fbq=function()\n         {n.callMethod? n.callMethod.apply(n,arguments):n.queue.push(arguments)}\n         ;if(!f._fbq)f._fbq=n;\n             n.push=n;n.loaded=!0;n.version='2.0';n.queue=[];t=b.createElement(e);t.async=!0;\n             t.src=v;s=b.getElementsByTagName(e)[0];s.parentNode.insertBefore(t,s)}(window,\n                 document,'script','https:\/\/connect.facebook.net\/en_US\/fbevents.js');\n         fbq('init', '1065890633454496');\n         fbq('track', 'PageView');\n     <\/script><br \/>\n<br \/>[ad_2]<br \/>\n<br \/><a href=\"https:\/\/www.01net.com\/actualites\/les-francais-depensent-32-euros-par-mois-en-moyenne-pour-leur-acces-a-internet-fixe-1842321.html\">Source link <\/a><\/p>\n","protected":false},"excerpt":{"rendered":"<p>[ad_1] \u00a0 La facture des Fran\u00e7ais a tendance \u00e0 s&rsquo;all\u00e9ger. &#8211; Flickr\/WOCinTech\/Microsoft NYC [ad_2] Source link<\/p>\n","protected":false},"author":1,"featured_media":2670,"comment_status":"open","ping_status":"open","sticky":false,"template":"","format":"standard","meta":{"_sitemap_exclude":false,"_sitemap_priority":"","_sitemap_frequency":"","footnotes":""},"categories":[1],"tags":[],"class_list":["post-2669","post","type-post","status-publish","format-standard","has-post-thumbnail","hentry","category-tous"],"_links":{"self":[{"href":"http:\/\/www.affinite.fr\/index.php\/wp-json\/wp\/v2\/posts\/2669"}],"collection":[{"href":"http:\/\/www.affinite.fr\/index.php\/wp-json\/wp\/v2\/posts"}],"about":[{"href":"http:\/\/www.affinite.fr\/index.php\/wp-json\/wp\/v2\/types\/post"}],"author":[{"embeddable":true,"href":"http:\/\/www.affinite.fr\/index.php\/wp-json\/wp\/v2\/users\/1"}],"replies":[{"embeddable":true,"href":"http:\/\/www.affinite.fr\/index.php\/wp-json\/wp\/v2\/comments?post=2669"}],"version-history":[{"count":0,"href":"http:\/\/www.affinite.fr\/index.php\/wp-json\/wp\/v2\/posts\/2669\/revisions"}],"wp:featuredmedia":[{"embeddable":true,"href":"http:\/\/www.affinite.fr\/index.php\/wp-json\/wp\/v2\/media\/2670"}],"wp:attachment":[{"href":"http:\/\/www.affinite.fr\/index.php\/wp-json\/wp\/v2\/media?parent=2669"}],"wp:term":[{"taxonomy":"category","embeddable":true,"href":"http:\/\/www.affinite.fr\/index.php\/wp-json\/wp\/v2\/categories?post=2669"},{"taxonomy":"post_tag","embeddable":true,"href":"http:\/\/www.affinite.fr\/index.php\/wp-json\/wp\/v2\/tags?post=2669"}],"curies":[{"name":"wp","href":"https:\/\/api.w.org\/{rel}","templated":true}]}}