{"id":2667,"date":"2020-05-07T13:12:46","date_gmt":"2020-05-07T13:12:46","guid":{"rendered":"https:\/\/www.affinite.fr\/index.php\/2020\/05\/07\/comment-rentrer-chez-soi-avant-le-11-mai\/"},"modified":"2020-05-07T13:12:46","modified_gmt":"2020-05-07T13:12:46","slug":"comment-rentrer-chez-soi-avant-le-11-mai","status":"publish","type":"post","link":"http:\/\/www.affinite.fr\/index.php\/2020\/05\/07\/comment-rentrer-chez-soi-avant-le-11-mai\/","title":{"rendered":"Comment rentrer chez soi avant le 11\u00a0mai\u00a0?"},"content":{"rendered":"<p> [ad_1]<br \/>\n<br \/><img decoding=\"async\" src=\"https:\/\/img-3.journaldesfemmes.fr\/TnRt11hWdci6dVW4bD2gA23jgRY=\/1280x\/smart\/f7baf9b2b5b6459a91156fc8f3b7b774\/ccmcms-jdf\/15490331.jpg\" \/><\/p>\n<p>\n                Pour une partie des exil\u00e9s du confinement, l&rsquo;heure du retour a sonn\u00e9. Il est conseill\u00e9 de regagner son domicile avant le 11\u00a0mai. Voici ce qu&rsquo;il faut savoir si vous comptez rentrer chez vous ce week-end (et que vous ne craignez pas les bouchons).            <\/p>\n<div>\n<p>Pour beaucoup de Fran\u00e7ais partis <strong>se confiner hors de leur domicile<\/strong>, il est temps de <strong>rentrer<\/strong>. Certains devront <a href=\"https:\/\/www.journaldesfemmes.fr\/societe\/au-boulot\/2627415-chomage-partiel-le-11-mai-toucher-indemnites-muriel-penicaud\/\">reprendre le travail<\/a> quand d&rsquo;autres <a href=\"https:\/\/www.journaldesfemmes.fr\/maman\/enfant\/2619747-reprise-des-cours\/\">accompagneront leurs enfants \u00e0 l&rsquo;\u00e9cole<\/a>&#8230;<br \/>Face \u00e0 cette avalanche de retours,\u00a0de nombreux embouteillages et une hausse de la pollution sont attendus. L&rsquo;option la plus judicieuse est de<strong> prendre la route <\/strong>avant lundi.<br \/>Le ministre de l&rsquo;Int\u00e9rieur Christophe Castaner, invit\u00e9 du <i>Grand Jury RTL<\/i>, <i>Le Figaro<\/i>, <i>LCI<\/i>, a confirm\u00e9 qu&rsquo;il \u00e9tait permis \u00e0 tous les <a href=\"https:\/\/www.journaldesfemmes.fr\/societe\/actu\/2633509-deconfinement-retour-a-paris-deplacements-de-100-km-bouchon-geant-du-11-mai\/\">exil\u00e9s du confinement<\/a> de <strong>regagner\u00a0leur domicile<\/strong> avant <a href=\"https:\/\/www.journaldesfemmes.fr\/societe\/actu\/2629179-deconfinement-11-mai-deconfinement-pour-les-riches-prise-de-poids-chomage-partiel\/\">le 11\u00a0mai<\/a>, m\u00eame pour ceux qui se sont retranch\u00e9s \u00e0 <strong>plus de 100\u00a0kilom\u00e8tres <\/strong>de leur logis. En revanche, \u00e0 partir du 11\u00a0mai, il ne sera plus permis de <strong>franchir cette distance<\/strong> sauf pour raison professionnelle ou motif familial imp\u00e9rieux. Voici tout ce qu&rsquo;il faut savoir pour organiser son retour de mani\u00e8re efficace et en toute s\u00e9curit\u00e9.<\/p>\n<h2>Si vous comptez rentrer en voiture&#8230;<\/h2>\n<p>Ne soyez pas surpris, m\u00eame cette semaine, les <strong>contr\u00f4les sur les routes<\/strong> vont se poursuivre afin de limiter les abus. \u00ab\u00a0<i>Il y a des contr\u00f4les de flux. Nous les faisons tous les week-ends, avec une particularit\u00e9 pour le week-end prochain, pour \u00e9viter qu&rsquo;il y ait des mouvements vers la province et une diffusion du virus<\/i>\u00ab\u00a0, a expliqu\u00e9 le ministre de l&rsquo;Int\u00e9rieur.\u00a0<\/p>\n<h2>Si vous optez pour le\u00a0TGV&#8230;<\/h2>\n<p>Pour ceux qui souhaitent rentrer en TGV, la SNCF a pr\u00e9vu de <strong>doubler le nombre de ses trains <\/strong>en direction de Paris, durant la semaine qui pr\u00e9c\u00e8de le 11\u00a0mai, d&rsquo;apr\u00e8s <i>Le Figaro<\/i>.<\/p>\n<p>Pour assurer un niveau de s\u00e9curit\u00e9 maximum, un filtrage est effectu\u00e9 par les forces de l&rsquo;ordre et la S\u00fbret\u00e9 ferroviaire. Des <strong>marquages au sol et des contr\u00f4les des fluxs de circulation<\/strong> sont \u00e9galement mis en place. \u00c0 l&rsquo;int\u00e9rieur des trains, seul un<strong> si\u00e8ge sur deux <\/strong>est occup\u00e9.<\/p>\n<h2>Pensez bien \u00e0 votre attestation !<\/h2>\n<aside id=\"NL_1511207717\" class=\"newsletter_subscription jNlBlock\"><noscript><br \/>\n            <\/noscript><\/p>\n<h3 class=\"newsletter_subscription-title\">Newsletter <\/h3>\n<p><a href=\"\/\/mailing.ccmbg.com\/archive\/last-85\" target=\"_blank\" class=\"a_hover\" rel=\"noopener noreferrer\">Voir un exemple<\/a><\/p>\n<\/aside>\n<p>Attention toutefois, veillez \u00e0 rester bien <a href=\"https:\/\/www.journaldesfemmes.fr\/societe\/actu\/2626167-attestation-derogatoire-de-deplacement-sorties-smartphone-numerique-portable-trouver\/\"><strong>munis de vos attestations<\/strong><\/a>, m\u00eame si vous vous d\u00e9placez pour rentrer chez vous. Il vous suffira de cocher la case \u00ab\u00a0d\u00e9placements pour motif familial imp\u00e9rieux\u00a0\u00bb.<\/p>\n<\/p><\/div>\n<p>[ad_2]<br \/>\n<br \/><a href=\"https:\/\/www.journaldesfemmes.fr\/societe\/actu\/2634925-rentrer-ce-week-end-en-tgv-voiture-paris-avant-11-mai\/\">Source link <\/a><\/p>\n","protected":false},"excerpt":{"rendered":"<p>[ad_1] Pour une partie des exil\u00e9s du confinement, l&rsquo;heure du retour a sonn\u00e9. Il est conseill\u00e9 de regagner son domicile &hellip; <a href=\"http:\/\/www.affinite.fr\/index.php\/2020\/05\/07\/comment-rentrer-chez-soi-avant-le-11-mai\/\" class=\"more-link\">Plus <span class=\"screen-reader-text\">Comment rentrer chez soi avant le 11\u00a0mai\u00a0?<\/span> <span class=\"meta-nav\">&rarr;<\/span><\/a><\/p>\n","protected":false},"author":1,"featured_media":2668,"comment_status":"open","ping_status":"open","sticky":false,"template":"","format":"standard","meta":{"_sitemap_exclude":false,"_sitemap_priority":"","_sitemap_frequency":"","footnotes":""},"categories":[1],"tags":[],"class_list":["post-2667","post","type-post","status-publish","format-standard","has-post-thumbnail","hentry","category-tous"],"_links":{"self":[{"href":"http:\/\/www.affinite.fr\/index.php\/wp-json\/wp\/v2\/posts\/2667"}],"collection":[{"href":"http:\/\/www.affinite.fr\/index.php\/wp-json\/wp\/v2\/posts"}],"about":[{"href":"http:\/\/www.affinite.fr\/index.php\/wp-json\/wp\/v2\/types\/post"}],"author":[{"embeddable":true,"href":"http:\/\/www.affinite.fr\/index.php\/wp-json\/wp\/v2\/users\/1"}],"replies":[{"embeddable":true,"href":"http:\/\/www.affinite.fr\/index.php\/wp-json\/wp\/v2\/comments?post=2667"}],"version-history":[{"count":0,"href":"http:\/\/www.affinite.fr\/index.php\/wp-json\/wp\/v2\/posts\/2667\/revisions"}],"wp:featuredmedia":[{"embeddable":true,"href":"http:\/\/www.affinite.fr\/index.php\/wp-json\/wp\/v2\/media\/2668"}],"wp:attachment":[{"href":"http:\/\/www.affinite.fr\/index.php\/wp-json\/wp\/v2\/media?parent=2667"}],"wp:term":[{"taxonomy":"category","embeddable":true,"href":"http:\/\/www.affinite.fr\/index.php\/wp-json\/wp\/v2\/categories?post=2667"},{"taxonomy":"post_tag","embeddable":true,"href":"http:\/\/www.affinite.fr\/index.php\/wp-json\/wp\/v2\/tags?post=2667"}],"curies":[{"name":"wp","href":"https:\/\/api.w.org\/{rel}","templated":true}]}}