{"id":2659,"date":"2020-05-07T10:00:25","date_gmt":"2020-05-07T10:00:25","guid":{"rendered":"https:\/\/www.affinite.fr\/index.php\/2020\/05\/07\/tcl-lance-deux-nouveaux-televiseurs-et-va-chercher-samsung-sur-le-terrain-du-qled\/"},"modified":"2020-05-07T10:00:25","modified_gmt":"2020-05-07T10:00:25","slug":"tcl-lance-deux-nouveaux-televiseurs-et-va-chercher-samsung-sur-le-terrain-du-qled","status":"publish","type":"post","link":"http:\/\/www.affinite.fr\/index.php\/2020\/05\/07\/tcl-lance-deux-nouveaux-televiseurs-et-va-chercher-samsung-sur-le-terrain-du-qled\/","title":{"rendered":"TCL lance deux nouveaux t\u00e9l\u00e9viseurs et va chercher Samsung sur le terrain du QLED"},"content":{"rendered":"<p> [ad_1]<br \/>\n<\/p>\n<div itemprop=\"articleBody\">\n<p>TCL n\u2019entend pas mettre tous ses oeufs dans le m\u00eame panier. Si le constructeur chinois pense pr\u00e9pare l\u2019avenir avec son <a href=\"https:\/\/www.01net.com\/actualites\/le-mini-led-peut-il-devenir-la-technologie-tv-du-futur-1854021.html\" target=\"_blank\" rel=\"noopener noreferrer\">mini-LED<\/a>, il ne n\u00e9glige pas le pr\u00e9sent pour autant et c\u2019est sur la technologie QLED ch\u00e8re \u00e0 Samsung qu\u2019il mise pour renforcer son d\u00e9veloppement. Pr\u00e9sent\u00e9s lors du CES2020, les C71 et C81, les deux fers de lance du QLED \u00e0 la sauce TCL, arrivent en France.<\/p>\n<p>Commen\u00e7ons par le plus ambitieux des deux t\u00e9l\u00e9viseurs, le C81. Dot\u00e9 d\u2019un design assez original avec un tr\u00e9pied pour toute assise, il dispose d\u2019une dalle LCD 10 bits 100 Hz native (\u00e0 l\u2019exception de la version 50 pouces qui est limit\u00e9e \u00e0 50 Hz) et d\u2019un syst\u00e8me de r\u00e9tro\u00e9clairage LED Edge en local dimming. Comme \u00e0 son habitude, TCL a fait appel \u00e0 son partenaire Onkyo pour g\u00e9rer la partie audio. Cette collaboration, r\u00e9serv\u00e9e habituellement au haut de la gamme, profite au C81 qui h\u00e9rite d\u2019un syst\u00e8me audio 2.1 avec des haut-parleurs \u00e0 l\u2019avant et un caisson de basse \u00e0 l\u2019arri\u00e8re de la t\u00e9l\u00e9. Enfin, sur le plan de la qualit\u00e9 d\u2019image, TCL annonce une compatibilit\u00e9 HDR \u00e9tendue avec la prise en charge du Dolby Vision, du HDR10+ et du HLG.<\/p>\n<h3 style=\"color:#333; font-family:arial,helvetica,sans-serif; font-size:23px; font-weight:700\">Un C71 l\u00e9g\u00e8rement moins cher mais moins ambitieux<\/h3>\n<figure class=\"figure text-center\"><img decoding=\"async\" class=\"article-img img-responsive-l\" src=\"https:\/\/img.bfmtv.com\/c\/0\/708\/f9c\/eae355a451791b0db42b636fa116d.jpg\" alt=\"\"\/><figcaption class=\"figure-caption figcaption color-txt-0 title-xs hidden-xs\">\n                                    TCL<br \/>\n                                                    &#8211; Le C71 sera un QLED tr\u00e8s abordable.<br \/>\n                            <\/figcaption><\/figure>\n<p>Pour avoir une id\u00e9e des performances du C71, il faut prendre la fiche technique de son ain\u00e9 et la raboter de ses caract\u00e9ristiques techniques les plus all\u00e9chantes. Exit donc le syst\u00e8me audio Onkyo\u00a0 ou l\u2019\u00e9cran 100 Hz.<br \/>Et pour les pieds ? Du basique avec malgr\u00e9 tout des pieds r\u00e9glables (pour les versions 55 et 65 pouces) sur deux positions pour pouvoir poser le t\u00e9l\u00e9viseur sur un maximum de meubles.<br \/>En revanche, comme le C81, cette version plus abordable du QLED ne fait pas l\u2019impasse sur le mode sport qui vise \u00e0 fluidifier l\u2019image, ni m\u00eame sur un mode gaming qui annonce un input lag impressionnant \u00e0 10 ms.<\/p>\n<figure class=\"figure text-center\"><img decoding=\"async\" class=\"article-img img-responsive-l\" src=\"https:\/\/img.bfmtv.com\/c\/0\/708\/810a5e\/37b69e10ba493bf86c499202d8.jpg\" alt=\"\"\/><figcaption class=\"figure-caption figcaption color-txt-0 title-xs hidden-xs\">\n                                    TCL<br \/>\n                                                    &#8211; La promesse d&rsquo;un input lag de 10 ms est tr\u00e8s all\u00e9chante.<br \/>\n                            <\/figcaption><\/figure>\n<p>Bien \u00e9videmment, fid\u00e8le \u00e0 ses habitudes, TCL a dot\u00e9 ses t\u00e9l\u00e9viseurs d\u2019Android TV dans sa version 9.0, Pie. Ils disposeront donc de l\u2019Assistant Google, d\u2019une fonction Chromecast et de l\u2019acc\u00e8s au Google Play Store.\u00a0<\/p>\n<aside class=\"bg-color-0 padding-inside-all-s bloc border-s\">\n<h4 class=\"box-txt-normal\">\n<p><strong>\u00c0 d\u00e9couvrir aussi en vid\u00e9o :<\/strong><\/p>\n<\/h4>\n<\/aside>\n<p>Le C81 sera disponible en 55, 65 et 75 pouces tandis que la diagonale du C71 variera de 50 \u00e0 65 pouces en passant par l\u2019in\u00e9vitable 55 pouces.<br \/>Enfin, concernant le prix, TCL n\u2019entend pas changer la recette qui a fait son r\u00e9cent succ\u00e8s. Le tarif est agressif et il sera donc possible de trouver le C71 en 50 pouces \u00e0 partir de 599 euros, quant au C81, il sera vendu 799 euros dans sa version 55 pouces.\u00a0<\/p>\n<\/p><\/div>\n<p><script>\n         !function(f,b,e,v,n,t,s){if(f.fbq)return;n=f.fbq=function()\n         {n.callMethod? n.callMethod.apply(n,arguments):n.queue.push(arguments)}\n         ;if(!f._fbq)f._fbq=n;\n             n.push=n;n.loaded=!0;n.version='2.0';n.queue=[];t=b.createElement(e);t.async=!0;\n             t.src=v;s=b.getElementsByTagName(e)[0];s.parentNode.insertBefore(t,s)}(window,\n                 document,'script','https:\/\/connect.facebook.net\/en_US\/fbevents.js');\n         fbq('init', '1065890633454496');\n         fbq('track', 'PageView');\n     <\/script><br \/>\n<br \/>[ad_2]<br \/>\n<br \/><a href=\"https:\/\/www.01net.com\/actualites\/tcl-lance-les-c81-et-c71-et-va-chercher-samsung-sur-le-terrain-du-qled-1909029.html\">Source link <\/a><\/p>\n","protected":false},"excerpt":{"rendered":"<p>[ad_1] TCL n\u2019entend pas mettre tous ses oeufs dans le m\u00eame panier. Si le constructeur chinois pense pr\u00e9pare l\u2019avenir avec &hellip; <a href=\"http:\/\/www.affinite.fr\/index.php\/2020\/05\/07\/tcl-lance-deux-nouveaux-televiseurs-et-va-chercher-samsung-sur-le-terrain-du-qled\/\" class=\"more-link\">Plus <span class=\"screen-reader-text\">TCL lance deux nouveaux t\u00e9l\u00e9viseurs et va chercher Samsung sur le terrain du QLED<\/span> <span class=\"meta-nav\">&rarr;<\/span><\/a><\/p>\n","protected":false},"author":1,"featured_media":2660,"comment_status":"open","ping_status":"open","sticky":false,"template":"","format":"standard","meta":{"_sitemap_exclude":false,"_sitemap_priority":"","_sitemap_frequency":"","footnotes":""},"categories":[1],"tags":[],"class_list":["post-2659","post","type-post","status-publish","format-standard","has-post-thumbnail","hentry","category-tous"],"_links":{"self":[{"href":"http:\/\/www.affinite.fr\/index.php\/wp-json\/wp\/v2\/posts\/2659"}],"collection":[{"href":"http:\/\/www.affinite.fr\/index.php\/wp-json\/wp\/v2\/posts"}],"about":[{"href":"http:\/\/www.affinite.fr\/index.php\/wp-json\/wp\/v2\/types\/post"}],"author":[{"embeddable":true,"href":"http:\/\/www.affinite.fr\/index.php\/wp-json\/wp\/v2\/users\/1"}],"replies":[{"embeddable":true,"href":"http:\/\/www.affinite.fr\/index.php\/wp-json\/wp\/v2\/comments?post=2659"}],"version-history":[{"count":0,"href":"http:\/\/www.affinite.fr\/index.php\/wp-json\/wp\/v2\/posts\/2659\/revisions"}],"wp:featuredmedia":[{"embeddable":true,"href":"http:\/\/www.affinite.fr\/index.php\/wp-json\/wp\/v2\/media\/2660"}],"wp:attachment":[{"href":"http:\/\/www.affinite.fr\/index.php\/wp-json\/wp\/v2\/media?parent=2659"}],"wp:term":[{"taxonomy":"category","embeddable":true,"href":"http:\/\/www.affinite.fr\/index.php\/wp-json\/wp\/v2\/categories?post=2659"},{"taxonomy":"post_tag","embeddable":true,"href":"http:\/\/www.affinite.fr\/index.php\/wp-json\/wp\/v2\/tags?post=2659"}],"curies":[{"name":"wp","href":"https:\/\/api.w.org\/{rel}","templated":true}]}}