{"id":2646,"date":"2020-05-07T01:41:36","date_gmt":"2020-05-07T01:41:36","guid":{"rendered":"https:\/\/www.affinite.fr\/index.php\/2020\/05\/07\/airbnb-va-licencier-un-quart-de-ses-employes-dans-le-monde\/"},"modified":"2020-05-07T01:41:36","modified_gmt":"2020-05-07T01:41:36","slug":"airbnb-va-licencier-un-quart-de-ses-employes-dans-le-monde","status":"publish","type":"post","link":"http:\/\/www.affinite.fr\/index.php\/2020\/05\/07\/airbnb-va-licencier-un-quart-de-ses-employes-dans-le-monde\/","title":{"rendered":"Airbnb va licencier un quart de ses employ\u00e9s dans le monde"},"content":{"rendered":"<p> [ad_1]<br \/>\n<br \/><img decoding=\"async\" src=\"https:\/\/img.bfmtv.com\/i\/0\/0\/9203f5\/83a7e553e3aaa45ff968792794.jpeg\" \/><\/p>\n<div itemprop=\"articleBody\">\n<p>\u00ab\u00a0<em>Nous traversons collectivement la crise la plus douloureuse de notre vie<\/em>\u00a0\u00bb, a \u00e9crit Brian Chesky, co-fondateur d\u2019Airbnb. Le patron de la plate-forme\u00a0a annonc\u00e9, dans une lettre adress\u00e9e au personnel et publi\u00e9e sur le site du groupe\u00a0mardi 5 mai, le licenciement d&rsquo;environ 25 % de ses 7\u00a0500 employ\u00e9s dans le monde &#8211; pr\u00e8s de 1 900 personnes sont concern\u00e9es.\u00a0Leur dernier jour de travail devrait \u00eatre le 11 mai prochain.\u00a0<\/p>\n<h3 style=\"color:#333; font-family:arial,helvetica,sans-serif; font-size:23px; font-weight:700\">Une indemnit\u00e9 pendant\u00a014 semaines<\/h3>\n<p>\u00ab\u00a0<em>J&rsquo;ai un profond sentiment d&rsquo;amour pour vous tous<\/em>\u00a0\u00bb, ajoute le P.-D.G. Il assure que les salari\u00e9s d&rsquo;Airbnb aux \u00c9tats-Unis toucheront une indemnit\u00e9 de licenciement correspondant \u00e0\u00a0quatorze\u00a0semaines de salaire, agr\u00e9ment\u00e9es d\u2019une semaine suppl\u00e9mentaire par ann\u00e9e d&rsquo;anciennet\u00e9. Aucune information particuli\u00e8re n&rsquo;a \u00e9t\u00e9 transmise\u00a0pour la quatre-vingtaine\u00a0d&#8217;employ\u00e9s\u00a0travaillant depuis\u00a0Paris.\u00a0<\/p>\n<p>Airbnb\u00a0\u00ab\u00a0<em>a \u00e9t\u00e9 durement touch\u00e9<\/em>\u00a0\u00bb\u00a0par l&rsquo;\u00e9pid\u00e9mie de Covid-19. La pand\u00e9mie a mis un coup d&rsquo;arr\u00eat aux voyages dans le monde entier, avec des pr\u00e9visions de revenus pour cette ann\u00e9e\u00a0\u00ab\u00a0<em>de moins de la moiti\u00e9<\/em>\u00a0\u00bb\u00a0de ceux g\u00e9n\u00e9r\u00e9s en 2019.\u00a0<br \/>Selon le <em>Wall Street Journal<\/em>, le groupe a essuy\u00e9 une\u00a0perte de 322 millions de dollars sur les neufs premiers mois de l&rsquo;ann\u00e9e 2019.\u00a0\u00c0 titre de comparaison, en 2018, Airbnb avait d\u00e9gag\u00e9 200 millions de dollars de b\u00e9n\u00e9fices.<\/p>\n<h3 style=\"color:#333; font-family:arial,helvetica,sans-serif; font-size:23px; font-weight:700\">2 milliards de dollars pour\u00a0\u00e9ponger les pertes<\/h3>\n<p>Brian Chesky\u00a0a, par cons\u00e9quent, annonc\u00e9 une r\u00e9duction des investissements du groupe\u00a0dans divers projets. Les lev\u00e9es de fonds n&rsquo;auront pas suffi. Pour\u00a0\u00e9ponger ses pertes\u00a0la plate-forme avait r\u00e9ussi \u00e0 lev\u00e9 un\u00a0milliard de dollars par deux fois au cours du mois d\u2019avril.<\/p>\n<aside class=\"bg-color-0 padding-inside-all-s bloc border-s\">\n<h4 class=\"box-txt-normal\">\n<p><strong>\u00c0 d\u00e9couvrir aussi en vid\u00e9o<\/strong><\/p>\n<\/h4>\n<\/aside>\n<h3 style=\"color:#333; font-family:arial,helvetica,sans-serif; font-size:23px; font-weight:700\">\u00ab\u00a0Ce sera diff\u00e9rent\u00a0\u00bb<\/h3>\n<p>Ce\u00a0\u00ab\u00a0<em>recentrage<\/em>\u00a0\u00bb\u00a0de la strat\u00e9gie commerciale du groupe doit permettre \u00e0 Airbnb de revenir aux\u00a0\u00ab\u00a0<em>racines et aux bases<\/em>\u00a0\u00bb\u00a0de l&rsquo;entreprise.<br \/>D&rsquo;apr\u00e8s Brian Chesky,\u00a0les clients\u00a0\u00ab\u00a0<em>voudront des options qui soient plus proches de chez eux, plus s\u00e9curis\u00e9es et moins ch\u00e8res<\/em>\u00a0\u00bb,\u00a0estime-t-il. La plate-forme de location de logements entre particuliers est confront\u00e9e \u00e0 deux\u00a0\u00ab\u00a0<em>dures r\u00e9alit\u00e9s : (1) nous ne savons pas quand les voyages reprendront, et (2) quand ils l&rsquo;auront fait, ce sera diff\u00e9rent<\/em>\u00a0\u00bb.<\/p>\n<p>Pour rassurer les voyageurs, Airbnb a pourtant la semaine derni\u00e8re annonc\u00e9 la mise en place de <a href=\"https:\/\/news.airbnb.com\/fr\/des-solutions-de-nettoyage-professionnelles-et-durables-pour-les-hotes\/\" target=\"_blank\" rel=\"noopener noreferrer\">nouveaux protocoles de nettoyage et de d\u00e9sinfection <\/a>des logements mis en location.<br \/>Depuis le d\u00e9but de la crise, le groupe multiplie les posts et les articles pour \u00e9pauler et conseiller ses h\u00f4tes &#8211; qui ont pour certains <a href=\"https:\/\/www.01net.com\/actualites\/confinement-comment-certains-hotes-airbnb-proposent-leurs-logements-vacants-aux-soignants-1883728.html\" target=\"_blank\" rel=\"noopener noreferrer\">pr\u00eat\u00e9 gratuitement leurs appartements aux soignants<\/a>. Mais, les difficult\u00e9s s\u2019accumulent pour le groupe, notamment \u00e0 <a href=\"https:\/\/www.01net.com\/actualites\/trafic-de-drogue-prostitution-fetes-clandestines-paris-s-inquiete-du-nouvel-usage-des-logements-airbnb-1908175.html\" target=\"_blank\" rel=\"noopener noreferrer\">Paris<\/a>, la capitale avec le plus de logements Airbnb au monde.\u00a0<\/p>\n<p><strong>Sources<\/strong> : <a href=\"https:\/\/www.wsj.com\/articles\/airbnb-to-cut-25-of-workforce-as-coronavirus-stalls-global-travel-11588707183\" target=\"_blank\" rel=\"noopener noreferrer\"><em>Wall Street Journal<\/em><\/a>, AFP et <a href=\"https:\/\/news.airbnb.com\/a-message-from-co-founder-and-ceo-brian-chesky\/\" target=\"_blank\" rel=\"noopener noreferrer\">Airbnb<\/a><\/p>\n<\/p><\/div>\n<p><script>\n         !function(f,b,e,v,n,t,s){if(f.fbq)return;n=f.fbq=function()\n         {n.callMethod? n.callMethod.apply(n,arguments):n.queue.push(arguments)}\n         ;if(!f._fbq)f._fbq=n;\n             n.push=n;n.loaded=!0;n.version='2.0';n.queue=[];t=b.createElement(e);t.async=!0;\n             t.src=v;s=b.getElementsByTagName(e)[0];s.parentNode.insertBefore(t,s)}(window,\n                 document,'script','https:\/\/connect.facebook.net\/en_US\/fbevents.js');\n         fbq('init', '1065890633454496');\n         fbq('track', 'PageView');\n     <\/script><br \/>\n<br \/>[ad_2]<br \/>\n<br \/><a href=\"https:\/\/www.01net.com\/actualites\/coronavirus-airbnb-va-licencier-un-quart-de-ses-employes-dans-le-monde-1908581.html\">Source link <\/a><\/p>\n","protected":false},"excerpt":{"rendered":"<p>[ad_1] \u00ab\u00a0Nous traversons collectivement la crise la plus douloureuse de notre vie\u00a0\u00bb, a \u00e9crit Brian Chesky, co-fondateur d\u2019Airbnb. Le patron &hellip; <a href=\"http:\/\/www.affinite.fr\/index.php\/2020\/05\/07\/airbnb-va-licencier-un-quart-de-ses-employes-dans-le-monde\/\" class=\"more-link\">Plus <span class=\"screen-reader-text\">Airbnb va licencier un quart de ses employ\u00e9s dans le monde<\/span> <span class=\"meta-nav\">&rarr;<\/span><\/a><\/p>\n","protected":false},"author":1,"featured_media":2647,"comment_status":"open","ping_status":"open","sticky":false,"template":"","format":"standard","meta":{"_sitemap_exclude":false,"_sitemap_priority":"","_sitemap_frequency":"","footnotes":""},"categories":[1],"tags":[],"class_list":["post-2646","post","type-post","status-publish","format-standard","has-post-thumbnail","hentry","category-tous"],"_links":{"self":[{"href":"http:\/\/www.affinite.fr\/index.php\/wp-json\/wp\/v2\/posts\/2646"}],"collection":[{"href":"http:\/\/www.affinite.fr\/index.php\/wp-json\/wp\/v2\/posts"}],"about":[{"href":"http:\/\/www.affinite.fr\/index.php\/wp-json\/wp\/v2\/types\/post"}],"author":[{"embeddable":true,"href":"http:\/\/www.affinite.fr\/index.php\/wp-json\/wp\/v2\/users\/1"}],"replies":[{"embeddable":true,"href":"http:\/\/www.affinite.fr\/index.php\/wp-json\/wp\/v2\/comments?post=2646"}],"version-history":[{"count":0,"href":"http:\/\/www.affinite.fr\/index.php\/wp-json\/wp\/v2\/posts\/2646\/revisions"}],"wp:featuredmedia":[{"embeddable":true,"href":"http:\/\/www.affinite.fr\/index.php\/wp-json\/wp\/v2\/media\/2647"}],"wp:attachment":[{"href":"http:\/\/www.affinite.fr\/index.php\/wp-json\/wp\/v2\/media?parent=2646"}],"wp:term":[{"taxonomy":"category","embeddable":true,"href":"http:\/\/www.affinite.fr\/index.php\/wp-json\/wp\/v2\/categories?post=2646"},{"taxonomy":"post_tag","embeddable":true,"href":"http:\/\/www.affinite.fr\/index.php\/wp-json\/wp\/v2\/tags?post=2646"}],"curies":[{"name":"wp","href":"https:\/\/api.w.org\/{rel}","templated":true}]}}