{"id":2637,"date":"2020-05-06T22:35:37","date_gmt":"2020-05-06T22:35:37","guid":{"rendered":"https:\/\/www.affinite.fr\/index.php\/2020\/05\/06\/microsoft-lance-la-nouvelle-version-du-plus-puissant-de-ses-ordinateurs-portables\/"},"modified":"2020-05-06T22:35:37","modified_gmt":"2020-05-06T22:35:37","slug":"microsoft-lance-la-nouvelle-version-du-plus-puissant-de-ses-ordinateurs-portables","status":"publish","type":"post","link":"http:\/\/www.affinite.fr\/index.php\/2020\/05\/06\/microsoft-lance-la-nouvelle-version-du-plus-puissant-de-ses-ordinateurs-portables\/","title":{"rendered":"Microsoft lance la nouvelle version du plus puissant de ses ordinateurs portables"},"content":{"rendered":"<p> [ad_1]<br \/>\n<\/p>\n<div itemprop=\"articleBody\">\n<p>Ce n\u2019est pas trop t\u00f4t\u00a0! Plus de deux ans apr\u00e8s le lancement du Surface Pro 2, Microsoft remet le couvert et commercialise enfin le successeur de son puissant PC \u00e0 \u00e9cran d\u00e9tachable. A premi\u00e8re vue pourtant, il y a peu de changements visibles. Le design de la machine n\u2019a pas boug\u00e9 d\u2019un iota, et on regrette un peu que Microsoft n\u2019ait pas rogn\u00e9 un peu sur les bordures de l\u2019\u00e9cran, comme il l\u2019a fait pour le nouveau Surface Go. On a donc toujours droit \u00e0 une dalle tactile compatible Surface Pen de 13,5 ou 15 pouces au ratio 3:2. <a href=\"https:\/\/www.01net.com\/tests\/surface-book-2-sans-doute-le-pc-le-plus-polyvalent-et-endurant-de-microsoft-5881.html#content\/contribution\/edit\">Un \u00e9cran d\u2019excellente qualit\u00e9<\/a> qui n\u2019a donc\u2026 pas vraiment \u00e9volu\u00e9.<\/p>\n<h3 style=\"color:#333;font-family:arial,helvetica,sans-serif;font-size:23px;font-weight:700;\"><strong>50 % plus performant que son pr\u00e9d\u00e9cesseur<\/strong><\/h3>\n<figure class=\"figure text-center\"><img decoding=\"async\" class=\"article-img img-responsive-l\" src=\"https:\/\/img.bfmtv.com\/c\/0\/708\/735\/fcf37284d45ad28c9868c7307980e.jpg\" alt=\"\"\/><figcaption class=\"figure-caption figcaption color-txt-0 title-xs hidden-xs\"\/><\/figure>\n<p>Les principales nouveaut\u00e9s du Surface Book 3 se trouvent sous le capot. Toutes les versions de la machine sont d\u00e9sormais anim\u00e9es par un processeur Intel de dixi\u00e8me g\u00e9n\u00e9ration (Core i5-1035G7 ou Core i7-1065G7). De quoi en faire, sans surprise, le plus puissant PC de toute la gamme Surface, 50 % plus performant que son pr\u00e9d\u00e9cesseur, selon son constructeur.<\/p>\n<p>D\u2019autant que le reste de la configuration est \u00e0 l\u2019avenant. Le Surface Book 3 d\u2019entr\u00e9e de gamme se contente, certes, d\u2019un circuit graphique int\u00e9gr\u00e9 Iris Plus d\u2019Intel. Mais on peut opter pour un GPU plus puissant, soit un Geforce GTX 1650. Le mod\u00e8le 15 pouces lui, embarque d\u2019embl\u00e9e une Geforce GTX 1660 Ti, mais une puce Nvidia plus performante (Quadro RTX 3000) est aussi disponible en option.<\/p>\n<aside class=\"bg-color-0 padding-inside-all-s bloc border-s\">\n<h4 class=\"box-txt-normal\">\n<p><strong>A d\u00e9couvrir aussi en vid\u00e9o<\/strong><\/p>\n<\/h4>\n<\/aside>\n<p>Microsoft propose un large choix d\u2019options en mati\u00e8re de stockage et de m\u00e9moire vive, avec un SSD d\u2019au moins 256 Go sur toutes les configurations, mais qui peut grimper jusqu\u2019\u00e0 1 To. La RAM (LPDDR4x \u00e0 3733 Mhz) d\u00e9marre \u00e0 8 Go sur le mod\u00e8le 13,5 pouces et \u00e0 16 Go sur le mod\u00e8le 15 pouces, mais ceux qui le souhaitent &#8211; notamment les pros &#8211; peuvent l\u2019\u00e9tendre jusqu\u2019\u00e0 32 Go.<\/p>\n<h3 style=\"color:#333; font-family:arial,helvetica,sans-serif; font-size:23px; font-weight:700\"><strong>Wi-Fi 6 et enfin de l\u2019USB-C <\/strong><\/h3>\n<figure class=\"figure text-center\"><img decoding=\"async\" class=\"article-img img-responsive-l\" src=\"https:\/\/img.bfmtv.com\/c\/0\/708\/138\/5880cd8c204c4bd02c4d641a62398.jpg\" alt=\"\"\/><figcaption class=\"figure-caption figcaption color-txt-0 title-xs hidden-xs\"\/><\/figure>\n<p>Bonne nouvelle\u00a0: les nouveaux Surface Book sont bien compatibles Wi-Fi 6, <a href=\"https:\/\/www.01net.com\/actualites\/apple-met-a-jour-ses-macbook-pro-13-avec-deux-fois-plus-de-ram-et-de-ssd-pour-le-meme-prix-1907546.html\">contrairement aux machines d\u2019Apple les plus r\u00e9centes<\/a>. Ils b\u00e9n\u00e9ficient \u00e9galement d\u2019une connectique plut\u00f4t compl\u00e8te, avec deux ports USB-A et, enfin, un port USB-C qui permet par ailleurs de charger le PC\u2026 sans passer par le port propri\u00e9taire Surface Connect, toujours l\u00e0, \u00e0 la fois sur l\u2019\u00e9cran et la base de la machine. On appr\u00e9cie aussi la pr\u00e9sence d\u2019un port pour cartes SD.<\/p>\n<p>Evoquons la batterie, enfin. Microsoft avance une autonomie record pour ce nouveau produit, avec 17h30 d\u2019utilisation \u00ab\u00a0typique\u00a0\u00bb pour le mod\u00e8le 15 pouces et 15h30 pour le mod\u00e8le 13,5 pouces. L\u2019entreprise n\u2019indique en revanche pas l\u2019autonomie en mode tablette, avec l\u2019\u00e9cran d\u00e9tach\u00e9\u2026 Qui \u00e9tait assez limit\u00e9e, d\u2019apr\u00e8s nos tests, sur le pr\u00e9c\u00e9dent mod\u00e8le. Nous ferons nos propres mesures lorsque nos recevrons la machine pour essai.<\/p>\n<p>Evidemment, tout ceci a un prix. Nous n\u2019avons pas \u00e0 l\u2019heure actuelle le d\u00e9tail de toutes les configurations, mais Surface Book 3 demeure une machine \u00e9litiste, au tarif \u00e9lev\u00e9. Comptez au moins <strong>1799 euros <\/strong>pour la version la plus basique du mod\u00e8le 13,5 pouces, avec Core i5 et circuit graphique int\u00e9gr\u00e9, 8 Go de Ram et 256 Go de SSD. Quant \u00e0 la version de base du mod\u00e8le 15 pouces, mieux \u00e9quip\u00e9e (Core i7, 16 Go de RAM, SSD de 256 Go et une GTX 1660 Ti), son prix s\u2019envole\u00a0: ne comptez pas moins de <strong>2599 euros.<\/strong><\/p>\n<p><strong><a href=\"https:\/\/www.01net.com\/tests\/microsoft-surface-book-3-13-5-fiche-technique-61707.html\" target=\"_blank\" rel=\"noopener noreferrer\">La fiche technique compl\u00e8te du Surface Book 3 13,5\u00a0pouces <\/a><\/strong><\/p>\n<p><a href=\"https:\/\/www.01net.com\/tests\/microsoft-surface-book-3-15-fiche-technique-61708.html\" target=\"_blank\" rel=\"noopener noreferrer\">La fiche technique compl\u00e8te du Surface Book 3 15 pouces<\/a><\/p>\n<\/p><\/div>\n<p><script>\n         !function(f,b,e,v,n,t,s){if(f.fbq)return;n=f.fbq=function()\n         {n.callMethod? n.callMethod.apply(n,arguments):n.queue.push(arguments)}\n         ;if(!f._fbq)f._fbq=n;\n             n.push=n;n.loaded=!0;n.version='2.0';n.queue=[];t=b.createElement(e);t.async=!0;\n             t.src=v;s=b.getElementsByTagName(e)[0];s.parentNode.insertBefore(t,s)}(window,\n                 document,'script','https:\/\/connect.facebook.net\/en_US\/fbevents.js');\n         fbq('init', '1065890633454496');\n         fbq('track', 'PageView');\n     <\/script><br \/>\n<br \/>[ad_2]<br \/>\n<br \/><a href=\"https:\/\/www.01net.com\/actualites\/surface-book-3-microsoft-lance-la-nouvelle-version-du-plus-puissant-de-ses-ordinateurs-portables-1908201.html\">Source link <\/a><\/p>\n","protected":false},"excerpt":{"rendered":"<p>[ad_1] Ce n\u2019est pas trop t\u00f4t\u00a0! Plus de deux ans apr\u00e8s le lancement du Surface Pro 2, Microsoft remet le &hellip; <a href=\"http:\/\/www.affinite.fr\/index.php\/2020\/05\/06\/microsoft-lance-la-nouvelle-version-du-plus-puissant-de-ses-ordinateurs-portables\/\" class=\"more-link\">Plus <span class=\"screen-reader-text\">Microsoft lance la nouvelle version du plus puissant de ses ordinateurs portables<\/span> <span class=\"meta-nav\">&rarr;<\/span><\/a><\/p>\n","protected":false},"author":1,"featured_media":2638,"comment_status":"open","ping_status":"open","sticky":false,"template":"","format":"standard","meta":{"_sitemap_exclude":false,"_sitemap_priority":"","_sitemap_frequency":"","footnotes":""},"categories":[1],"tags":[],"class_list":["post-2637","post","type-post","status-publish","format-standard","has-post-thumbnail","hentry","category-tous"],"_links":{"self":[{"href":"http:\/\/www.affinite.fr\/index.php\/wp-json\/wp\/v2\/posts\/2637"}],"collection":[{"href":"http:\/\/www.affinite.fr\/index.php\/wp-json\/wp\/v2\/posts"}],"about":[{"href":"http:\/\/www.affinite.fr\/index.php\/wp-json\/wp\/v2\/types\/post"}],"author":[{"embeddable":true,"href":"http:\/\/www.affinite.fr\/index.php\/wp-json\/wp\/v2\/users\/1"}],"replies":[{"embeddable":true,"href":"http:\/\/www.affinite.fr\/index.php\/wp-json\/wp\/v2\/comments?post=2637"}],"version-history":[{"count":0,"href":"http:\/\/www.affinite.fr\/index.php\/wp-json\/wp\/v2\/posts\/2637\/revisions"}],"wp:featuredmedia":[{"embeddable":true,"href":"http:\/\/www.affinite.fr\/index.php\/wp-json\/wp\/v2\/media\/2638"}],"wp:attachment":[{"href":"http:\/\/www.affinite.fr\/index.php\/wp-json\/wp\/v2\/media?parent=2637"}],"wp:term":[{"taxonomy":"category","embeddable":true,"href":"http:\/\/www.affinite.fr\/index.php\/wp-json\/wp\/v2\/categories?post=2637"},{"taxonomy":"post_tag","embeddable":true,"href":"http:\/\/www.affinite.fr\/index.php\/wp-json\/wp\/v2\/tags?post=2637"}],"curies":[{"name":"wp","href":"https:\/\/api.w.org\/{rel}","templated":true}]}}