{"id":2630,"date":"2020-05-06T18:22:29","date_gmt":"2020-05-06T18:22:29","guid":{"rendered":"https:\/\/www.affinite.fr\/index.php\/2020\/05\/06\/pas-question-de-reporter-la-5g-malgre-la-crise-pour-la-commission-europeenne\/"},"modified":"2020-05-06T18:22:29","modified_gmt":"2020-05-06T18:22:29","slug":"pas-question-de-reporter-la-5g-malgre-la-crise-pour-la-commission-europeenne","status":"publish","type":"post","link":"http:\/\/www.affinite.fr\/index.php\/2020\/05\/06\/pas-question-de-reporter-la-5g-malgre-la-crise-pour-la-commission-europeenne\/","title":{"rendered":"Pas question de reporter la 5G malgr\u00e9 la crise, pour la Commission europ\u00e9enne"},"content":{"rendered":"<p> [ad_1]<br \/>\n<br \/><img decoding=\"async\" src=\"https:\/\/img.bfmtv.com\/i\/0\/0\/c72\/0fc74eabf8518439ef579ba579dec.jpeg\" \/><\/p>\n<div itemprop=\"articleBody\">\n<p>La 5G ne doit pas prendre trop de retard en Europe. La vice-pr\u00e9sidente de la Commission europ\u00e9enne Margrethe Vestager aurait rappel\u00e9 \u00e0 l\u2019ordre ce mardi les ministres de chaque pays en charge des t\u00e9l\u00e9coms. Il serait imp\u00e9ratif de tenir les objectifs fix\u00e9s en 2016\u00a0: commercialiser la 5G dans au moins une grande ville de chaque pays de l\u2019Union avant fin 2020, ainsi que dans toutes les zones urbaines et les grands axes de transport d\u2019ici 2025.<\/p>\n<aside class=\"bg-color-0 padding-inside-all-s bloc border-s\">\n<h4 class=\"box-txt-normal\">\n<p><strong>A d\u00e9couvrir aussi en vid\u00e9o<\/strong><\/p>\n<\/h4>\n<\/aside>\n<h3 style=\"color:#333;font-family:arial,helvetica,sans-serif;font-size:23px;font-weight:700;\">Plusieurs pays ont repouss\u00e9 l&rsquo;attribution des fr\u00e9quences<\/h3>\n<p>Cette intervention ferait suite, d\u2019apr\u00e8s le site Euractiv, \u00e0 une demande de la Croatie de revoir ce plan d\u2019action et ce calendrier.<\/p>\n<p>De nombreux pays europ\u00e9ens n\u2019ont toujours pas attribu\u00e9 leurs premi\u00e8res fr\u00e9quences 5G\u00a0: les proc\u00e9dures ont \u00e9t\u00e9 repouss\u00e9es en raison de la pand\u00e9mie et des mesures de confinement qui s\u2019en sont suivies. L\u2019Espagne, l\u2019Autriche, le Portugal, la Pologne et la R\u00e9publique tch\u00e8que seraient concern\u00e9s.<\/p>\n<p>Concernant la France, les ench\u00e8res devraient \u00eatre report\u00e9es <a href=\"https:\/\/www.01net.com\/actualites\/la-5g-prend-encore-du-retard-les-encheres-pour-les-frequences-seront-peut-etre-repoussees-a-la-rentree-1898813.html\" target=\"_blank\" rel=\"noopener noreferrer\">au plus tard au mois de septembre<\/a> pour un d\u00e9ploiement dans la foul\u00e9e. La commercialisation est donc envisageable cet automne.<\/p>\n<p>Source : <a href=\"https:\/\/www.euractiv.com\/section\/digital\/news\/vestager-urges-eu-member-states-not-to-backtrack-on-5g\/\" target=\"_blank\" rel=\"noopener noreferrer\">Euractiv<\/a><\/p><\/div>\n<p><script>\n         !function(f,b,e,v,n,t,s){if(f.fbq)return;n=f.fbq=function()\n         {n.callMethod? n.callMethod.apply(n,arguments):n.queue.push(arguments)}\n         ;if(!f._fbq)f._fbq=n;\n             n.push=n;n.loaded=!0;n.version='2.0';n.queue=[];t=b.createElement(e);t.async=!0;\n             t.src=v;s=b.getElementsByTagName(e)[0];s.parentNode.insertBefore(t,s)}(window,\n                 document,'script','https:\/\/connect.facebook.net\/en_US\/fbevents.js');\n         fbq('init', '1065890633454496');\n         fbq('track', 'PageView');\n     <\/script><br \/>\n<br \/>[ad_2]<br \/>\n<br \/><a href=\"https:\/\/www.01net.com\/actualites\/pas-question-de-reporter-la-5g-malgre-la-crise-pour-la-commission-europeenne-1908752.html\">Source link <\/a><\/p>\n","protected":false},"excerpt":{"rendered":"<p>[ad_1] La 5G ne doit pas prendre trop de retard en Europe. La vice-pr\u00e9sidente de la Commission europ\u00e9enne Margrethe Vestager &hellip; <a href=\"http:\/\/www.affinite.fr\/index.php\/2020\/05\/06\/pas-question-de-reporter-la-5g-malgre-la-crise-pour-la-commission-europeenne\/\" class=\"more-link\">Plus <span class=\"screen-reader-text\">Pas question de reporter la 5G malgr\u00e9 la crise, pour la Commission europ\u00e9enne<\/span> <span class=\"meta-nav\">&rarr;<\/span><\/a><\/p>\n","protected":false},"author":1,"featured_media":2190,"comment_status":"open","ping_status":"open","sticky":false,"template":"","format":"standard","meta":{"_sitemap_exclude":false,"_sitemap_priority":"","_sitemap_frequency":"","footnotes":""},"categories":[1],"tags":[],"class_list":["post-2630","post","type-post","status-publish","format-standard","has-post-thumbnail","hentry","category-tous"],"_links":{"self":[{"href":"http:\/\/www.affinite.fr\/index.php\/wp-json\/wp\/v2\/posts\/2630"}],"collection":[{"href":"http:\/\/www.affinite.fr\/index.php\/wp-json\/wp\/v2\/posts"}],"about":[{"href":"http:\/\/www.affinite.fr\/index.php\/wp-json\/wp\/v2\/types\/post"}],"author":[{"embeddable":true,"href":"http:\/\/www.affinite.fr\/index.php\/wp-json\/wp\/v2\/users\/1"}],"replies":[{"embeddable":true,"href":"http:\/\/www.affinite.fr\/index.php\/wp-json\/wp\/v2\/comments?post=2630"}],"version-history":[{"count":0,"href":"http:\/\/www.affinite.fr\/index.php\/wp-json\/wp\/v2\/posts\/2630\/revisions"}],"wp:featuredmedia":[{"embeddable":true,"href":"http:\/\/www.affinite.fr\/index.php\/wp-json\/wp\/v2\/media\/2190"}],"wp:attachment":[{"href":"http:\/\/www.affinite.fr\/index.php\/wp-json\/wp\/v2\/media?parent=2630"}],"wp:term":[{"taxonomy":"category","embeddable":true,"href":"http:\/\/www.affinite.fr\/index.php\/wp-json\/wp\/v2\/categories?post=2630"},{"taxonomy":"post_tag","embeddable":true,"href":"http:\/\/www.affinite.fr\/index.php\/wp-json\/wp\/v2\/tags?post=2630"}],"curies":[{"name":"wp","href":"https:\/\/api.w.org\/{rel}","templated":true}]}}