{"id":2619,"date":"2020-05-06T13:06:32","date_gmt":"2020-05-06T13:06:32","guid":{"rendered":"https:\/\/www.affinite.fr\/index.php\/2020\/05\/06\/comment-les-velos-veligo-font-face-a-lexplosion-de-la-demande-avant-le-deconfinement\/"},"modified":"2020-05-06T13:06:32","modified_gmt":"2020-05-06T13:06:32","slug":"comment-les-velos-veligo-font-face-a-lexplosion-de-la-demande-avant-le-deconfinement","status":"publish","type":"post","link":"http:\/\/www.affinite.fr\/index.php\/2020\/05\/06\/comment-les-velos-veligo-font-face-a-lexplosion-de-la-demande-avant-le-deconfinement\/","title":{"rendered":"Comment les v\u00e9los V\u00e9ligo font face \u00e0\u00a0l&rsquo;explosion de la demande avant le d\u00e9confinement"},"content":{"rendered":"<p> [ad_1]<br \/>\n<br \/><img decoding=\"async\" src=\"https:\/\/img.bfmtv.com\/i\/0\/0\/844\/bd5cef521568551e0959948433fcb.jpeg\" \/><\/p>\n<div itemprop=\"articleBody\">\n<p>Il devaient \u00eatre 10 000 au maximum en circulation, ils pourraient bien \u00eatre deux fois plus nombreux d\u2019ici 2021. Les <a href=\"https:\/\/www.01net.com\/actualites\/veligo-un-nouveau-service-de-location-pour-decouvrir-le-velo-electrique-a-paris-1759619.html\" target=\"_blank\" rel=\"noopener noreferrer\">V\u00e9ligo<\/a>, ces gros v\u00e9los \u00e9lectriques aux couleurs des bus de la r\u00e9gion Ile-de-France connaissent un vif engouement\u00a0depuis quelques semaines.<br \/>Le succ\u00e8s de ce service de location \u00e0 40 euros par mois \u00e9tait d\u00e9j\u00e0 au rendez-vous depuis son lancement en septembre dernier mais la pand\u00e9mie de Covid-19 et surtout la perspective d\u2019un d\u00e9confinement complexe ont g\u00e9n\u00e9r\u00e9 une vague de nouveaux utilisateurs.<\/p>\n<p>En effet, le service est pass\u00e9 de 6 500 utilisateurs, fin mars, \u00e0 plus de 9 000 souscriptions aujourd\u2019hui, alors m\u00eame que la possibilit\u00e9 d\u2019utiliser son v\u00e9lo \u00e9lectrique est tr\u00e8s r\u00e9duite.<br \/>L\u2019explication tient en une date : le 11 mai. Lundi prochain\u00a0synonyme \u00e0 la fois de fin du confinement et de reprise d\u2019activit\u00e9 et des transports en commun pour de nombreux Franciliens. Devant les difficult\u00e9s \u00e9videntes de respect des gestes barri\u00e8res dans les gares, les trains et les m\u00e9tros, ils sont donc nombreux \u00e0 envisager le trajet domicile travail \u00e0 v\u00e9lo.<br \/>Adeline Lefaivre, directrice de la communication de V\u00e9ligo, confirme l\u2019engouement pour le service :<\/p>\n<blockquote>\n<p><em>\u00ab\u00a0Nous sommes pass\u00e9s d\u2019une moyenne de cinq souscriptions par jour, sur les derniers mois \u00e0 plus de 100. Et ces derniers jours nous enregistrons\u00a0170 nouvelles r\u00e9servations toutes les 24 heures\u00a0\u00bb<\/em>.\u00a0<\/p>\n<\/blockquote>\n<h3 style=\"color:#333; font-family:arial,helvetica,sans-serif; font-size:23px; font-weight:700\">Y aura-t-il du V\u00e9ligo \u00e0 l\u2019\u00e9t\u00e9 ?<\/h3>\n<p>Pour la responsable du service, il est tr\u00e8s facile de dater l\u2019explosion de la demande :<\/p>\n<blockquote>\n<p><em>\u00ab\u00a0D\u00e8s le lendemain du discours d\u2019Emmanuel Macron, le 13 avril, avec l\u2019annonce de la date du possible d\u00e9confinement le 11 mai, nous avons constat\u00e9 un forte hausse de la demande. Depuis cette date, le nombre de souscriptions augmente chaque jour de 20%, alors que la demande \u00e9tait beaucoup plus faible pendant le confinement\u00a0\u00bb<\/em>.\u00a0<\/p>\n<\/blockquote>\n<p><strong>A lire aussi<\/strong><a href=\"https:\/\/www.01net.com\/tests\/on-a-teste-veligo-veritable-incitation-a-passer-au-velo-electrique-ou-experience-au-rabais-6324.html\" target=\"_blank\" rel=\"noopener noreferrer\"><strong>\u00a0notre test du v\u00e9lo V\u00e9ligo<\/strong><\/a><\/p>\n<p>Face \u00e0 cet engouement massif une question se pose : Ile-de-France Mobilit\u00e9s et son partenaire Fluow seront-ils en capables de faire face \u00e0 la demande ? Du c\u00f4t\u00e9 de V\u00e9ligo, on assure \u00eatre en mesure de tenir la charge. D\u2019une part parce qu\u2019une option a \u00e9t\u00e9 lev\u00e9e d\u00e8s le d\u00e9but 2020 pour porter le total de v\u00e9los en circulation \u00e0 15 000, mais aussi parce que la premi\u00e8re vague de v\u00e9los lou\u00e9s \u00e0 l\u2019automne va bient\u00f4t \u00eatre mise \u00e0 disposition de nouveaux clients.<br \/>En effet, le service de location, qui a pour objectif de faire conna\u00eetre la pratique du v\u00e9lo \u00e9lectrique, est limit\u00e9 \u00e0 une dur\u00e9e de 6 mois (avec la possibilit\u00e9 de prolonger son abonnement de 3 mois suppl\u00e9mentaires). Bien que plus de 50% des utilisateurs optent pour cette extension, une bonne partie des 6 500 v\u00e9los en circulation actuellement devrait trouver un nouveau propri\u00e9taire dans les prochaines semaines.\u00a0<\/p>\n<h3 style=\"color:#333; font-family:arial,helvetica,sans-serif; font-size:23px; font-weight:700\">Un d\u00e9lai de mise \u00e0 disposition rallong\u00e9<\/h3>\n<p>L\u2019augmentation de la taille de la flotte ainsi que le renouvellement d\u2019une partie des utilisateurs devrait donc permettre \u00e0 V\u00e9ligo d\u2019absorber la forte demande \u00e0 venir.<br \/>N\u00e9anmoins, le service a \u00e9galement d\u00fb composer avec les affres de la pand\u00e9mie, une partie du personnel \u00e9tant au ch\u00f4mage partiel et les usines de fabrication dans l\u2019Aube ayant tourn\u00e9 au ralenti. Par cons\u00e9quent, les d\u00e9lais de mise \u00e0 disposition des v\u00e9los sont pass\u00e9s de huit jours en moyenne \u00e0 deux semaines.<br \/>S\u2019il est possible que ce d\u00e9lai s\u2019allonge encore un peu \u00e0 l\u2019approche de l\u2019\u00e9t\u00e9, la r\u00e9gion Ile-de-France garde encore la possibilit\u00e9 d\u2019augmenter sa capacit\u00e9 totale de 5 000 v\u00e9los suppl\u00e9mentaires d\u2019ici 2021. Quoiqu\u2019il en soit, cette explosion des souscriptions n\u2019a pas fait varier le planning du service. En effet, V\u00e9ligo profite de l\u2019int\u00e9r\u00eat croissant des Fran\u00e7ais pour le v\u00e9lo et pr\u00e9voit toujours d\u2019ajouter \u00e0 son catalogue quelques 500 v\u00e9los cargo (bi-porteur et tri-porteur) d\u2019ici la fin de l\u2019ann\u00e9e.\u00a0<\/p>\n<\/p><\/div>\n<p><script>\n         !function(f,b,e,v,n,t,s){if(f.fbq)return;n=f.fbq=function()\n         {n.callMethod? n.callMethod.apply(n,arguments):n.queue.push(arguments)}\n         ;if(!f._fbq)f._fbq=n;\n             n.push=n;n.loaded=!0;n.version='2.0';n.queue=[];t=b.createElement(e);t.async=!0;\n             t.src=v;s=b.getElementsByTagName(e)[0];s.parentNode.insertBefore(t,s)}(window,\n                 document,'script','https:\/\/connect.facebook.net\/en_US\/fbevents.js');\n         fbq('init', '1065890633454496');\n         fbq('track', 'PageView');\n     <\/script><br \/>\n<br \/>[ad_2]<br \/>\n<br \/><a href=\"https:\/\/www.01net.com\/actualites\/comment-les-velos-veligo-font-face-al-explosion-de-la-demande-avant-le-deconfinement-1908546.html\">Source link <\/a><\/p>\n","protected":false},"excerpt":{"rendered":"<p>[ad_1] Il devaient \u00eatre 10 000 au maximum en circulation, ils pourraient bien \u00eatre deux fois plus nombreux d\u2019ici 2021. &hellip; <a href=\"http:\/\/www.affinite.fr\/index.php\/2020\/05\/06\/comment-les-velos-veligo-font-face-a-lexplosion-de-la-demande-avant-le-deconfinement\/\" class=\"more-link\">Plus <span class=\"screen-reader-text\">Comment les v\u00e9los V\u00e9ligo font face \u00e0\u00a0l&rsquo;explosion de la demande avant le d\u00e9confinement<\/span> <span class=\"meta-nav\">&rarr;<\/span><\/a><\/p>\n","protected":false},"author":1,"featured_media":2620,"comment_status":"open","ping_status":"open","sticky":false,"template":"","format":"standard","meta":{"_sitemap_exclude":false,"_sitemap_priority":"","_sitemap_frequency":"","footnotes":""},"categories":[1],"tags":[],"class_list":["post-2619","post","type-post","status-publish","format-standard","has-post-thumbnail","hentry","category-tous"],"_links":{"self":[{"href":"http:\/\/www.affinite.fr\/index.php\/wp-json\/wp\/v2\/posts\/2619"}],"collection":[{"href":"http:\/\/www.affinite.fr\/index.php\/wp-json\/wp\/v2\/posts"}],"about":[{"href":"http:\/\/www.affinite.fr\/index.php\/wp-json\/wp\/v2\/types\/post"}],"author":[{"embeddable":true,"href":"http:\/\/www.affinite.fr\/index.php\/wp-json\/wp\/v2\/users\/1"}],"replies":[{"embeddable":true,"href":"http:\/\/www.affinite.fr\/index.php\/wp-json\/wp\/v2\/comments?post=2619"}],"version-history":[{"count":0,"href":"http:\/\/www.affinite.fr\/index.php\/wp-json\/wp\/v2\/posts\/2619\/revisions"}],"wp:featuredmedia":[{"embeddable":true,"href":"http:\/\/www.affinite.fr\/index.php\/wp-json\/wp\/v2\/media\/2620"}],"wp:attachment":[{"href":"http:\/\/www.affinite.fr\/index.php\/wp-json\/wp\/v2\/media?parent=2619"}],"wp:term":[{"taxonomy":"category","embeddable":true,"href":"http:\/\/www.affinite.fr\/index.php\/wp-json\/wp\/v2\/categories?post=2619"},{"taxonomy":"post_tag","embeddable":true,"href":"http:\/\/www.affinite.fr\/index.php\/wp-json\/wp\/v2\/tags?post=2619"}],"curies":[{"name":"wp","href":"https:\/\/api.w.org\/{rel}","templated":true}]}}