{"id":2585,"date":"2020-05-05T15:57:04","date_gmt":"2020-05-05T15:57:04","guid":{"rendered":"https:\/\/www.affinite.fr\/index.php\/2020\/05\/05\/amazon-envisage-de-fermer-ses-entrepots-en-france-jusquau-8-mai\/"},"modified":"2020-05-05T15:57:04","modified_gmt":"2020-05-05T15:57:04","slug":"amazon-envisage-de-fermer-ses-entrepots-en-france-jusquau-8-mai","status":"publish","type":"post","link":"http:\/\/www.affinite.fr\/index.php\/2020\/05\/05\/amazon-envisage-de-fermer-ses-entrepots-en-france-jusquau-8-mai\/","title":{"rendered":"Amazon envisage de fermer ses entrep\u00f4ts en France jusqu&rsquo;au 8 mai"},"content":{"rendered":"<p> [ad_1]<br \/>\n<br \/><img decoding=\"async\" src=\"https:\/\/img.bfmtv.com\/i\/0\/0\/228\/9e9583958d3bdddc10afc584e1287.jpeg\" \/><\/p>\n<div itemprop=\"articleBody\">\n<p>Amazon pourrait poursuivre la\u00a0suspension des op\u00e9rations de ses centres de distribution en France jusqu&rsquo;au vendredi 8 mai inclus. Ce projet fait partie des points qui seront abord\u00e9s lors de la r\u00e9union avec le comit\u00e9 social et \u00e9conomique central de l\u2019entreprise.<\/p>\n<p>Actuellement, Amazon fait l&rsquo;objet d&rsquo;une d\u00e9cision du tribunal judiciaire de Nanterre (Hauts-de-Seine), qui a \u00e9t\u00e9 <a href=\"https:\/\/www.01net.com\/actualites\/les-entrepots-d-amazon-france-resteront-fermes-jusqu-au-5-mai-1903085.html\" target=\"_blank\" rel=\"noopener noreferrer\">confirm\u00e9e en appel<\/a>. Le g\u00e9ant du commerce en ligne est limit\u00e9 \u00e0 la livraison\u00a0de produits jug\u00e9s prioritaires :\u00a0high-tech, informatique, bureau, articles pour animaux domestiques, sant\u00e9 et soins du corps, nutrition, parapharmacie, ainsi que l&rsquo;\u00e9picerie, les <a href=\"http:\/\/www.affinite.fr\/index.php\/2022\/11\/20\/gros-glacons-pour-les-cocktails\/\">boissons<\/a> et l&rsquo;entretien. Pour chaque infraction, il doit payer une\u00a0astreinte de 100 000 euros.<\/p>\n<h3 style=\"color:#333; font-family:arial,helvetica,sans-serif; font-size:23px; font-weight:700\">Bras de fer avec les syndicats<\/h3>\n<p>Amazon se d\u00e9fend en indiquant que ses centres de distribution sont s\u00fbrs et que\u00a0\u00ab<em> l\u2019enjeu principal n\u2019est pas tant la s\u00e9curit\u00e9, que la volont\u00e9 de certaines organisations syndicales de tirer parti d\u2019un processus de consultation complexe avec les comit\u00e9s sociaux et \u00e9conomiques. \u00bb<\/em><\/p>\n<p>L\u2019astreinte pr\u00e9cis\u00e9e par la cour d&rsquo;appel pose un r\u00e9el probl\u00e8me financier car, selon l&rsquo;entreprise, m\u00eame un taux infime de traitement accidentel de produits non-autoris\u00e9s, de l\u2019ordre de 0,1%, pourrait entra\u00eener une p\u00e9nalit\u00e9 de plus d&rsquo;un milliard d&rsquo;euros par semaine.<\/p>\n<aside class=\"bg-color-0 padding-inside-all-s bloc border-s\">\n<h4 class=\"box-txt-normal\">\n<p><strong>A d\u00e9couvrir aussi en vid\u00e9o :<\/strong><\/p>\n<\/h4>\n<\/aside>\n<p>Si la fermeture temporaire des entrep\u00f4ts est prolong\u00e9e, les employ\u00e9s continueront \u00e0 recevoir leur plein salaire tout en restant chez eux. Quant aux clients, ils peuvent encore commander des produits sur le site fran\u00e7ais, car la livraison s&rsquo;effectue \u00e0 partir des entrep\u00f4ts de produits frontaliers, ou directement par des vendeurs tiers (Marketplace).<\/p>\n<\/p><\/div>\n<p><script>\n         !function(f,b,e,v,n,t,s){if(f.fbq)return;n=f.fbq=function()\n         {n.callMethod? n.callMethod.apply(n,arguments):n.queue.push(arguments)}\n         ;if(!f._fbq)f._fbq=n;\n             n.push=n;n.loaded=!0;n.version='2.0';n.queue=[];t=b.createElement(e);t.async=!0;\n             t.src=v;s=b.getElementsByTagName(e)[0];s.parentNode.insertBefore(t,s)}(window,\n                 document,'script','https:\/\/connect.facebook.net\/en_US\/fbevents.js');\n         fbq('init', '1065890633454496');\n         fbq('track', 'PageView');\n     <\/script><br \/>\n<br \/>[ad_2]<br \/>\n<br \/><a href=\"https:\/\/www.01net.com\/actualites\/amazon-envisage-de-fermer-ses-entrepots-en-france-jusqu-au-8-mai-1908066.html\">Source link <\/a><\/p>\n","protected":false},"excerpt":{"rendered":"<p>[ad_1] Amazon pourrait poursuivre la\u00a0suspension des op\u00e9rations de ses centres de distribution en France jusqu&rsquo;au vendredi 8 mai inclus. Ce &hellip; <a href=\"http:\/\/www.affinite.fr\/index.php\/2020\/05\/05\/amazon-envisage-de-fermer-ses-entrepots-en-france-jusquau-8-mai\/\" class=\"more-link\">Plus <span class=\"screen-reader-text\">Amazon envisage de fermer ses entrep\u00f4ts en France jusqu&rsquo;au 8 mai<\/span> <span class=\"meta-nav\">&rarr;<\/span><\/a><\/p>\n","protected":false},"author":1,"featured_media":2586,"comment_status":"open","ping_status":"open","sticky":false,"template":"","format":"standard","meta":{"_sitemap_exclude":false,"_sitemap_priority":"","_sitemap_frequency":"","footnotes":""},"categories":[1],"tags":[],"class_list":["post-2585","post","type-post","status-publish","format-standard","has-post-thumbnail","hentry","category-tous"],"_links":{"self":[{"href":"http:\/\/www.affinite.fr\/index.php\/wp-json\/wp\/v2\/posts\/2585"}],"collection":[{"href":"http:\/\/www.affinite.fr\/index.php\/wp-json\/wp\/v2\/posts"}],"about":[{"href":"http:\/\/www.affinite.fr\/index.php\/wp-json\/wp\/v2\/types\/post"}],"author":[{"embeddable":true,"href":"http:\/\/www.affinite.fr\/index.php\/wp-json\/wp\/v2\/users\/1"}],"replies":[{"embeddable":true,"href":"http:\/\/www.affinite.fr\/index.php\/wp-json\/wp\/v2\/comments?post=2585"}],"version-history":[{"count":0,"href":"http:\/\/www.affinite.fr\/index.php\/wp-json\/wp\/v2\/posts\/2585\/revisions"}],"wp:featuredmedia":[{"embeddable":true,"href":"http:\/\/www.affinite.fr\/index.php\/wp-json\/wp\/v2\/media\/2586"}],"wp:attachment":[{"href":"http:\/\/www.affinite.fr\/index.php\/wp-json\/wp\/v2\/media?parent=2585"}],"wp:term":[{"taxonomy":"category","embeddable":true,"href":"http:\/\/www.affinite.fr\/index.php\/wp-json\/wp\/v2\/categories?post=2585"},{"taxonomy":"post_tag","embeddable":true,"href":"http:\/\/www.affinite.fr\/index.php\/wp-json\/wp\/v2\/tags?post=2585"}],"curies":[{"name":"wp","href":"https:\/\/api.w.org\/{rel}","templated":true}]}}