{"id":2561,"date":"2020-05-05T03:22:24","date_gmt":"2020-05-05T03:22:24","guid":{"rendered":"https:\/\/www.affinite.fr\/index.php\/2020\/05\/05\/la-france-veut-mettre-en-place-deux-fichiers-recensant-les-malades\/"},"modified":"2020-05-05T03:22:24","modified_gmt":"2020-05-05T03:22:24","slug":"la-france-veut-mettre-en-place-deux-fichiers-recensant-les-malades","status":"publish","type":"post","link":"http:\/\/www.affinite.fr\/index.php\/2020\/05\/05\/la-france-veut-mettre-en-place-deux-fichiers-recensant-les-malades\/","title":{"rendered":"la France veut mettre en place deux fichiers recensant les malades"},"content":{"rendered":"<p> [ad_1]<br \/>\n<br \/><img decoding=\"async\" src=\"https:\/\/img.bfmtv.com\/i\/0\/0\/aca\/b87a7af79668accf72b7c1da6668a.jpeg\" \/><\/p>\n<div itemprop=\"articleBody\">\n<p>L\u2019application de contact tracing<a href=\"https:\/\/www.01net.com\/actualites\/stopcovid-orange-ambassadeur-de-la-france-aupres-d-apple-se-montre-plutot-confiant-1904722.html#content\/contribution\/edit\" target=\"_blank\" rel=\"noopener noreferrer\"> StopCovid <\/a>ne sera pas pr\u00eate pour le 11 mai et ne pourra donc accompagner les d\u00e9buts du d\u00e9confinement, comme l\u2019a confirm\u00e9 le ministre de la Sant\u00e9 Olivier V\u00e9ran ce week-end. En attendant, le projet de loi visant \u00e0 prolonger l\u2019urgence sanitaire jusqu\u2019au 24 juillet pr\u00e9voit de mettre en place deux syst\u00e8mes d&rsquo;information sur les malades.<\/p>\n<h3 style=\"color:#333; font-family:arial,helvetica,sans-serif; font-size:23px; font-weight:700\">Les laboratoires signaleront les cas d\u00e9pist\u00e9s<\/h3>\n<p>La premi\u00e8re base de donn\u00e9es sera intitul\u00e9e Sidep et collectera les informations venant des laboratoires de biologie m\u00e9dicale. Elle contiendra la liste des cas positifs au test du Covid-19. L\u2019autre fichier, Contact-Covid, recensera les noms et coordonn\u00e9es des personnes ayant \u00e9t\u00e9 sans le savoir en contact avec des personnes infect\u00e9es. Il a pour objectif de retracer les cha\u00eenes de contamination.<\/p>\n<h3 style=\"color:#333; font-family:arial,helvetica,sans-serif; font-size:23px; font-weight:700\">Les g\u00e9n\u00e9ralistes r\u00e9colteront les contacts<\/h3>\n<p>Contact-Covid sera g\u00e9r\u00e9 \u00e0 plusieurs niveaux. Les m\u00e9decins g\u00e9n\u00e9ralistes devront d&rsquo;abord fournir un formulaire \u00e0 leurs patients contamin\u00e9s, afin qu\u2019ils fournissent la liste et les coordonn\u00e9es des gens avec qui ils ont \u00e9t\u00e9 en contact. Le m\u00e9decin saisira ensuite ces informations en ligne et sera r\u00e9tribu\u00e9 en fonction du nombre de contacts saisis, de mani\u00e8re \u00e0 ne pas se limiter \u00e0 la cellule familiale.<\/p>\n<aside class=\"bg-color-0 padding-inside-all-s bloc border-s\">\n<h4 class=\"box-txt-normal\">\n<p><strong>A d\u00e9couvrir aussi en vid\u00e9o<\/strong><\/p>\n<\/h4>\n<\/aside>\n<h3 style=\"color:#333; font-family:arial,helvetica,sans-serif; font-size:23px; font-weight:700\">L&rsquo;Assurance maladie prendra le relais<\/h3>\n<p>Ce sont ensuite les enqu\u00eateurs t\u00e9l\u00e9phoniques de l\u2019Assurance maladie qui appelleront dans les 24 heures qui suivent les personnes list\u00e9es pour les soumettre \u00e0 un questionnaire. Il s&rsquo;agit des fameuses \u00ab\u00a0brigades d\u2019anges gardiens\u00a0\u00bb \u00e9voqu\u00e9es par Olivier V\u00e9ran. Ces \u00e9quipes pourront \u00eatre renforc\u00e9es par du personnel m\u00e9dical, social ou administratif. Elles seront charg\u00e9es d\u2019inciter les individus en question \u00e0 se tester et se confiner durant quatorze jours.\u00a0 Les Agences r\u00e9gionales de sant\u00e9 coordonneront le dispositif.<\/p>\n<h3 style=\"color:#333; font-family:arial,helvetica,sans-serif; font-size:23px; font-weight:700\">Et le consentement des individus ?<\/h3>\n<p>Le projet de loi laisse planer une zone d&rsquo;ombre sur le consentement des individus. D&rsquo;un c\u00f4t\u00e9 les patients des g\u00e9n\u00e9ralistes devraient \u00eatre libres de refuser de donner leurs contacts, de l&rsquo;autre le texte pr\u00e9voit de r\u00e9colter et de transmettre ces donn\u00e9es <em>\u00ab\u00a0 le cas \u00e9ch\u00e9ant sans le consentement des personnes int\u00e9ress\u00e9es\u00a0\u00bb<\/em>. De quoi alimenter la pol\u00e9mique.<\/p>\n<p>Le gouvernement a toutefois pr\u00e9cis\u00e9 que ces fichiers seraient limit\u00e9s \u00e0 la dur\u00e9e de l\u2019\u00e9pid\u00e9mie et que les donn\u00e9es seraient conserv\u00e9es au plus tard \u00e0 un an apr\u00e8s la publication de la loi. Une liste limit\u00e9e d\u2019organismes y ayant acc\u00e8s sera publi\u00e9e par d\u00e9cret. Enfin, ces syst\u00e8mes d&rsquo;information n\u2019alimenteront pas d\u2019application de type StopCovid et le tout sera soumis \u00e0 l\u2019avis de la CNIL.<\/p>\n<p>Sources : <a href=\"https:\/\/www.liberation.fr\/politiques\/2020\/05\/02\/fichiers-medicaux-isolement-tracage-le-gouvernement-precise-son-etat-d-urgence-sanitaire_1787175\" target=\"_blank\" rel=\"noopener noreferrer\">Lib\u00e9ration<\/a>, <a href=\"https:\/\/www.lemonde.fr\/politique\/article\/2020\/05\/02\/quarantaine-stopcovid-abandonne-verbalisations-les-precisions-du-gouvernement-sur-l-apres-11-mai_6038464_823448.html\" target=\"_blank\" rel=\"noopener noreferrer\">Le Monde<\/a><\/p>\n<\/p><\/div>\n<p><script>\n         !function(f,b,e,v,n,t,s){if(f.fbq)return;n=f.fbq=function()\n         {n.callMethod? n.callMethod.apply(n,arguments):n.queue.push(arguments)}\n         ;if(!f._fbq)f._fbq=n;\n             n.push=n;n.loaded=!0;n.version='2.0';n.queue=[];t=b.createElement(e);t.async=!0;\n             t.src=v;s=b.getElementsByTagName(e)[0];s.parentNode.insertBefore(t,s)}(window,\n                 document,'script','https:\/\/connect.facebook.net\/en_US\/fbevents.js');\n         fbq('init', '1065890633454496');\n         fbq('track', 'PageView');\n     <\/script><br \/>\n<br \/>[ad_2]<br \/>\n<br \/><a href=\"https:\/\/www.01net.com\/actualites\/covid-19-la-france-veut-mettre-en-place-deux-fichiers-recensant-les-malades-1907426.html\">Source link <\/a><\/p>\n","protected":false},"excerpt":{"rendered":"<p>[ad_1] L\u2019application de contact tracing StopCovid ne sera pas pr\u00eate pour le 11 mai et ne pourra donc accompagner les &hellip; <a href=\"http:\/\/www.affinite.fr\/index.php\/2020\/05\/05\/la-france-veut-mettre-en-place-deux-fichiers-recensant-les-malades\/\" class=\"more-link\">Plus <span class=\"screen-reader-text\">la France veut mettre en place deux fichiers recensant les malades<\/span> <span class=\"meta-nav\">&rarr;<\/span><\/a><\/p>\n","protected":false},"author":1,"featured_media":2562,"comment_status":"open","ping_status":"open","sticky":false,"template":"","format":"standard","meta":{"_sitemap_exclude":false,"_sitemap_priority":"","_sitemap_frequency":"","footnotes":""},"categories":[1],"tags":[],"class_list":["post-2561","post","type-post","status-publish","format-standard","has-post-thumbnail","hentry","category-tous"],"_links":{"self":[{"href":"http:\/\/www.affinite.fr\/index.php\/wp-json\/wp\/v2\/posts\/2561"}],"collection":[{"href":"http:\/\/www.affinite.fr\/index.php\/wp-json\/wp\/v2\/posts"}],"about":[{"href":"http:\/\/www.affinite.fr\/index.php\/wp-json\/wp\/v2\/types\/post"}],"author":[{"embeddable":true,"href":"http:\/\/www.affinite.fr\/index.php\/wp-json\/wp\/v2\/users\/1"}],"replies":[{"embeddable":true,"href":"http:\/\/www.affinite.fr\/index.php\/wp-json\/wp\/v2\/comments?post=2561"}],"version-history":[{"count":0,"href":"http:\/\/www.affinite.fr\/index.php\/wp-json\/wp\/v2\/posts\/2561\/revisions"}],"wp:featuredmedia":[{"embeddable":true,"href":"http:\/\/www.affinite.fr\/index.php\/wp-json\/wp\/v2\/media\/2562"}],"wp:attachment":[{"href":"http:\/\/www.affinite.fr\/index.php\/wp-json\/wp\/v2\/media?parent=2561"}],"wp:term":[{"taxonomy":"category","embeddable":true,"href":"http:\/\/www.affinite.fr\/index.php\/wp-json\/wp\/v2\/categories?post=2561"},{"taxonomy":"post_tag","embeddable":true,"href":"http:\/\/www.affinite.fr\/index.php\/wp-json\/wp\/v2\/tags?post=2561"}],"curies":[{"name":"wp","href":"https:\/\/api.w.org\/{rel}","templated":true}]}}