{"id":2554,"date":"2020-05-04T22:57:50","date_gmt":"2020-05-04T22:57:50","guid":{"rendered":"https:\/\/www.affinite.fr\/index.php\/2020\/05\/04\/le-marche-des-smartphones-baisse-mais-personne-nest-daccord-sur-le-chiffre\/"},"modified":"2020-05-04T22:57:50","modified_gmt":"2020-05-04T22:57:50","slug":"le-marche-des-smartphones-baisse-mais-personne-nest-daccord-sur-le-chiffre","status":"publish","type":"post","link":"http:\/\/www.affinite.fr\/index.php\/2020\/05\/04\/le-marche-des-smartphones-baisse-mais-personne-nest-daccord-sur-le-chiffre\/","title":{"rendered":"Le march\u00e9 des smartphones baisse&#8230; mais personne n\u2019est d\u2019accord sur le chiffre"},"content":{"rendered":"<p> [ad_1]<br \/>\n<br \/><img decoding=\"async\" src=\"https:\/\/img.bfmtv.com\/i\/0\/0\/78e\/80343f3efa4ac0b3bbe5146a2c926.jpeg\" \/><\/p>\n<div itemprop=\"articleBody\">\n<p>Quelle est la baisse exacte du march\u00e9 des smartphones au premier trimestre 2020 ? \u00c0 cette question, les cabinets d\u2019analyses sont bien en peine de r\u00e9pondre, \u00e0 l\u2019heure d\u2019un confinement qui perturbe tous les mod\u00e8les \u00e9tablis durant des ann\u00e9es.\u00a0<\/p>\n<p>Comme le r\u00e9sume 9To5Mac, quatre d\u2019entre eux ont \u00e9mis leurs estimations de ventes par rapport au premier trimestre 2019. Aucun n\u2019est r\u00e9ellement d\u2019accord, si ce n\u2019est sur une baisse incontestable :<\/p>\n<ul>\n<li><strong>TrendForce<\/strong> : -10 %<\/li>\n<li><strong>IDC<\/strong> : -11,7 %<\/li>\n<li><strong>Counterpoint<\/strong> : -13 %<\/li>\n<li><strong>Omdia<\/strong> : -16,8 %<br \/>\u00a0<\/li>\n<\/ul>\n<p>On note \u00e9galement que quel que soit le chiffre de cette baisse, Apple s\u2019en sort mieux que la globalit\u00e9 du march\u00e9. La soci\u00e9t\u00e9 a d\u00e9clar\u00e9 lors de la pr\u00e9sentation de ses derniers r\u00e9sultats trimestriels <a href=\"https:\/\/www.01net.com\/actualites\/apple-annonce-des-resultats-en-croissance-malgre-le-coronavirus-1907282.html\" target=\"_blank\" rel=\"noopener noreferrer\">une chute des ventes d\u2019iPhone de 7 % sur les trois premiers mois de l\u2019ann\u00e9e 2020<\/a>.\u00a0<\/p>\n<h3 style=\"color:#333; font-family:arial,helvetica,sans-serif; font-size:23px; font-weight:700\">La situation va perdurer<\/h3>\n<p>En mars dernier, Strategy Analytics estimait que <a href=\"https:\/\/www.01net.com\/actualites\/les-ventes-de-smartphones-ont-connu-une-baisse-historique-en-fevrier-1880464.html\" target=\"_blank\" rel=\"noopener noreferrer\">la baisse du march\u00e9 des smartphones \u00e9tait de 38 %<\/a> pour le seul mois de f\u00e9vrier 2020. Un chiffre historique dans ce secteur.\u00a0<\/p>\n<aside class=\"bg-color-0 padding-inside-all-s bloc border-s\">\n<h4 class=\"box-txt-normal\">\n<p><strong>\u00c0 d\u00e9couvrir aussi en vid\u00e9o<\/strong><\/p>\n<\/h4>\n<\/aside>\n<p>Entre les perturbations des cha\u00eenes logistiques, la fermeture des boutiques physiques et le report des achats par les clients ; le trimestre actuel risque de ne pas inverser la tendance.\u00a0<\/p>\n<p><strong>Source : <a href=\"https:\/\/9to5mac.com\/2020\/05\/01\/global-smartphone-shipments-2\/\" target=\"_blank\" rel=\"noopener noreferrer\">9To5Mac<\/a><\/strong><\/p>\n<\/p><\/div>\n<p><script>\n         !function(f,b,e,v,n,t,s){if(f.fbq)return;n=f.fbq=function()\n         {n.callMethod? n.callMethod.apply(n,arguments):n.queue.push(arguments)}\n         ;if(!f._fbq)f._fbq=n;\n             n.push=n;n.loaded=!0;n.version='2.0';n.queue=[];t=b.createElement(e);t.async=!0;\n             t.src=v;s=b.getElementsByTagName(e)[0];s.parentNode.insertBefore(t,s)}(window,\n                 document,'script','https:\/\/connect.facebook.net\/en_US\/fbevents.js');\n         fbq('init', '1065890633454496');\n         fbq('track', 'PageView');\n     <\/script><br \/>\n<br \/>[ad_2]<br \/>\n<br \/><a href=\"https:\/\/www.01net.com\/actualites\/le-marche-des-smartphones-baisse-mais-personne-n-est-d-accord-sur-le-chiffre-1907388.html\">Source link <\/a><\/p>\n","protected":false},"excerpt":{"rendered":"<p>[ad_1] Quelle est la baisse exacte du march\u00e9 des smartphones au premier trimestre 2020 ? \u00c0 cette question, les cabinets &hellip; <a href=\"http:\/\/www.affinite.fr\/index.php\/2020\/05\/04\/le-marche-des-smartphones-baisse-mais-personne-nest-daccord-sur-le-chiffre\/\" class=\"more-link\">Plus <span class=\"screen-reader-text\">Le march\u00e9 des smartphones baisse&#8230; mais personne n\u2019est d\u2019accord sur le chiffre<\/span> <span class=\"meta-nav\">&rarr;<\/span><\/a><\/p>\n","protected":false},"author":1,"featured_media":2231,"comment_status":"open","ping_status":"open","sticky":false,"template":"","format":"standard","meta":{"_sitemap_exclude":false,"_sitemap_priority":"","_sitemap_frequency":"","footnotes":""},"categories":[1],"tags":[],"class_list":["post-2554","post","type-post","status-publish","format-standard","has-post-thumbnail","hentry","category-tous"],"_links":{"self":[{"href":"http:\/\/www.affinite.fr\/index.php\/wp-json\/wp\/v2\/posts\/2554"}],"collection":[{"href":"http:\/\/www.affinite.fr\/index.php\/wp-json\/wp\/v2\/posts"}],"about":[{"href":"http:\/\/www.affinite.fr\/index.php\/wp-json\/wp\/v2\/types\/post"}],"author":[{"embeddable":true,"href":"http:\/\/www.affinite.fr\/index.php\/wp-json\/wp\/v2\/users\/1"}],"replies":[{"embeddable":true,"href":"http:\/\/www.affinite.fr\/index.php\/wp-json\/wp\/v2\/comments?post=2554"}],"version-history":[{"count":0,"href":"http:\/\/www.affinite.fr\/index.php\/wp-json\/wp\/v2\/posts\/2554\/revisions"}],"wp:featuredmedia":[{"embeddable":true,"href":"http:\/\/www.affinite.fr\/index.php\/wp-json\/wp\/v2\/media\/2231"}],"wp:attachment":[{"href":"http:\/\/www.affinite.fr\/index.php\/wp-json\/wp\/v2\/media?parent=2554"}],"wp:term":[{"taxonomy":"category","embeddable":true,"href":"http:\/\/www.affinite.fr\/index.php\/wp-json\/wp\/v2\/categories?post=2554"},{"taxonomy":"post_tag","embeddable":true,"href":"http:\/\/www.affinite.fr\/index.php\/wp-json\/wp\/v2\/tags?post=2554"}],"curies":[{"name":"wp","href":"https:\/\/api.w.org\/{rel}","templated":true}]}}