{"id":2544,"date":"2020-05-04T17:31:10","date_gmt":"2020-05-04T17:31:10","guid":{"rendered":"https:\/\/www.affinite.fr\/index.php\/2020\/05\/04\/les-drones-de-la-police-parisienne-attaques-en-justice\/"},"modified":"2020-05-04T17:31:10","modified_gmt":"2020-05-04T17:31:10","slug":"les-drones-de-la-police-parisienne-attaques-en-justice","status":"publish","type":"post","link":"http:\/\/www.affinite.fr\/index.php\/2020\/05\/04\/les-drones-de-la-police-parisienne-attaques-en-justice\/","title":{"rendered":"les drones de la police parisienne attaqu\u00e9s en justice"},"content":{"rendered":"<p> [ad_1]<br \/>\n<\/p>\n<div itemprop=\"articleBody\">\n<p>La Quadrature du net et La Ligue des droits de l\u2019Homme partent en guerre contre les drones utilis\u00e9s par la police et la gendarmerie pour d\u00e9busquer les infractions au confinement. Les deux associations ont d\u00e9pos\u00e9 un r\u00e9f\u00e9r\u00e9 devant le tribunal administratif de Paris samedi dernier contre la pr\u00e9fecture de police de Paris.<\/p>\n<p>Un drone qui vous intime l\u2019ordre de rentrer chez vous alors que vous tra\u00eenez sur une plage ou sur le pas de votre porte, ce n\u2019est en effet plus de la science-fiction. Depuis le 17 mars, ces a\u00e9ronefs surveillent le comportement des Fran\u00e7ais, filment les contrevenants, voir les identifient pour les verbaliser plus tard, et les interpellent m\u00eame au moyen de hauts-parleurs.<\/p>\n<figure class=\"figure text-center\"><img decoding=\"async\" class=\"article-img img-responsive-l\" src=\"https:\/\/img.bfmtv.com\/c\/0\/708\/f1f\/2bc3247373f1dc7cf45b9b6dc6e9a.jpeg\" alt=\"Un drone d\u00e9ploy\u00e9 \u00e0 Nice invite les passants \u00e0 rentrer chez eux.\"\/><figcaption class=\"figure-caption figcaption color-txt-0 title-xs hidden-xs\">\n                                    VALERY HACHE \/ AFP<br \/>\n                                                    &#8211; Un drone d\u00e9ploy\u00e9 \u00e0 Nice invite les passants \u00e0 rentrer chez eux.<br \/>\n                            <\/figcaption><\/figure>\n<h3 style=\"color:#333;font-family:arial,helvetica,sans-serif;font-size:23px;font-weight:700;\">Aucun cadre l\u00e9gal<\/h3>\n<p>Une pratique intol\u00e9rable pour la Quadrature du Net et la Ligue des Droits de l\u2019homme. Elles d\u00e9noncent l\u2019absence de cadre l\u00e9gal de cette pratique qui porte atteinte au droit \u00e0 la vie priv\u00e9e\u00a0: aucune limitation d\u2019acc\u00e8s \u00e0 ces images n\u2019est fix\u00e9e ni dur\u00e9e de conservation. Elles estiment enfin que ce dispositif est disproportionn\u00e9. Si elles obtiennent gain de cause, elles esp\u00e8rent que cela contraindra la police et la gendarmerie \u00e0 y renoncer sur tout le territoire.<\/p>\n<aside class=\"bg-color-0 padding-inside-all-s bloc border-s\">\n<h4 class=\"box-txt-normal\">\n<p><strong>A d\u00e9couvrir aussi en vid\u00e9o<\/strong><\/p>\n<\/h4>\n<\/aside>\n<p>Les forces de l\u2019ordre faisaient jusque-l\u00e0 ponctuellement voler des drones lors de manifestations pour du maintien de l\u2019ordre ou \u00e0 l\u2019occasion de grands \u00e9v\u00e9nements, afin de pr\u00e9venir des actes de terrorisme. D\u2019apr\u00e8s un rapport du S\u00e9nat cit\u00e9 par la Quadrature du net, 535 vols de drones auraient eu lieu entre le 24 mars et le 24 avril, dont 251 de surveillance.<\/p>\n<p>Source : <a href=\"https:\/\/www.laquadrature.net\/2020\/05\/04\/nous-attaquons-les-drones-de-la-police-parisienne\/\" target=\"_blank\" rel=\"noopener noreferrer\">la Quadrature du net<\/a><\/p>\n<\/p><\/div>\n<p><script>\n         !function(f,b,e,v,n,t,s){if(f.fbq)return;n=f.fbq=function()\n         {n.callMethod? n.callMethod.apply(n,arguments):n.queue.push(arguments)}\n         ;if(!f._fbq)f._fbq=n;\n             n.push=n;n.loaded=!0;n.version='2.0';n.queue=[];t=b.createElement(e);t.async=!0;\n             t.src=v;s=b.getElementsByTagName(e)[0];s.parentNode.insertBefore(t,s)}(window,\n                 document,'script','https:\/\/connect.facebook.net\/en_US\/fbevents.js');\n         fbq('init', '1065890633454496');\n         fbq('track', 'PageView');\n     <\/script><br \/>\n<br \/>[ad_2]<br \/>\n<br \/><a href=\"https:\/\/www.01net.com\/actualites\/confinement-les-drones-de-la-police-parisienne-attaques-en-justice-1907597.html\">Source link <\/a><\/p>\n","protected":false},"excerpt":{"rendered":"<p>[ad_1] La Quadrature du net et La Ligue des droits de l\u2019Homme partent en guerre contre les drones utilis\u00e9s par &hellip; <a href=\"http:\/\/www.affinite.fr\/index.php\/2020\/05\/04\/les-drones-de-la-police-parisienne-attaques-en-justice\/\" class=\"more-link\">Plus <span class=\"screen-reader-text\">les drones de la police parisienne attaqu\u00e9s en justice<\/span> <span class=\"meta-nav\">&rarr;<\/span><\/a><\/p>\n","protected":false},"author":1,"featured_media":2545,"comment_status":"open","ping_status":"open","sticky":false,"template":"","format":"standard","meta":{"_sitemap_exclude":false,"_sitemap_priority":"","_sitemap_frequency":"","footnotes":""},"categories":[1],"tags":[],"class_list":["post-2544","post","type-post","status-publish","format-standard","has-post-thumbnail","hentry","category-tous"],"_links":{"self":[{"href":"http:\/\/www.affinite.fr\/index.php\/wp-json\/wp\/v2\/posts\/2544"}],"collection":[{"href":"http:\/\/www.affinite.fr\/index.php\/wp-json\/wp\/v2\/posts"}],"about":[{"href":"http:\/\/www.affinite.fr\/index.php\/wp-json\/wp\/v2\/types\/post"}],"author":[{"embeddable":true,"href":"http:\/\/www.affinite.fr\/index.php\/wp-json\/wp\/v2\/users\/1"}],"replies":[{"embeddable":true,"href":"http:\/\/www.affinite.fr\/index.php\/wp-json\/wp\/v2\/comments?post=2544"}],"version-history":[{"count":0,"href":"http:\/\/www.affinite.fr\/index.php\/wp-json\/wp\/v2\/posts\/2544\/revisions"}],"wp:featuredmedia":[{"embeddable":true,"href":"http:\/\/www.affinite.fr\/index.php\/wp-json\/wp\/v2\/media\/2545"}],"wp:attachment":[{"href":"http:\/\/www.affinite.fr\/index.php\/wp-json\/wp\/v2\/media?parent=2544"}],"wp:term":[{"taxonomy":"category","embeddable":true,"href":"http:\/\/www.affinite.fr\/index.php\/wp-json\/wp\/v2\/categories?post=2544"},{"taxonomy":"post_tag","embeddable":true,"href":"http:\/\/www.affinite.fr\/index.php\/wp-json\/wp\/v2\/tags?post=2544"}],"curies":[{"name":"wp","href":"https:\/\/api.w.org\/{rel}","templated":true}]}}