{"id":2523,"date":"2020-05-04T11:40:42","date_gmt":"2020-05-04T11:40:42","guid":{"rendered":"https:\/\/www.affinite.fr\/index.php\/2020\/05\/04\/into-the-night-netflix-que-vaut-la-serie-apocalyptique-belge-news-series-a-la-tv\/"},"modified":"2020-05-04T11:40:42","modified_gmt":"2020-05-04T11:40:42","slug":"into-the-night-netflix-que-vaut-la-serie-apocalyptique-belge-news-series-a-la-tv","status":"publish","type":"post","link":"http:\/\/www.affinite.fr\/index.php\/2020\/05\/04\/into-the-night-netflix-que-vaut-la-serie-apocalyptique-belge-news-series-a-la-tv\/","title":{"rendered":"Into the night (Netflix) : que vaut la s\u00e9rie apocalyptique belge ? &#8211; News S\u00e9ries \u00e0 la TV"},"content":{"rendered":"<p> [ad_1]<br \/>\n<\/p>\n<p>Netflix a lanc\u00e9 ce vendredi sa premi\u00e8re s\u00e9rie belge originale, \u00ab\u00a0Into the Night\u00a0\u00bb, au pitch ultra-accrocheur. Un soleil qui tue, les passagers d&rsquo;un avion qui le fuit&#8230; un survival apocalyptique qui vaut le d\u00e9tour ?<\/p>\n<div id=\"article-content\">\n<figure class=\"article-figure article-main-figure\"><img loading=\"lazy\" decoding=\"async\" class=\"article-figure-img\" width=\"640\" height=\"360\" src=\"http:\/\/fr.web.img3.acsta.net\/r_640_360\/newsv7\/20\/05\/04\/11\/31\/3946364.jpg\"\/><\/figure>\n<p>De quoi \u00e7a parle ?<\/p>\n<p><i>Lorsque le soleil commence soudain \u00e0 tout tuer sur son chemin, les passagers d&rsquo;un vol de nuit en partance de Bruxelles tentent de survivre par tous les moyens, coinc\u00e9s dans un avion condamn\u00e9 \u00e0 faire le tour de la Terre&#8230;<\/i><\/p>\n<p><strong><span>Disponible sur Netflix. 6 \u00e9pisodes vus sur 6.<\/span><\/strong><\/p>\n<p><strong><span><\/p>\n<p>\u00e0 quoi \u00e7a ressemble ?<\/p>\n<p><\/span><\/strong><\/p>\n<p>\u00a0<\/p>\n<p><strong><span><\/p>\n<p>C&rsquo;est avec qui ?<\/p>\n<p><\/span><\/strong><\/p>\n<p><span><span>Servie par une distribution internationale francophone, Into the night peut notamment compter sur les talents des Belges\u00a0<a title=\"Pauline Etienne (Belgique) (Acteur)\" href=\"http:\/\/www.allocine.fr\/personne\/fichepersonne_gen_cpersonne=216709.html\">Pauline Etienne<\/a>, remarqu\u00e9e notamment dans <a title=\"La Religieuse (France,Allemagne,Belgique) - 2013 (Drame)\" href=\"http:\/\/www.allocine.fr\/film\/fichefilm_gen_cfilm=174677.html\">La Religieuse<\/a>, la s\u00e9rie\u00a0<a title=\"Ennemi public (Belgique) (Policier)\" href=\"http:\/\/www.allocine.fr\/series\/ficheserie_gen_cserie=20461.html\">Ennemi Public<\/a> et pr\u00e9sente dans deux saisons du <a title=\"Le Bureau des L\u00e9gendes (France) (Drame,Espionnage)\" href=\"http:\/\/www.allocine.fr\/series\/ficheserie_gen_cserie=17907.html\">Bureau des l\u00e9gendes<\/a>; <a title=\"Laurent Capelluto (Congo (Kinshasa),Belgique) (Acteur)\" href=\"http:\/\/www.allocine.fr\/personne\/fichepersonne_gen_cpersonne=176642.html\">Laurent Capelluto<\/a>, vu dans <a title=\"Zone Blanche (France,Belgique) (Thriller,Policier,Judiciaire)\" href=\"http:\/\/www.allocine.fr\/series\/ficheserie_gen_cserie=20665.html\">Zone Blanche<\/a>; <a title=\"Astrid Whettnall (Belgique) (Acteur)\" href=\"http:\/\/www.allocine.fr\/personne\/fichepersonne_gen_cpersonne=551653.html\">Astrid Whettnall<\/a>, inconditonnelle alli\u00e9e du h\u00e9ros de <a title=\"Baron Noir (France) (Thriller,Drame)\" href=\"http:\/\/www.allocine.fr\/series\/ficheserie_gen_cserie=19344.html\">Baron Noir<\/a>; et\u00a0<a title=\"Jan Bijvoet (Belgique) (Acteur)\" href=\"http:\/\/www.allocine.fr\/personne\/fichepersonne_gen_cpersonne=628021.html\">Jan Bijvoet<\/a><span>\u00a0crois\u00e9 dans <a title=\"Peaky Blinders (Grande-Bretagne) (Drame,Historique,Policier)\" href=\"http:\/\/www.allocine.fr\/series\/ficheserie_gen_cserie=11303.html\">Peaky Blinders<\/a>.<\/span>\u00a0On retrouve \u00e9galement la Fran\u00e7aise <a title=\"Alba Gaia Bellugi (France) (Acteur)\" href=\"http:\/\/www.allocine.fr\/personne\/fichepersonne_gen_cpersonne=132992.html\">Alba Ga\u00efa Bellugi<\/a>, r\u00e9v\u00e9l\u00e9e dans <a title=\"3 X Manon (France) (Drame)\" href=\"http:\/\/www.allocine.fr\/series\/ficheserie_gen_cserie=12227.html\">3X Manon<\/a>, sa suite\u00a0<a title=\"Manon 20 ans (France) (Drame)\" href=\"http:\/\/www.allocine.fr\/series\/ficheserie_gen_cserie=20672.html\">Manon 20 ans<\/a> et vue r\u00e9cemment dans <a title=\"Une \u00cele (France) (Drame,Thriller,Fantastique)\" href=\"http:\/\/www.allocine.fr\/series\/ficheserie_gen_cserie=24117.html\">Une \u00eele<\/a>; le Turc <a title=\"Mehmet Kurtulu\u015f (Turquie,Allemagne) (Acteur,Coproducteur,Producteur)\" href=\"http:\/\/www.allocine.fr\/personne\/fichepersonne_gen_cpersonne=28281.html\">Mehmet Kurtulus<\/a>; l&rsquo;Italien\u00a0<a title=\"Stefano Cassetti (Italie) (Acteur)\" href=\"http:\/\/www.allocine.fr\/personne\/fichepersonne_gen_cpersonne=60897.html\">Stefano Cassetti<\/a> et bien d&rsquo;autres.<\/span><\/span><\/p>\n<p><strong><span><\/p>\n<p>\u00e7a vaut le coup d&rsquo;oeil ?<\/p>\n<p><\/span><\/strong><\/p>\n<p><span>Pour sa toute premi\u00e8re cr\u00e9ation originale belge, Netflix n&rsquo;a pas choisi la facilit\u00e9 avec <a title=\"Into The Night (Belgique) (Science fiction,Drame,Thriller)\" href=\"http:\/\/www.allocine.fr\/series\/ficheserie_gen_cserie=25585.html\">Into the Night<\/a>, s\u00e9rie de science-fiction apocalyptique fa\u00e7on <i>survival<\/i> au pitch extr\u00eamement accrocheur, qui doit donc \u00e0 la fois surprendre, tenir la route visuellement et tenir la distance aussi une fois les enjeux pos\u00e9s. En choisissant un format de 6 \u00e9pisodes de 40 minutes, c&rsquo;est de toute \u00e9vidence l&rsquo;efficacit\u00e9 qui a \u00e9t\u00e9 privil\u00e9gi\u00e9e, quitte \u00e0 faire l&rsquo;impasse sur la vraisemblance et l&rsquo;\u00e9criture des personnages. On comprend ainsi assez rapidement qu&rsquo;il ne faudra pas chercher ici un sous-texte philosophique et politique, ni une \u00e9tude sociologique et encore moins une v\u00e9rit\u00e9 scientifique. La s\u00e9rie s&rsquo;impose en divertissement captivant o\u00f9 tout va \u00e0 100 l&rsquo;heure.<\/span><\/p>\n<p>Le premier \u00e9pisode est d\u00e9stabilisant \u00e0 deux \u00e9gards : on a d&rsquo;abord assez peu l&rsquo;habitude que ce genre soit explor\u00e9 dans les fictions de nos contr\u00e9es, il faut donc accepter que nos moyens modestes ne permettent pas de rivaliser avec ceux des am\u00e9ricains et qu&rsquo;Into the Night, tourn\u00e9e entre la Belgique, la Bulgarie et les Pays-Bas, aura un aspect l\u00e9g\u00e8rement <i>cheap<\/i>, ce qui est compens\u00e9 par le fait qu&rsquo;il s&rsquo;agit \u00e0 80% du temps d&rsquo;un huis clos dans l&rsquo;avion; ensuite, \u00e9crite en anglais puis adapt\u00e9e en fran\u00e7ais, elle souffre de dialogues peu naturels, avec lesquels des acteurs dont le fran\u00e7ais n&rsquo;est pas toujours la langue d&rsquo;origine doivent se d\u00e9brouiller comme ils peuvent. Il faut donc composer avec des jeux approximatifs et des phrases pas toujours compr\u00e9hensibles. Ce probl\u00e8me a toutefois<span>\u00a0tendance \u00e0 s&rsquo;effacer \u00e0 mesure que les com\u00e9diens prennent pleine possession de leurs personnages, des com\u00e9diens par ailleurs tous plut\u00f4t bons individuellement, comme on a pu le constater dans leurs projets pr\u00e9c\u00e9dents. La coh\u00e9sion de groupe se fait petit \u00e0 petit.<\/span><\/p>\n<p>Une fois tout cela dig\u00e9r\u00e9, Into the Night vous attrappe et ne vous l\u00e2che plus gr\u00e2ce \u00e0 son rythme effren\u00e9, sa mise en sc\u00e8ne redoutable d&rsquo;efficacit\u00e9, ses rebondissements et <i>cliffhangers <\/i>bien pens\u00e9s, ses personnages dont le sort nous importe finalement v\u00e9ritablement, jusqu&rsquo;\u00e0 une derni\u00e8re sc\u00e8ne qui donne furieusement envie d&rsquo;une saison 2 puisque l&rsquo;aventure ne semble que commencer. Cette s\u00e9rie aurait pu \u00eatre une catastrophe, elle d\u00e9joue les pronostics en jouant la carte de la modestie et du divertissement \u00e0 tout prix. Elle aurait sans aucun doute eu sa place sur une grande cha\u00eene en prime-time.<\/p>\n<\/p><\/div>\n<p>[ad_2]<br \/>\n<br \/><a href=\"http:\/\/rss.allocine.fr\/~r\/ac\/actualites\/~3\/5oH7qWpOHDA\/fichearticle_gen_carticle=18689819.html\">Source link <\/a><\/p>\n","protected":false},"excerpt":{"rendered":"<p>[ad_1] Netflix a lanc\u00e9 ce vendredi sa premi\u00e8re s\u00e9rie belge originale, \u00ab\u00a0Into the Night\u00a0\u00bb, au pitch ultra-accrocheur. Un soleil qui &hellip; <a href=\"http:\/\/www.affinite.fr\/index.php\/2020\/05\/04\/into-the-night-netflix-que-vaut-la-serie-apocalyptique-belge-news-series-a-la-tv\/\" class=\"more-link\">Plus <span class=\"screen-reader-text\">Into the night (Netflix) : que vaut la s\u00e9rie apocalyptique belge ? &#8211; News S\u00e9ries \u00e0 la TV<\/span> <span class=\"meta-nav\">&rarr;<\/span><\/a><\/p>\n","protected":false},"author":1,"featured_media":2524,"comment_status":"open","ping_status":"open","sticky":false,"template":"","format":"standard","meta":{"_sitemap_exclude":false,"_sitemap_priority":"","_sitemap_frequency":"","footnotes":""},"categories":[1],"tags":[],"class_list":["post-2523","post","type-post","status-publish","format-standard","has-post-thumbnail","hentry","category-tous"],"_links":{"self":[{"href":"http:\/\/www.affinite.fr\/index.php\/wp-json\/wp\/v2\/posts\/2523"}],"collection":[{"href":"http:\/\/www.affinite.fr\/index.php\/wp-json\/wp\/v2\/posts"}],"about":[{"href":"http:\/\/www.affinite.fr\/index.php\/wp-json\/wp\/v2\/types\/post"}],"author":[{"embeddable":true,"href":"http:\/\/www.affinite.fr\/index.php\/wp-json\/wp\/v2\/users\/1"}],"replies":[{"embeddable":true,"href":"http:\/\/www.affinite.fr\/index.php\/wp-json\/wp\/v2\/comments?post=2523"}],"version-history":[{"count":0,"href":"http:\/\/www.affinite.fr\/index.php\/wp-json\/wp\/v2\/posts\/2523\/revisions"}],"wp:featuredmedia":[{"embeddable":true,"href":"http:\/\/www.affinite.fr\/index.php\/wp-json\/wp\/v2\/media\/2524"}],"wp:attachment":[{"href":"http:\/\/www.affinite.fr\/index.php\/wp-json\/wp\/v2\/media?parent=2523"}],"wp:term":[{"taxonomy":"category","embeddable":true,"href":"http:\/\/www.affinite.fr\/index.php\/wp-json\/wp\/v2\/categories?post=2523"},{"taxonomy":"post_tag","embeddable":true,"href":"http:\/\/www.affinite.fr\/index.php\/wp-json\/wp\/v2\/tags?post=2523"}],"curies":[{"name":"wp","href":"https:\/\/api.w.org\/{rel}","templated":true}]}}