{"id":2515,"date":"2020-05-04T08:07:22","date_gmt":"2020-05-04T08:07:22","guid":{"rendered":"https:\/\/www.affinite.fr\/index.php\/2020\/05\/04\/les-conspirationnistes-de-la-5g-sont-ils-en-train-de-se-radicaliser\/"},"modified":"2020-05-04T08:07:22","modified_gmt":"2020-05-04T08:07:22","slug":"les-conspirationnistes-de-la-5g-sont-ils-en-train-de-se-radicaliser","status":"publish","type":"post","link":"http:\/\/www.affinite.fr\/index.php\/2020\/05\/04\/les-conspirationnistes-de-la-5g-sont-ils-en-train-de-se-radicaliser\/","title":{"rendered":"les conspirationnistes de la 5G sont-ils en train de se radicaliser ?"},"content":{"rendered":"<p> [ad_1]<br \/>\n<\/p>\n<div itemprop=\"articleBody\">\n<p>C\u2019est une sc\u00e8ne sid\u00e9rante qui a beaucoup \u00e9t\u00e9 partag\u00e9e sur Twitter. Une passante interpelle et filme des employ\u00e9s de l&rsquo;op\u00e9rateur Community Fibre \u00e0 Londres. Ils sont en train de d\u00e9ployer de la fibre optique. Mais elle les accuse d\u2019installer de <a href=\"https:\/\/www.01net.com\/actualites\/5g-pourquoi-ce-futur-standard-va-revolutionner-la-telephonie-mobile-1514955.html\" target=\"_blank\" rel=\"noopener noreferrer\">la 5G<\/a> <em>\u00ab\u00a0qui va tuer tout le monde\u00a0\u00bb<\/em>. Ce qui expliquerait, d\u2019apr\u00e8s elle, que des h\u00f4pitaux soient construits en urgence.<\/p>\n<div data-force-click=\"true\" class=\"bloc\">\n<blockquote class=\"twitter-tweet\">\n<p dir=\"ltr\" lang=\"en\">This is the consequence of those bonkers Facebook conspiracy theories about 5G. Key workers getting harassed on the street. <a href=\"https:\/\/t.co\/5z35r6sabp\">pic.twitter.com\/5z35r6sabp<\/a><\/p>\n<p>\u2014 Charlie Haynes (@charliehtweets) <a href=\"https:\/\/twitter.com\/charliehtweets\/status\/1245722007947411458?ref_src=twsrc%5Etfw\">April 2, 2020<\/a><\/p><\/blockquote><\/div>\n<p>D&rsquo;autres situations de ce type ont \u00e9t\u00e9 rapport\u00e9es aux op\u00e9rateurs par leurs \u00e9quipes sur le terrain. Outre-manche, les opposants \u00e0 la 5G n\u2019h\u00e9sitent donc plus \u00e0 agresser verbalement des employ\u00e9s des t\u00e9l\u00e9coms, persuad\u00e9s que cette technologie serait li\u00e9e \u00e0 la pand\u00e9mie de coronavirus. Les conspirationnistes de la 5G sont-ils en train de se radicaliser \u00e0 la faveur de nouvelles th\u00e9ories li\u00e9es \u00e0 la crise sanitaire ?<\/p>\n<h3 style=\"color:#333;font-family:arial,helvetica,sans-serif;font-size:23px;font-weight:700;\">Le Royaume-Uni sous pression<\/h3>\n<p>Un cap symbolique a en tous cas \u00e9t\u00e9 franchi, toujours au Royaume-Uni, o\u00f9 plusieurs dizaines de m\u00e2ts supportant des antennes de t\u00e9l\u00e9phonie mobile ont \u00e9t\u00e9 incendi\u00e9s depuis le d\u00e9but du mois d\u2019avril. Des vid\u00e9os avec des commentaires du type <em>\u00ab La 5G doit br\u00fbler \u00bb<\/em> ont aussit\u00f4t \u00e9t\u00e9 publi\u00e9es sur les r\u00e9seaux sociaux.<\/p>\n<aside class=\"bg-color-0 padding-inside-all-s bloc border-s\">\n<h4 class=\"box-txt-normal\">\n<p><strong>A d\u00e9couvrir aussi en vid\u00e9o<\/strong><\/p>\n<\/h4>\n<\/aside>\n<p>Les villes de Birmingham, Melling et de Liverpool, ainsi que Belfast en Irlande sont notamment concern\u00e9es. La plupart du temps, ce sont des antennes 2G, 3G et 4G qui se trouvent affect\u00e9es, ce qui interrompt dans un moment particuli\u00e8rement critique les communications mobiles avec les h\u00f4pitaux et les services d\u2019urgence. Bien qu\u2019aucune preuve formelle de liens avec des conspirationnistes 5G n\u2019ait \u00e9t\u00e9 \u00e9tablie publiquement, les op\u00e9rateurs se montrent convaincus de leur culpabilit\u00e9.<\/p>\n<p>Nick Jeffery, \u00e0 la t\u00eate de Vodafone UK a ainsi fustig\u00e9 <em>\u00ab\u00a0les actions \u00e9go\u00efstes de quelques th\u00e9oriciens du complot illusionn\u00e9s \u00bb<\/em> sur Linkedin, l&rsquo;oeuvre de parfaits <em>\u00ab idiots\u00a0\u00bb<\/em> pour le patron de British Telecom Philip Jansen. Vodafone, EE et O2 se sont unis pour appeler leurs abonn\u00e9s \u00e0 signaler les fake news mais aussi ceux qui les propagent. <em>\u00ab\u00a0Nous devons stopper le partage de la d\u00e9sinformation et pr\u00e9venir le vandalisme de nos r\u00e9seaux\u00a0\u00bb<\/em>, peut-on y lire.<\/p>\n<div data-force-click=\"true\" class=\"bloc\">\n<blockquote class=\"twitter-tweet\">\n<p dir=\"ltr\" lang=\"en\">We stand united to protect Britain&rsquo;s critical infrastructure alongside EE, Three and Vodafone.<\/p>\n<p>We must put a stop on misinformation sharing and prevent vandalism to our networks, relied upon by the NHS, critical services, and you. <a href=\"https:\/\/t.co\/NPt73cI9M8\">pic.twitter.com\/NPt73cI9M8<\/a><\/p>\n<p>\u2014 O2 in the UK (@O2) <a href=\"https:\/\/twitter.com\/O2\/status\/1246830082833907718?ref_src=twsrc%5Etfw\">April 5, 2020<\/a><\/p><\/blockquote><\/div>\n<p>Depuis, des m\u00e2ts ont \u00e9galement \u00e9t\u00e9 incendi\u00e9s aux Pays-Bas et en Belgique ces derni\u00e8res semaines.<\/p>\n<p>Dans ces deux pays, les op\u00e9rateurs se montrent moins cat\u00e9goriques. <em>\u00ab\u00a0Une enqu\u00eate a \u00e9t\u00e9 ouverte et la police fait son travail mais pas de lien confirm\u00e9 pour le moment\u00a0\u00bb<\/em>, nous pr\u00e9cise un porte-parole de la soci\u00e9t\u00e9 Proximus.<\/p>\n<h3 style=\"color:#333; font-family:arial,helvetica,sans-serif; font-size:23px; font-weight:700\">Pas de cas en France<\/h3>\n<p>En France, aucun des op\u00e9rateurs que nous avons contact\u00e9 n\u2019a constat\u00e9 de d\u00e9gradation de ce type. Les infrastructures t\u00e9l\u00e9com sont sporadiquement la cible de vandalisme dans notre pays, mais ce sont les armoires de fibre optique, facilement accessibles dans la rue, qui sont g\u00e9n\u00e9ralement cibl\u00e9es. Et ces incidents ne sont d\u2019ordinaire accompagn\u00e9s d\u2019aucune revendication.<\/p>\n<p>Ce passage \u00e0 l\u2019acte radical reste donc circonscrit \u00e0 l&rsquo;Europe du Nord. Mais il interpelle par sa violence. Il est probablement nourri par les nombreuses th\u00e9ories liant 5G et Coronavirus qui ont \u00e9merg\u00e9 avec la pand\u00e9mie. La 5G est depuis plusieurs ann\u00e9es <a href=\"https:\/\/www.01net.com\/actualites\/la-5g-est-elle-dangereuse-pour-notre-sante-1701905.html\" target=\"_blank\" rel=\"noopener noreferrer\">un sujet de pr\u00e9dilection pour les conspirationnistes<\/a> qui l\u2019ont accus\u00e9 tour \u00e0 tour de tuer les oiseaux, de faire couper les arbres ou de risquer de griller le cerveaux des enfants comme dans un micro-ondes. Ce n\u2019\u00e9tait rien compar\u00e9 aux sc\u00e9narios qui ont r\u00e9cemment \u00e9merg\u00e9.<\/p>\n<h3 style=\"color:#333; font-family:arial,helvetica,sans-serif; font-size:23px; font-weight:700\">Tout aurait commenc\u00e9 en Belgique<\/h3>\n<p>D&rsquo;apr\u00e8s <em>Wired<\/em>, qui a tent\u00e9 de trouver leur origine, tout serait parti des d\u00e9clarations d&rsquo;un m\u00e9decin belge liant 5G et Coronavirus qui ont \u00e9t\u00e9 publi\u00e9es le 22 janvier dernier dans un quotidien en langue flamande : Het Laatste Nieuws.<\/p>\n<p>Depuis, deux groupes de th\u00e9ories conspirationnistes sont apparus. Le premier part du postulat que le Covid-19 n\u2019existerait pas : il aurait \u00e9t\u00e9 invent\u00e9 pour masquer les victimes de la 5G. Dans une autre variante, le Covid-19 est enti\u00e8rement provoqu\u00e9 par la 5G. C\u2019est cette technologie qui empoisonnerait le corps des humains.<\/p>\n<p>Cette th\u00e8se s\u2019appuie d\u00e9sormais sur la d\u00e9monstration vid\u00e9o de l\u2019Am\u00e9ricain\u00a0 Thomas Cowan. Cet homme se pr\u00e9tend m\u00e9decin mais n\u2019est en fait qu\u2019un adepte du mouvement de pens\u00e9e anthroposophique cr\u00e9\u00e9 par Rudolf Steiner au d\u00e9but du XXe si\u00e8cle. Sa vision est simple.<\/p>\n<p>\n        <iframe loading=\"lazy\" class=\"video-aeee5d17125369e9cd6a0600f8794719\" width=\"560\" height=\"315\" src=\"http:\/\/www.youtube.com\/embed\/nW-sCKqpJx4\" frameborder=\"0\" allowfullscreen=\"\"><\/iframe><\/p>\n<p>D\u2019apr\u00e8s lui, les virus seraient des excr\u00e9tions de cellules toxiques. Ils ne se propageraient pas par contamination. Les humains seraient contamin\u00e9s par des champs \u00e9lectro-magn\u00e9tiques. Il y aurait un grand mouvement d\u2019\u00e9lectrification de la terre depuis 1918 et toutes les pand\u00e9mies depuis 150 ans s\u2019expliqueraient par l\u2019exposition des populations \u00e0 de nouveaux types d\u2019ondes. Le Covid-19, lui, serait caus\u00e9 par le d\u00e9ploiement de la 5G. <em>\u00ab\u00a0A cause de la 5G, il y a maintenant 20 000 satellites qui \u00e9mettent de la radiation\u00a0\u00bb<\/em>. Sa meilleure preuve\u00a0? Wuhan serait la premi\u00e8re ville a avoir \u00e9t\u00e9 couverte en 5G et la premi\u00e8re contamin\u00e9e par le Covid-19. On rappellera au passage que la 5G s\u2019appuie sur des antennes mobiles terrestres et non des satellites, que Wuhan n\u2019a pas \u00e9t\u00e9 la premi\u00e8re grande ville couverte en 5G mais que c\u2019est S\u00e9oul en Cor\u00e9e du Sud, et que la France, qui n\u2019a pas d\u00e9ploy\u00e9 de 5G, est durement touch\u00e9e par le Covid-19.<\/p>\n<p>A la suite de cette vid\u00e9o, de nombreuses internautes ont publi\u00e9 des cartes cens\u00e9es\u00a0 d\u00e9montrer un lien entre la 5G et la progression du Covid-19. Pour la France, les complotistes ont utilis\u00e9 l&rsquo;outil cartographique du d\u00e9ploiement de la fibre optique de l\u2019Arcep. Aucun rapport donc.<\/p>\n<p>\n            <center><iframe loading=\"lazy\" src=\"https:\/\/www.facebook.com\/plugins\/post.php?href=https%3A%2F%2Fwww.facebook.com%2Fallison.convertiealhamdoulilah%2Fposts%2F156689962474316&amp;width=500\" style=\"border:none;overflow:hidden\" scrolling=\"no\" allowtransparency=\"true\" allow=\"encrypted-media\" width=\"500\" height=\"700\" frameborder=\"0\"><\/iframe><\/center>\n    <\/p>\n<h3 style=\"color:#333; font-family:arial,helvetica,sans-serif; font-size:23px; font-weight:700\">Les propos farfelus de Luc Montagnier<\/h3>\n<p>Un deuxi\u00e8me groupe de th\u00e9ories conspirationnistes reconna\u00eet l\u2019existence du virus mais avance que c\u2019est la 5G qui le propage et qui est donc responsable de la pand\u00e9mie. A partir de l\u00e0, on rel\u00e8ve des variations : le Covid-19 serait transmis par les ondes radio de la 5G, la 5G affaiblirait le syst\u00e8me immunitaire et rendrait plus vuln\u00e9rable au Covid-19, le nouveau standard permettrait de contr\u00f4ler \u00e0 distance les personnes infect\u00e9es.<\/p>\n<p>Malheureusement, ces intox ont \u00e9t\u00e9 relay\u00e9es et amplifi\u00e9es par des personnalit\u00e9s. En France, la cha\u00eene Cnews a invit\u00e9 le professeur Luc Montagnier sur l\u2019un de ses plateaux le 17 avril. Aur\u00e9ol\u00e9 de son prix Nobel de m\u00e9decine pour ses travaux sur le sida, il a pu exprimer des propos totalement farfelus sans \u00eatre contredit, bien au contraire.<\/p>\n<p>\n        <iframe loading=\"lazy\" class=\"video-94f05eb4061765f4a4ef537d35751f5e\" width=\"560\" height=\"315\" src=\"http:\/\/www.youtube.com\/embed\/ZVSN1D5TwOQ\" frameborder=\"0\" allowfullscreen=\"\"><\/iframe><\/p>\n<p>Il a affirm\u00e9 que le virus avait \u00e9t\u00e9 fabriqu\u00e9 dans un laboratoire de Wuhan \u00e0 partir de s\u00e9quences du VIH et qu\u2019il s\u2019en serait \u00e9chapp\u00e9 de mani\u00e8re accidentelle. La 5G aurait pu ensuite contribuer \u00e0 le propager. <em>\u00ab\u00a0On a dit que la ville de Wuhan \u00e9tait tr\u00e8s en avance pour l\u2019installation d\u2019antennes 5G. 10 000 antennes sont dans cette r\u00e9gion. Elles ont pu contribuer au pouvoir pathog\u00e8ne du virus\u00a0\u00bb<\/em>, a-t-il d\u00e9clar\u00e9. Du miel pour les conspirationnistes qui peuvent d\u00e9sormais citer cette figure d\u2019\u00ab\u00a0expert\u00a0\u00bb pourtant contest\u00e9 par l\u2019ensemble de la communaut\u00e9 scientifique.<\/p>\n<h3 style=\"color:#333; font-family:arial,helvetica,sans-serif; font-size:23px; font-weight:700\">Des c\u00e9l\u00e9brit\u00e9s cr\u00e9dules<\/h3>\n<p>Des c\u00e9l\u00e9brit\u00e9s du show-biz ont \u00e9galement sem\u00e9 le doute comme le c\u00e9l\u00e8bre com\u00e9dien am\u00e9ricain Woody Harrelson (<em>Larry Flynt<\/em>, <em>Three Billboards<\/em>, <em>True Detective<\/em>) qui a publi\u00e9 une vid\u00e9o illustrant suppos\u00e9ment des Chinois abattant des m\u00e2ts supportant des antennes 5G.\u00a0 <em>\u00ab Je pense que la 5G peut perturber ou ralentir le corps dans le processus de gu\u00e9rison \u00bb<\/em>, a aussi d\u00e9clar\u00e9 la chanteuse M.I.A.<\/p>\n<div data-force-click=\"true\" class=\"bloc\">\n<blockquote class=\"twitter-tweet\">\n<p dir=\"ltr\" lang=\"en\">I don&rsquo;t think it&rsquo;s related except for timing. The timing is orchestrated by them. Not Us. I don&rsquo;t think 5G gives you COVID19. I think it can confuse or slow the body down in healing process as body is learning to cope with new signals wavelength s frequency etc @ same time as Cov <a href=\"https:\/\/t.co\/VDkE4oaxF5\">https:\/\/t.co\/VDkE4oaxF5<\/a><\/p>\n<p>\u2014 M.I.A (@MIAuniverse) <a href=\"https:\/\/twitter.com\/MIAuniverse\/status\/1242434493945982977?ref_src=twsrc%5Etfw\">March 24, 2020<\/a><\/p><\/blockquote><\/div>\n<h3 style=\"color:#333; font-family:arial,helvetica,sans-serif; font-size:23px; font-weight:700\">Les r\u00e9seaux sociaux en premi\u00e8re ligne<\/h3>\n<p>Difficile d&rsquo;\u00e9valuer l&rsquo;ampleur du ph\u00e9nom\u00e8ne : on conna\u00eet juste le nombre de fausses informations que les r\u00e9seaux sociaux sont amen\u00e9s \u00e0 supprimer sur le Covid-19. Facebook a annonc\u00e9 le 16 avril dernier qu&rsquo;il avait fait dispara\u00eetre des centaines de milliers de contenus et affich\u00e9 40 millions d&rsquo;avertissements dans le monde. Il avait d\u00e9j\u00e0 \u00e9t\u00e9 confront\u00e9 \u00e0 de fausses informations concernant le vaccin contre la polio au Pakistan ou encore la rougeole aux \u00eeles Samoa. Mais avec le Covid-19, la masse de contenus probl\u00e9matiques atteint des niveaux rarement \u00e9gal\u00e9s dans le domaine de la sant\u00e9.<\/p>\n<p>La plate-forme a commenc\u00e9 \u00e0 supprimer des intox d\u00e8s la fin du mois de janvier sur un principe simple\u00a0:\u00a0 faire dispara\u00eetre tout ce qui peut augmenter la probabilit\u00e9 de contracter le virus ou qui peut conduire \u00e0 la violence. Les messages liant Covid-19 et 5G sont apparus plus tard. Et Facebook n&rsquo;a r\u00e9agi qu&rsquo;\u00e0 la suite des incendies du Royaume-Uni. En plus de signaler ou d\u2019informer sur les publications concern\u00e9es, le r\u00e9seau social supprime maintenant syst\u00e9matiquement les messages qui encouragent les attaques contre des antennes ou des m\u00e2ts de t\u00e9l\u00e9phonie mobile car cela <em>\u00ab\u00a0 pourrait entra\u00eener des dommages physiques\u00a0\u00bb<\/em>, comme le sp\u00e9cifie \u00a0un porte-parole de Facebook.<\/p>\n<figure class=\"figure text-center\"><img decoding=\"async\" class=\"article-img img-responsive-l\" src=\"https:\/\/img.bfmtv.com\/c\/0\/708\/18d\/e5a0ffa7f364393634dc2d1863e09.jpeg\" alt=\"Vid\u00e9o trouv\u00e9e sur Youtube.\"\/><figcaption class=\"figure-caption figcaption color-txt-0 title-xs hidden-xs\">\n                                    dr<br \/>\n                                                    &#8211; Vid\u00e9o trouv\u00e9e sur Youtube.<br \/>\n                            <\/figcaption><\/figure>\n<p>YouTube a adopt\u00e9 la m\u00eame strat\u00e9gie. Il fait dispara\u00eetre des vid\u00e9os d\u00e9but avril lors des premiers incendies de m\u00e2ts. Il met en avant sa politique stricte de contenus concernant le Covid-19.<em> \u00ab\u00a0Tout contenu qui conteste l&rsquo;existence ou la transmission de COVID-19, tel que d\u00e9crit par l&rsquo;OMS et les autorit\u00e9s sanitaires locales, viole les politiques de YouTube. Cela inclut les th\u00e9ories du complot qui pr\u00e9tendent que les sympt\u00f4mes sont caus\u00e9s par la 5G\u00a0\u00bb<\/em>, nous a d\u00e9taill\u00e9 un porte-parole de YouTube. Toutefois, la plate-forme reconna\u00eet ne pas agir syst\u00e9matiquement. <em>\u00ab\u00a0Pour un contenu borderline qui pourrait mal informer les utilisateurs de mani\u00e8re nuisible, nous r\u00e9duisons les recommandations\u00a0\u00bb<\/em>. Youtube ne supprime donc pas tous les contenus qui lient 5G et Coronavirus. Il joue tout de m\u00eame sur les algorithmes pour que ces vid\u00e9os ne soient plus recommand\u00e9es et r\u00e9duire ainsi leur visibilit\u00e9.\u00a0<\/p>\n<p>Avec un peu de retard vis-\u00e0-vis des autres plate-formes, Twitter a annonc\u00e9 ce 23 avril qu&rsquo;<a href=\"https:\/\/www.01net.com\/actualites\/twitter-va-supprimer-les-tweets-incitant-a-detruire-les-antennes-5g-1899206.html\" target=\"_blank\" rel=\"noopener noreferrer\">il allait s&rsquo;attaquer lui aussi aux fausses informations liant 5G et Covid-19<\/a>. <em>\u00ab Nous avons \u00e9largi nos directives sur les all\u00e9gations non v\u00e9rifi\u00e9es qui encouragent les gens \u00e0 se livrer \u00e0 des activit\u00e9s nuisibles, pouvant mener \u00e0 d\u00e9truire ou endommager des infrastructures 5G, ou entra\u00eener une panique g\u00e9n\u00e9ralis\u00e9e, des mouvements sociaux ou des troubles \u00e0 grande \u00e9chelle \u00bb<\/em>, a d\u00e9clar\u00e9 un porte-parole du service, d&rsquo;apr\u00e8s l&rsquo;AFP. La plate-forme affirme avoir \u00e9limin\u00e9 2230 tweets probl\u00e9matiques sur le Covid-19 depuis le 18 mars.<\/p>\n<h3 style=\"color:#333; font-family:arial,helvetica,sans-serif; font-size:23px; font-weight:700\">Les contenus ne pourront dispara\u00eetre totalement<\/h3>\n<p>Malgr\u00e9 ce nettoyage, il est encore possible aujourd&rsquo;hui de tomber sur des vid\u00e9os d\u00e9lirantes sur les r\u00e9seaux sociaux, comme celle-ci, relev\u00e9e par un journaliste de <em>The Verge<\/em>, o\u00f9 une femme affirme notamment que la 5G provoque le coronavirus en aspirant l&rsquo;oxyg\u00e8ne des poumons\u00a0 :<\/p>\n<div data-force-click=\"true\" class=\"bloc\">\n<blockquote class=\"twitter-tweet\">\n<p dir=\"ltr\" lang=\"en\">5G causes coronavirus because it\u2019s sucking the oxygen out of your lungs, according to a video being spread on Facebook. I want to ? but the fact people believe this bullshit is genuinely scary <a href=\"https:\/\/t.co\/kY3g5MJtu9\">pic.twitter.com\/kY3g5MJtu9<\/a><\/p>\n<p>\u2014 Tom Warren (@tomwarren) <a href=\"https:\/\/twitter.com\/tomwarren\/status\/1234752173755510793?ref_src=twsrc%5Etfw\">March 3, 2020<\/a><\/p><\/blockquote><\/div>\n<p>Des organisations tentent de r\u00e9agir, en publiant des informations factuelles pour contrer ces th\u00e9ories d\u00e9lirantes. D\u00e8s le 27 f\u00e9vrier, l\u2019Organisation Mondiale de la Sant\u00e9 est mont\u00e9e au cr\u00e9neau pour faire le point sur les effets sanitaires de la 5G. <em>\u00ab\u00a0Les r\u00e9seaux de t\u00e9l\u00e9phonie 5G ne propagent pas le COVID-19\u00a0: les virus ne circulent pas sur les ondes radio ou par les r\u00e9seaux mobiles. Le COVID-19 se propage dans de nombreux pays qui n\u2019ont pas de r\u00e9seau mobile 5G \u00bb, <\/em>peut-on lire sur le site officiel.<\/p>\n<p>En France, la F\u00e9d\u00e9ration nationale des t\u00e9l\u00e9coms a \u00e9galement publi\u00e9 des \u00e9l\u00e9ments le 20 avril dernier pour tenter de faire de la p\u00e9dagogie. Mais ces r\u00e9ponses ne suffiront malheureusement pas \u00e0 endiguer le ph\u00e9nom\u00e8ne. Impossible de faire dispara\u00eetre totalement ces contenus conspirationnistes qui sont aussit\u00f4t re-publi\u00e9s apr\u00e8s avoir \u00e9t\u00e9 supprim\u00e9s par les r\u00e9seaux sociaux. Et il restera toujours des propos <em>borderline<\/em> qui passeront entre les mailles du filet.\u00a0<\/p>\n<p>Sources : <a href=\"https:\/\/www.who.int\/fr\/emergencies\/diseases\/novel-coronavirus-2019\/advice-for-public\/myth-busters\" target=\"_blank\" rel=\"noopener noreferrer\">OMS<\/a>, <a href=\"https:\/\/www.fftelecoms.org\/nos-travaux-et-champs-dactions\/reseaux\/covid-19-et-5g\/\" target=\"_blank\" rel=\"noopener noreferrer\">F\u00e9d\u00e9ration nationale des t\u00e9l\u00e9coms<\/a>, <a href=\"https:\/\/www.wired.co.uk\/article\/5g-coronavirus-conspiracy-theory\" target=\"_blank\" rel=\"noopener noreferrer\">Wired<\/a>, <a href=\"https:\/\/www.afp.com\/fr\/infos\/328\/twitter-bloque-les-tweets-sur-les-theories-complotistes-liant-la-pandemie-la-5g-doc-1qs2ad2\" target=\"_blank\" rel=\"noopener noreferrer\">AFP<\/a><\/p>\n<\/p><\/div>\n<p><script async src=\"http:\/\/platform.twitter.com\/widgets.js\" charset=\"utf-8\"><\/script><script>\n         !function(f,b,e,v,n,t,s){if(f.fbq)return;n=f.fbq=function()\n         {n.callMethod? n.callMethod.apply(n,arguments):n.queue.push(arguments)}\n         ;if(!f._fbq)f._fbq=n;\n             n.push=n;n.loaded=!0;n.version='2.0';n.queue=[];t=b.createElement(e);t.async=!0;\n             t.src=v;s=b.getElementsByTagName(e)[0];s.parentNode.insertBefore(t,s)}(window,\n                 document,'script','https:\/\/connect.facebook.net\/en_US\/fbevents.js');\n         fbq('init', '1065890633454496');\n         fbq('track', 'PageView');\n     <\/script><br \/>\n<br \/>[ad_2]<br \/>\n<br \/><a href=\"https:\/\/www.01net.com\/actualites\/coronavirus-les-conspirationnistes-de-la-5g-sont-ils-en-train-de-se-radicaliser-1900196.html\">Source link <\/a><\/p>\n","protected":false},"excerpt":{"rendered":"<p>[ad_1] C\u2019est une sc\u00e8ne sid\u00e9rante qui a beaucoup \u00e9t\u00e9 partag\u00e9e sur Twitter. Une passante interpelle et filme des employ\u00e9s de &hellip; <a href=\"http:\/\/www.affinite.fr\/index.php\/2020\/05\/04\/les-conspirationnistes-de-la-5g-sont-ils-en-train-de-se-radicaliser\/\" class=\"more-link\">Plus <span class=\"screen-reader-text\">les conspirationnistes de la 5G sont-ils en train de se radicaliser ?<\/span> <span class=\"meta-nav\">&rarr;<\/span><\/a><\/p>\n","protected":false},"author":1,"featured_media":2516,"comment_status":"open","ping_status":"open","sticky":false,"template":"","format":"standard","meta":{"_sitemap_exclude":false,"_sitemap_priority":"","_sitemap_frequency":"","footnotes":""},"categories":[1],"tags":[],"class_list":["post-2515","post","type-post","status-publish","format-standard","has-post-thumbnail","hentry","category-tous"],"_links":{"self":[{"href":"http:\/\/www.affinite.fr\/index.php\/wp-json\/wp\/v2\/posts\/2515"}],"collection":[{"href":"http:\/\/www.affinite.fr\/index.php\/wp-json\/wp\/v2\/posts"}],"about":[{"href":"http:\/\/www.affinite.fr\/index.php\/wp-json\/wp\/v2\/types\/post"}],"author":[{"embeddable":true,"href":"http:\/\/www.affinite.fr\/index.php\/wp-json\/wp\/v2\/users\/1"}],"replies":[{"embeddable":true,"href":"http:\/\/www.affinite.fr\/index.php\/wp-json\/wp\/v2\/comments?post=2515"}],"version-history":[{"count":0,"href":"http:\/\/www.affinite.fr\/index.php\/wp-json\/wp\/v2\/posts\/2515\/revisions"}],"wp:featuredmedia":[{"embeddable":true,"href":"http:\/\/www.affinite.fr\/index.php\/wp-json\/wp\/v2\/media\/2516"}],"wp:attachment":[{"href":"http:\/\/www.affinite.fr\/index.php\/wp-json\/wp\/v2\/media?parent=2515"}],"wp:term":[{"taxonomy":"category","embeddable":true,"href":"http:\/\/www.affinite.fr\/index.php\/wp-json\/wp\/v2\/categories?post=2515"},{"taxonomy":"post_tag","embeddable":true,"href":"http:\/\/www.affinite.fr\/index.php\/wp-json\/wp\/v2\/tags?post=2515"}],"curies":[{"name":"wp","href":"https:\/\/api.w.org\/{rel}","templated":true}]}}