{"id":2493,"date":"2020-05-02T10:52:45","date_gmt":"2020-05-02T10:52:45","guid":{"rendered":"https:\/\/www.affinite.fr\/index.php\/2020\/05\/02\/lappli-stopcovid-ne-sera-pas-prete-le-11-mai-dqjmm-1-1\/"},"modified":"2020-05-02T10:52:45","modified_gmt":"2020-05-02T10:52:45","slug":"lappli-stopcovid-ne-sera-pas-prete-le-11-mai-dqjmm-1-1","status":"publish","type":"post","link":"http:\/\/www.affinite.fr\/index.php\/2020\/05\/02\/lappli-stopcovid-ne-sera-pas-prete-le-11-mai-dqjmm-1-1\/","title":{"rendered":"L&rsquo;appli StopCovid ne sera pas pr\u00eate le 11 mai DQJMM (1\/1)"},"content":{"rendered":"<p> [ad_1]<br \/>\n<br \/><img decoding=\"async\" src=\"https:\/\/img.bfmtv.com\/i\/0\/0\/966\/85be74b66d63f032d8ea111e1d6af.jpg\" \/><\/p>\n<div itemprop=\"articleBody\">\n<p>Au menu cette semaine :<\/p>\n<p>&#8211; L&rsquo;appli StopCovid ne sera probablement pas pr\u00eate le 11 mai. On vous explique pourquoi<\/p>\n<p>&#8211; Le boom des applis de visioconf\u00e9rence&#8230;quelles sont les plus s\u00fbres ?<\/p>\n<p>&#8211; Apple pr\u00eat \u00e0 ouvrir ses magasins \u00e0 partir du 11 mai<\/p>\n<p>&#8211; Jusqu&rsquo;\u00e0 quand les entrep\u00f4ts d&rsquo;Amazon France vont-ils rester ferm\u00e9s ?<\/p>\n<p>&#8211; Whatsapp essaie de filtrer les fake news<\/p>\n<p>&#8211; Docs, s\u00e9ries&#8230;une petite s\u00e9lection de contenus \u00e0 voir absolument en confinement<\/p>\n<\/p><\/div>\n<p><script>\n         !function(f,b,e,v,n,t,s){if(f.fbq)return;n=f.fbq=function()\n         {n.callMethod? n.callMethod.apply(n,arguments):n.queue.push(arguments)}\n         ;if(!f._fbq)f._fbq=n;\n             n.push=n;n.loaded=!0;n.version='2.0';n.queue=[];t=b.createElement(e);t.async=!0;\n             t.src=v;s=b.getElementsByTagName(e)[0];s.parentNode.insertBefore(t,s)}(window,\n                 document,'script','https:\/\/connect.facebook.net\/en_US\/fbevents.js');\n         fbq('init', '1065890633454496');\n         fbq('track', 'PageView');\n     <\/script><br \/>\n<br \/>[ad_2]<br \/>\n<br \/><a href=\"https:\/\/www.01net.com\/actualites\/l-appli-stopcovid-ne-sera-pas-prete-le-11-mai-dqjmm-11-1905638.html\">Source link <\/a><\/p>\n","protected":false},"excerpt":{"rendered":"<p>[ad_1] Au menu cette semaine : &#8211; L&rsquo;appli StopCovid ne sera probablement pas pr\u00eate le 11 mai. On vous explique &hellip; <a href=\"http:\/\/www.affinite.fr\/index.php\/2020\/05\/02\/lappli-stopcovid-ne-sera-pas-prete-le-11-mai-dqjmm-1-1\/\" class=\"more-link\">Plus <span class=\"screen-reader-text\">L&rsquo;appli StopCovid ne sera pas pr\u00eate le 11 mai DQJMM (1\/1)<\/span> <span class=\"meta-nav\">&rarr;<\/span><\/a><\/p>\n","protected":false},"author":1,"featured_media":2494,"comment_status":"open","ping_status":"open","sticky":false,"template":"","format":"standard","meta":{"_sitemap_exclude":false,"_sitemap_priority":"","_sitemap_frequency":"","footnotes":""},"categories":[1],"tags":[],"class_list":["post-2493","post","type-post","status-publish","format-standard","has-post-thumbnail","hentry","category-tous"],"_links":{"self":[{"href":"http:\/\/www.affinite.fr\/index.php\/wp-json\/wp\/v2\/posts\/2493"}],"collection":[{"href":"http:\/\/www.affinite.fr\/index.php\/wp-json\/wp\/v2\/posts"}],"about":[{"href":"http:\/\/www.affinite.fr\/index.php\/wp-json\/wp\/v2\/types\/post"}],"author":[{"embeddable":true,"href":"http:\/\/www.affinite.fr\/index.php\/wp-json\/wp\/v2\/users\/1"}],"replies":[{"embeddable":true,"href":"http:\/\/www.affinite.fr\/index.php\/wp-json\/wp\/v2\/comments?post=2493"}],"version-history":[{"count":0,"href":"http:\/\/www.affinite.fr\/index.php\/wp-json\/wp\/v2\/posts\/2493\/revisions"}],"wp:featuredmedia":[{"embeddable":true,"href":"http:\/\/www.affinite.fr\/index.php\/wp-json\/wp\/v2\/media\/2494"}],"wp:attachment":[{"href":"http:\/\/www.affinite.fr\/index.php\/wp-json\/wp\/v2\/media?parent=2493"}],"wp:term":[{"taxonomy":"category","embeddable":true,"href":"http:\/\/www.affinite.fr\/index.php\/wp-json\/wp\/v2\/categories?post=2493"},{"taxonomy":"post_tag","embeddable":true,"href":"http:\/\/www.affinite.fr\/index.php\/wp-json\/wp\/v2\/tags?post=2493"}],"curies":[{"name":"wp","href":"https:\/\/api.w.org\/{rel}","templated":true}]}}