{"id":2489,"date":"2020-05-01T23:50:14","date_gmt":"2020-05-01T23:50:14","guid":{"rendered":"https:\/\/www.affinite.fr\/index.php\/2020\/05\/01\/au-pied-des-pyrenees-une-maison-bioclimatique\/"},"modified":"2020-05-01T23:50:14","modified_gmt":"2020-05-01T23:50:14","slug":"au-pied-des-pyrenees-une-maison-bioclimatique","status":"publish","type":"post","link":"http:\/\/www.affinite.fr\/index.php\/2020\/05\/01\/au-pied-des-pyrenees-une-maison-bioclimatique\/","title":{"rendered":"Au pied des Pyr\u00e9n\u00e9es, une maison bioclimatique"},"content":{"rendered":"<p> [ad_1]<br \/>\n<br \/><img decoding=\"async\" src=\"https:\/\/maison2.advcdn.net\/images\/medias\/000\/054\/000054430\/200.jpg\" \/><\/p>\n<div itemprop=\"articleBody\">\n<p>\n  <strong>Une maison actuelle<\/strong>\n<\/p>\n<p>\n  Situ\u00e9e non loin de Tarbes, \u00e0 Lapeyre, <strong>dans les Hautes Pyr\u00e9n\u00e9es, cette maison est le fruit des recherches actuelles en \u00e9co-construction.<\/strong> Elle a pu se mat\u00e9rialiser gr\u00e2ce aux innovations architecturales de la <strong>technique du voile de b\u00e9ton<\/strong>, un proc\u00e9d\u00e9 qui offre une immense libert\u00e9 d\u2019expression des formes. Il <strong>consiste \u00e0 projeter du b\u00e9ton sur une grille m\u00e9tallique.<\/strong> L\u2019ensemble forme un syst\u00e8me autoporteur, sans poutre ni renfort. Digne h\u00e9riti\u00e8re des maisons-bulles de l\u2019architecte Pascal Ha\u00fcsermann (<a href=\"https:\/\/www.maison.com\/architecture\/histoire\/maisons-bulles-pascal-hauesermann-8272\/\">https:\/\/www.maison.com\/architecture\/histoire\/maisons-bulles-pascal-hauesermann-8272\/<\/a>) ou des <strong>maisons enterr\u00e9es de Guy Rottier,<\/strong> dans la ligne des maisons exp\u00e9rimentales, cette <strong>habitation passive offre des performance \u00e9nerg\u00e9tiques 2 fois sup\u00e9rieures aux exigences de la RT 2012.<\/strong> Et son concept a \u00e9t\u00e9 notamment r\u00e9compens\u00e9 par le prix du public de la fondation Nicolas Hulot et le prix sp\u00e9cial du jury des Green Building Awards de Construction 21.\n<\/p>\n<p>\n  <strong>Une construction vertueuse<\/strong>\n<\/p>\n<p>\n  La recherche de l\u2019\u00e9conomie des \u00e9nergies a guid\u00e9 l\u2019int\u00e9gralit\u00e9 du projet\u00a0avec notamment la <strong>mise en \u0153uvre de mat\u00e9riaux recycl\u00e9s issus de l\u2019\u00e9conomie circulaire<\/strong> qui a permis de r\u00e9duire au maximum l\u2019impact environnemental du chantier. C\u00f4t\u00e9 technique, la production d\u2019eau chaude est assur\u00e9e par un cumulus thermodynamique. L\u2019assainissement individuel est assur\u00e9 par un filtre \u00e0 sable de 25 m\u00b2 et une fosse septique toutes eaux de 3 000 litres. <strong>L\u2019apport d\u2019air frais s\u2019effectue par un puits canadien<\/strong> d\u2019environ 50 m\u00e8tres de longueur. Les eaux de pluie sont absorb\u00e9es principalement par les surfaces v\u00e9g\u00e9talises. Le reliquat est collect\u00e9 par \u00e9coulement superficiel dans le foss\u00e9 en limite nord du terrain, reli\u00e9 au r\u00e9seau des foss\u00e9s agricoles existants. Et une <strong>toiture v\u00e9g\u00e9talis\u00e9e de 40 cm au minimum offre une excellente isolation thermique et phonique.<\/strong>\n<\/p>\n<p>\n  <strong>Un plan simple\u00a0<\/strong>\n<\/p>\n<p>\n  A l\u2019int\u00e9rieur, une <strong>surface habitable de 136 m\u00b2 avec une pi\u00e8ce \u00e0 vivre centrale<\/strong> (salon, salle \u00e0 manger et cuisine ouverte) de 46 m\u00b2. Tandis que l\u2019espace nuit se compose de <strong>3 chambres de 13 \u00e0 18 m\u00b2,<\/strong> accompagn\u00e9es d\u2019une salle de bains. A cela s\u2019ajoute une terrasse de 60 m\u00b2, une loggia de 36 m\u00b2, un garage de 18 m\u00b2 et un cellier troglodyte de 13 m\u00b2, <strong>sans oublier la piscine<\/strong>. Dans un esprit de conception durable, <strong>les mat\u00e9riaux excav\u00e9s lors de son am\u00e9nagement ont \u00e9t\u00e9 r\u00e9utilis\u00e9s dans le fa\u00e7onnage du remblais du terrain<\/strong> qui pr\u00e9serve l\u2019intimit\u00e9 des baigneurs et leur bien-\u00eatre. Cette propri\u00e9t\u00e9 d\u2019exception est en vente sur le site Architecture de collection\u00a0\n<\/p>\n<p>\n  <a href=\"https:\/\/www.architecturedecollection.fr\/bien\/maison-bioclimatique-avec-piscine\/\">https:\/\/www.architecturedecollection.fr\/bien\/maison-bioclimatique-avec-piscine\/<\/a>\n<\/p>\n<p>\n  <strong>Contact\u00a0:<\/strong><br \/>T\u00e9l.\u00a0: 01 53 00 97 44<br \/>Mail\u00a0: contact@architecturedecollection.fr<br \/><a href=\"http:\/\/www.architecturedecollection.fr\/\">www.architecturedecollection.fr<\/a>\n<\/p>\n<p>\n  \u00a0\n<\/p>\n<\/p><\/div>\n<p><script async defer crossorigin=\"anonymous\" src=\"https:\/\/connect.facebook.net\/fr_FR\/sdk.js#xfbml=1&#038;version=v6.0&#038;appId=252025098257546&#038;autoLogAppEvents=1\"><\/script><br \/>\n<br \/>[ad_2]<br \/>\n<br \/><a href=\"http:\/\/feedproxy.google.com\/~r\/maison-actus\/~3\/FsHxvxuCeg8\/\">Source link <\/a><\/p>\n","protected":false},"excerpt":{"rendered":"<p>[ad_1] Une maison actuelle Situ\u00e9e non loin de Tarbes, \u00e0 Lapeyre, dans les Hautes Pyr\u00e9n\u00e9es, cette maison est le fruit &hellip; <a href=\"http:\/\/www.affinite.fr\/index.php\/2020\/05\/01\/au-pied-des-pyrenees-une-maison-bioclimatique\/\" class=\"more-link\">Plus <span class=\"screen-reader-text\">Au pied des Pyr\u00e9n\u00e9es, une maison bioclimatique<\/span> <span class=\"meta-nav\">&rarr;<\/span><\/a><\/p>\n","protected":false},"author":1,"featured_media":2490,"comment_status":"open","ping_status":"open","sticky":false,"template":"","format":"standard","meta":{"_sitemap_exclude":false,"_sitemap_priority":"","_sitemap_frequency":"","footnotes":""},"categories":[1],"tags":[],"class_list":["post-2489","post","type-post","status-publish","format-standard","has-post-thumbnail","hentry","category-tous"],"_links":{"self":[{"href":"http:\/\/www.affinite.fr\/index.php\/wp-json\/wp\/v2\/posts\/2489"}],"collection":[{"href":"http:\/\/www.affinite.fr\/index.php\/wp-json\/wp\/v2\/posts"}],"about":[{"href":"http:\/\/www.affinite.fr\/index.php\/wp-json\/wp\/v2\/types\/post"}],"author":[{"embeddable":true,"href":"http:\/\/www.affinite.fr\/index.php\/wp-json\/wp\/v2\/users\/1"}],"replies":[{"embeddable":true,"href":"http:\/\/www.affinite.fr\/index.php\/wp-json\/wp\/v2\/comments?post=2489"}],"version-history":[{"count":0,"href":"http:\/\/www.affinite.fr\/index.php\/wp-json\/wp\/v2\/posts\/2489\/revisions"}],"wp:featuredmedia":[{"embeddable":true,"href":"http:\/\/www.affinite.fr\/index.php\/wp-json\/wp\/v2\/media\/2490"}],"wp:attachment":[{"href":"http:\/\/www.affinite.fr\/index.php\/wp-json\/wp\/v2\/media?parent=2489"}],"wp:term":[{"taxonomy":"category","embeddable":true,"href":"http:\/\/www.affinite.fr\/index.php\/wp-json\/wp\/v2\/categories?post=2489"},{"taxonomy":"post_tag","embeddable":true,"href":"http:\/\/www.affinite.fr\/index.php\/wp-json\/wp\/v2\/tags?post=2489"}],"curies":[{"name":"wp","href":"https:\/\/api.w.org\/{rel}","templated":true}]}}