{"id":2465,"date":"2020-04-30T17:16:33","date_gmt":"2020-04-30T17:16:33","guid":{"rendered":"https:\/\/www.affinite.fr\/index.php\/2020\/04\/30\/la-fnac-et-darty-proposent-6-jours-de-bons-plans-pour-nous-faire-oublier-les-french-days\/"},"modified":"2020-04-30T17:16:33","modified_gmt":"2020-04-30T17:16:33","slug":"la-fnac-et-darty-proposent-6-jours-de-bons-plans-pour-nous-faire-oublier-les-french-days","status":"publish","type":"post","link":"http:\/\/www.affinite.fr\/index.php\/2020\/04\/30\/la-fnac-et-darty-proposent-6-jours-de-bons-plans-pour-nous-faire-oublier-les-french-days\/","title":{"rendered":"La Fnac et Darty proposent 6 jours de bons plans pour nous faire oublier les French Days"},"content":{"rendered":"<p> [ad_1]<br \/>\n<br \/><img decoding=\"async\" src=\"https:\/\/img.bfmtv.com\/i\/0\/0\/433\/d30b1de950068d43972ca0cfcaf92.jpg\" \/><\/p>\n<div itemprop=\"articleBody\">\n<p>Avec <a href=\"https:\/\/www.01net.com\/actualites\/reportee-l-edition-printaniere-des-french-days-aura-bien-lieu-apres-la-fin-du-confinement-1892895.html\" target=\"_blank\" rel=\"noopener noreferrer\">le report\u00a0des French Days<\/a>, qui devaient avoir lieu fin avril, les commer\u00e7ants n&rsquo;ont pas pu proposer leurs jours de promotions. La Fnac et Darty ont d\u00e9cid\u00e9 de lancer leurs propres \u00e9v\u00e9nements qui portent les noms respectifs de\u00a0<strong>6 jours pour concr\u00e9tiser vos projets<\/strong> et\u00a0<strong>Les Jours Optimistes<\/strong>. Les op\u00e9rations ont lieu jusqu&rsquo;au 4 mai avec des r\u00e9ductions pouvant aller jusqu&rsquo;\u00e0 30%.<\/p>\n<p>Elles concernent de nombreuses cat\u00e9gories de produits, telles que le gros \u00e9lectrom\u00e9nager, le petit \u00e9lectrom\u00e9nager, l&rsquo;informatique, la t\u00e9l\u00e9phonie, l&rsquo;image, le son et les loisirs.<\/p>\n<p>Par exemple, nous avons rep\u00e9r\u00e9 les bonnes affaires suivantes :<\/p>\n<ul>\n<li><strong>T\u00e9l\u00e9viseur\u00a0Philips The One 65 pouces<\/strong> : 699,99 euros au lieu de 999,99 euros.<\/li>\n<li><strong>Barre de son Sonos Playbase<\/strong> : 649,99 euros au lieu de 799,99 euros.<\/li>\n<li><strong>Smartphone Samsung Galaxy S10<\/strong>\u00a0: 599 euros au lieu de 759 euros.<\/li>\n<li><strong>Smartphone Google Pixel 3A<\/strong> : 299 euros au lieu de 399 euros.<\/li>\n<li><strong>Tablette Apple iPad Air 10,5 pouces<\/strong> : 649,99 euros au lieu de 879,99 euros.<\/li>\n<li><strong>Montre connect\u00e9e Samsung Galaxy Watch Active<\/strong> : 199,99 euros au lieu de 249,99 euros.<\/li>\n<li><strong>Bracelet connect\u00e9 Fitbit Inspire HR<\/strong> : 69,99 euros au lieu de 99,99 euros.<\/li>\n<li><strong>Enceinte Google Nest Mini<\/strong> : 39,99 euros au lieu de 59,99 euros.<\/li>\n<li><strong>Pack tablette Microsoft Surface Pro 7<\/strong> : 1249,99 euros au lieu de 1719,99 euros.<\/li>\n<li><strong>PC Microsoft Surface Pro X<\/strong> : 1175,99 euros au lieu de 1469,99 euros.<\/li>\n<li><strong>Trottinette \u00e9lectrique\u00a0Xiaomi Mi Pro<\/strong> : 449 euros au lieu de 499 euros.<\/li>\n<\/ul>\n<p>Les deux enseignes peuvent <a href=\"https:\/\/www.01net.com\/actualites\/coronavirus-sous-quelles-conditions-les-e-commercants-continuent-ils-leurs-livraisons-a-domicile-1876488.html\" target=\"_blank\" rel=\"noopener noreferrer\">livrer \u00e0 domicile<\/a>.<\/p>\n<p><a href=\"https:\/\/www.awin1.com\/cread.php?awinmid=12665&amp;awinaffid=304019&amp;clickref=articleconso20&amp;p=https:\/\/www.fnac.com\/bons-plans\/high-tech\" target=\"_blank\" rel=\"noopener noreferrer\">Retrouvez ici l&rsquo;op\u00e9ration de la Fnac.<\/a><\/p>\n<p><a href=\"https:\/\/www.awin1.com\/cread.php?awinmid=7735&amp;awinaffid=304019&amp;clickref=&amp;p=https%3A%2F%2Fwww.darty.com%2Fachat%2Fboutique%2Fjours-optimistes%2Findex.htm\" target=\"_blank\" rel=\"noopener noreferrer\">Retrouvez ici l&rsquo;op\u00e9ration de Darty.<\/a><\/p>\n<aside class=\"bg-color-0 padding-inside-all-s bloc border-s\">\n<h4 class=\"box-txt-normal\">\n<p><strong>A d\u00e9couvrir aussi en vid\u00e9o :<\/strong><\/p>\n<\/h4>\n<\/aside>\n<p>Les promotions mentionn\u00e9es dans cet article peuvent \u00eatre \u00e9ph\u00e9m\u00e8res et ne plus \u00eatre valables apr\u00e8s la date de parution de l\u2019article.<\/p>\n<p><a href=\"https:\/\/www.01net.com\/bons-plans\/\">Retrouvez tous les bons plans high-tech s\u00e9lectionn\u00e9s par 01net.com sur notre page d\u00e9di\u00e9e.<\/a><\/p>\n<p><em>Cet article est une s\u00e9lection r\u00e9alis\u00e9e par l\u2019\u00e9quipe de 01net.com, en toute ind\u00e9pendance. Il est toutefois possible que ce contenu propose un lien d\u2019affiliation. Si vous cliquez sur ce lien, l\u2019e-commer\u00e7ant peut nous reverser une commission. Pour vous, rien ne change !<\/em><\/p>\n<\/p><\/div>\n<p><script>\n         !function(f,b,e,v,n,t,s){if(f.fbq)return;n=f.fbq=function()\n         {n.callMethod? n.callMethod.apply(n,arguments):n.queue.push(arguments)}\n         ;if(!f._fbq)f._fbq=n;\n             n.push=n;n.loaded=!0;n.version='2.0';n.queue=[];t=b.createElement(e);t.async=!0;\n             t.src=v;s=b.getElementsByTagName(e)[0];s.parentNode.insertBefore(t,s)}(window,\n                 document,'script','https:\/\/connect.facebook.net\/en_US\/fbevents.js');\n         fbq('init', '1065890633454496');\n         fbq('track', 'PageView');\n     <\/script><br \/>\n<br \/>[ad_2]<br \/>\n<br \/><a href=\"https:\/\/www.01net.com\/actualites\/la-fnac-et-darty-proposent-6-jours-de-bons-plans-pour-nous-faire-oublier-les-french-days-1904697.html\">Source link <\/a><\/p>\n","protected":false},"excerpt":{"rendered":"<p>[ad_1] Avec le report\u00a0des French Days, qui devaient avoir lieu fin avril, les commer\u00e7ants n&rsquo;ont pas pu proposer leurs jours &hellip; <a href=\"http:\/\/www.affinite.fr\/index.php\/2020\/04\/30\/la-fnac-et-darty-proposent-6-jours-de-bons-plans-pour-nous-faire-oublier-les-french-days\/\" class=\"more-link\">Plus <span class=\"screen-reader-text\">La Fnac et Darty proposent 6 jours de bons plans pour nous faire oublier les French Days<\/span> <span class=\"meta-nav\">&rarr;<\/span><\/a><\/p>\n","protected":false},"author":1,"featured_media":2466,"comment_status":"open","ping_status":"open","sticky":false,"template":"","format":"standard","meta":{"_sitemap_exclude":false,"_sitemap_priority":"","_sitemap_frequency":"","footnotes":""},"categories":[1],"tags":[],"class_list":["post-2465","post","type-post","status-publish","format-standard","has-post-thumbnail","hentry","category-tous"],"_links":{"self":[{"href":"http:\/\/www.affinite.fr\/index.php\/wp-json\/wp\/v2\/posts\/2465"}],"collection":[{"href":"http:\/\/www.affinite.fr\/index.php\/wp-json\/wp\/v2\/posts"}],"about":[{"href":"http:\/\/www.affinite.fr\/index.php\/wp-json\/wp\/v2\/types\/post"}],"author":[{"embeddable":true,"href":"http:\/\/www.affinite.fr\/index.php\/wp-json\/wp\/v2\/users\/1"}],"replies":[{"embeddable":true,"href":"http:\/\/www.affinite.fr\/index.php\/wp-json\/wp\/v2\/comments?post=2465"}],"version-history":[{"count":0,"href":"http:\/\/www.affinite.fr\/index.php\/wp-json\/wp\/v2\/posts\/2465\/revisions"}],"wp:featuredmedia":[{"embeddable":true,"href":"http:\/\/www.affinite.fr\/index.php\/wp-json\/wp\/v2\/media\/2466"}],"wp:attachment":[{"href":"http:\/\/www.affinite.fr\/index.php\/wp-json\/wp\/v2\/media?parent=2465"}],"wp:term":[{"taxonomy":"category","embeddable":true,"href":"http:\/\/www.affinite.fr\/index.php\/wp-json\/wp\/v2\/categories?post=2465"},{"taxonomy":"post_tag","embeddable":true,"href":"http:\/\/www.affinite.fr\/index.php\/wp-json\/wp\/v2\/tags?post=2465"}],"curies":[{"name":"wp","href":"https:\/\/api.w.org\/{rel}","templated":true}]}}