{"id":2436,"date":"2020-04-29T22:33:38","date_gmt":"2020-04-29T22:33:38","guid":{"rendered":"https:\/\/www.affinite.fr\/index.php\/2020\/04\/29\/la-nasa-a-mis-au-point-un-respirateur-facile-a-fabriquer-et-transportable\/"},"modified":"2020-04-29T22:33:38","modified_gmt":"2020-04-29T22:33:38","slug":"la-nasa-a-mis-au-point-un-respirateur-facile-a-fabriquer-et-transportable","status":"publish","type":"post","link":"http:\/\/www.affinite.fr\/index.php\/2020\/04\/29\/la-nasa-a-mis-au-point-un-respirateur-facile-a-fabriquer-et-transportable\/","title":{"rendered":"la Nasa a mis au point un respirateur facile\u00a0\u00e0 fabriquer et transportable"},"content":{"rendered":"<p> [ad_1]<br \/>\n<\/p>\n<div itemprop=\"articleBody\">\n<p>\u00ab\u00a0<em>Fou<\/em> \u00bb. C&rsquo;est comme cela que l&rsquo;ing\u00e9nieure am\u00e9ricaine, Michelle Easter, r\u00e9sume le projet du laboratoire californien\u00a0<em>Jet Propulsion\u00a0<\/em>appartenant \u00e0 la Nasa auquel elle a particip\u00e9. Pendant\u00a037 jours, toute l&rsquo;\u00e9quipe de chercheurs s&rsquo;est r\u00e9unie \u00e0 la fois sur <a href=\"https:\/\/www.01net.com\/telecharger\/windows\/Internet\/communication\/fiches\/152629.html\" target=\"_blank\" rel=\"noopener noreferrer\">Zoom<\/a> et dans ses laboratoires pour \u00e9laborer\u00a0un respirateur \u00ab <em>facile<\/em> \u00bb \u00e0 fabriquer et \u00ab <em>reproductible en masse<\/em> \u00bb : le\u00a0VITAL (<em>Ventilator Intervention Technology Accessible Locally<\/em>). Un appareil palliatif\u00a0qui porte bien son nom &#8211; surtout dans un pays qui en manque cruellement.<\/p>\n<figure class=\"figure text-center\"><img decoding=\"async\" class=\"article-img img-responsive-l\" src=\"https:\/\/img.bfmtv.com\/c\/0\/708\/2d5\/c1e4320bae895fa976cd5f05e1d62.jpg\" alt=\"\"\/><figcaption class=\"figure-caption figcaption color-txt-0 title-xs hidden-xs\">\n                                    NASA\/JPL-Caltech<br \/>\n                                                    &#8211; Le respirateur VITAL est mobile et facile \u00e0 fabriquer.<br \/>\n                            <\/figcaption><\/figure>\n<h3 style=\"color:#333; font-family:arial,helvetica,sans-serif; font-size:23px; font-weight:700\">Efficace contre la d\u00e9tresse respiratoire<\/h3>\n<p>Comme le rapporte le magazine\u00a0<em>Sciences et Vie<\/em>, la Nasa a annonc\u00e9 le 23 avril 2020 que le respirateur avait \u00e9t\u00e9 test\u00e9 avec succ\u00e8s par des m\u00e9decins de l&rsquo;\u00c9cole de m\u00e9decine Icahn du centre hospitalier Mount Sinai, \u00e0 New-York. Pour l&rsquo;instant il n&rsquo;a \u00e9t\u00e9 \u00e9prouv\u00e9 que sur des mannequins et non sur de vrais patients.<br \/>Au cours de ces tests, l&rsquo;appareil s&rsquo;est montr\u00e9 efficace pour prendre en charge les d\u00e9faillances pulmonaires provoqu\u00e9es par la Covid-19, notamment le syndrome de d\u00e9tresse respiratoire aigu\u00eb (SDRA).\u00a0<\/p>\n<p>\n        <iframe loading=\"lazy\" class=\"video-3ff9119ebaa49fac691fff1275db5fd5\" width=\"560\" height=\"315\" src=\"http:\/\/www.youtube.com\/embed\/NB7SdwkBqHU\" frameborder=\"0\" allowfullscreen=\"\"><\/iframe><\/p>\n<h3 style=\"color:#333; font-family:arial,helvetica,sans-serif; font-size:23px; font-weight:700\">Mobile et \u00ab facilement \u00bb reproductible<\/h3>\n<p>Con\u00e7u pour pallier le\u00a0manque\u00a0de respirateurs aux \u00c9tats-Unis,\u00a0 le VITAL est en quelque sorte la\u00a0version simplifi\u00e9e d&rsquo;une machine classique. Sa fabrication n\u00e9cessite moins d&rsquo;\u00e9l\u00e9ments que les respirateurs traditionnels et les pi\u00e8ces n\u00e9cessaires sont soit d\u00e9j\u00e0 commercialis\u00e9es soit\u00a0facilement reproductibles\u00a0\u00e0 la cha\u00eene. Un autre avantage : il est mobile. Le VITAL\u00a0peut donc \u00eatre utilis\u00e9 ailleurs qu&rsquo;en milieu hospitalier.\u00a0<\/p>\n<p>Un prouesse technologique, donc, mais qui induit des sacrifices. Le VITAL peut seulement traiter les patients atteints du SDRA\u00a0et non d&rsquo;autres pathologies respiratoires alors que\u00a0les respirateurs hospitaliers peuvent en traiter un grand nombre. Outre sa sp\u00e9cificit\u00e9 Covid-19, cet appareil est moins r\u00e9sistant : sa dur\u00e9e de vie est estim\u00e9e \u00e0 3 ou 4 mois, juste de quoi passer la crise. Aucun co\u00fbt de fabrication ou prix de vente n&rsquo;a encore \u00e9t\u00e9 communiqu\u00e9.\u00a0<\/p>\n<aside class=\"bg-color-0 padding-inside-all-s bloc border-s\">\n<h4 class=\"box-txt-normal\">\n<p><strong>\u00c0 d\u00e9couvrir aussi en vid\u00e9o<\/strong><\/p>\n<\/h4>\n<\/aside>\n<h3 style=\"color:#333; font-family:arial,helvetica,sans-serif; font-size:23px; font-weight:700\">Des aventures \u00ab folles \u00bb\u00a0partout dans le monde\u00a0<\/h3>\n<p>Dans le contexte de la pand\u00e9mie, les initiatives pour venir en aide aux fabricants sont nombreuses et diverses. Des <a href=\"https:\/\/www.01net.com\/actualites\/coronavirus-des-chercheurs-tunisiens-concoivent-un-respirateur-open-source-a-imprimer-en-3d-1894986.html\" target=\"_blank\" rel=\"noopener noreferrer\">chercheurs tunisiens ont ainsi con\u00e7u un respirateur \u00e0 imprimer en 3D<\/a>\u00a0\u00e0 moins de 400 euros pi\u00e8ce &#8211; dont le patron va \u00eatre diffus\u00e9 en\u00a0<em>open source.<\/em> Les autorit\u00e9s doivent adouber le projet\u00a0d&rsquo;ici le 4 mai.\u00a0<br \/>C\u00f4t\u00e9 fran\u00e7ais,\u00a0un projet universitaire <a href=\"https:\/\/www.01net.com\/actualites\/le-ministere-des-armees-propose-10-millions-d-euros-pour-toute-solution-innovante-contre-le-covid-19-1878502.html\" target=\"_blank\" rel=\"noopener noreferrer\">a \u00e9t\u00e9 financ\u00e9 par l&rsquo;Agence de l&rsquo;innovation de d\u00e9fense<\/a> (AID) soutenu par le minist\u00e8re des Arm\u00e9es. En un peu plus d&rsquo;un mois, depuis le 16\u00a0mars, un collectif nantais de 250 b\u00e9n\u00e9voles a mis au point le \u00ab <a href=\"https:\/\/makair.life\/\" target=\"_blank\" rel=\"noopener noreferrer\">MakAir<\/a> \u00bb,\u00a0un respirateur artificiel \u00e0 moins de 1 500 euros pi\u00e8ce.\u00a0Ils attendent aujourd\u2019hui l\u2019aval des instances comp\u00e9tentes pour entamer la production en volume.<\/p>\n<p><strong>Sources<\/strong> : <a href=\"https:\/\/www.jpl.nasa.gov\/news\/news.php?feature=7646\" target=\"_blank\" rel=\"noopener noreferrer\">JPL Nasa<\/a>,\u00a0<a href=\"https:\/\/www.sciencesetavenir.fr\/sante\/la-nasa-participe-a-la-lutte-contre-la-pandemie_143822?utm_term=Autofeed&amp;utm_medium=Social&amp;utm_source=Twitter\" target=\"_blank\" rel=\"noopener noreferrer\">Sciences et Vie<\/a>\u00a0&amp;\u00a0<a href=\"https:\/\/www.ouest-france.fr\/sante\/virus\/coronavirus\/coronavirus-le-respirateur-artificiel-makair-soutenu-par-le-ministere-des-armees-6819805\" target=\"_blank\" rel=\"noopener noreferrer\">Ouest France<\/a><\/p>\n<\/p><\/div>\n<p><script>\n         !function(f,b,e,v,n,t,s){if(f.fbq)return;n=f.fbq=function()\n         {n.callMethod? n.callMethod.apply(n,arguments):n.queue.push(arguments)}\n         ;if(!f._fbq)f._fbq=n;\n             n.push=n;n.loaded=!0;n.version='2.0';n.queue=[];t=b.createElement(e);t.async=!0;\n             t.src=v;s=b.getElementsByTagName(e)[0];s.parentNode.insertBefore(t,s)}(window,\n                 document,'script','https:\/\/connect.facebook.net\/en_US\/fbevents.js');\n         fbq('init', '1065890633454496');\n         fbq('track', 'PageView');\n     <\/script><br \/>\n<br \/>[ad_2]<br \/>\n<br \/><a href=\"https:\/\/www.01net.com\/actualites\/coronavirus-la-nasa-a-mis-au-point-un-respirateur-facilea-fabriquer-et-transportable-1904223.html\">Source link <\/a><\/p>\n","protected":false},"excerpt":{"rendered":"<p>[ad_1] \u00ab\u00a0Fou \u00bb. C&rsquo;est comme cela que l&rsquo;ing\u00e9nieure am\u00e9ricaine, Michelle Easter, r\u00e9sume le projet du laboratoire californien\u00a0Jet Propulsion\u00a0appartenant \u00e0 la &hellip; <a href=\"http:\/\/www.affinite.fr\/index.php\/2020\/04\/29\/la-nasa-a-mis-au-point-un-respirateur-facile-a-fabriquer-et-transportable\/\" class=\"more-link\">Plus <span class=\"screen-reader-text\">la Nasa a mis au point un respirateur facile\u00a0\u00e0 fabriquer et transportable<\/span> <span class=\"meta-nav\">&rarr;<\/span><\/a><\/p>\n","protected":false},"author":1,"featured_media":2437,"comment_status":"open","ping_status":"open","sticky":false,"template":"","format":"standard","meta":{"_sitemap_exclude":false,"_sitemap_priority":"","_sitemap_frequency":"","footnotes":""},"categories":[1],"tags":[],"class_list":["post-2436","post","type-post","status-publish","format-standard","has-post-thumbnail","hentry","category-tous"],"_links":{"self":[{"href":"http:\/\/www.affinite.fr\/index.php\/wp-json\/wp\/v2\/posts\/2436"}],"collection":[{"href":"http:\/\/www.affinite.fr\/index.php\/wp-json\/wp\/v2\/posts"}],"about":[{"href":"http:\/\/www.affinite.fr\/index.php\/wp-json\/wp\/v2\/types\/post"}],"author":[{"embeddable":true,"href":"http:\/\/www.affinite.fr\/index.php\/wp-json\/wp\/v2\/users\/1"}],"replies":[{"embeddable":true,"href":"http:\/\/www.affinite.fr\/index.php\/wp-json\/wp\/v2\/comments?post=2436"}],"version-history":[{"count":0,"href":"http:\/\/www.affinite.fr\/index.php\/wp-json\/wp\/v2\/posts\/2436\/revisions"}],"wp:featuredmedia":[{"embeddable":true,"href":"http:\/\/www.affinite.fr\/index.php\/wp-json\/wp\/v2\/media\/2437"}],"wp:attachment":[{"href":"http:\/\/www.affinite.fr\/index.php\/wp-json\/wp\/v2\/media?parent=2436"}],"wp:term":[{"taxonomy":"category","embeddable":true,"href":"http:\/\/www.affinite.fr\/index.php\/wp-json\/wp\/v2\/categories?post=2436"},{"taxonomy":"post_tag","embeddable":true,"href":"http:\/\/www.affinite.fr\/index.php\/wp-json\/wp\/v2\/tags?post=2436"}],"curies":[{"name":"wp","href":"https:\/\/api.w.org\/{rel}","templated":true}]}}