{"id":2418,"date":"2020-04-29T14:57:43","date_gmt":"2020-04-29T14:57:43","guid":{"rendered":"https:\/\/www.affinite.fr\/index.php\/2020\/04\/29\/pour-la-premiere-fois-les-films-sortis-exclusivement-en-streaming-pourront-concourir\/"},"modified":"2020-04-29T14:57:43","modified_gmt":"2020-04-29T14:57:43","slug":"pour-la-premiere-fois-les-films-sortis-exclusivement-en-streaming-pourront-concourir","status":"publish","type":"post","link":"http:\/\/www.affinite.fr\/index.php\/2020\/04\/29\/pour-la-premiere-fois-les-films-sortis-exclusivement-en-streaming-pourront-concourir\/","title":{"rendered":"pour la premi\u00e8re fois, les films sortis exclusivement en streaming pourront concourir"},"content":{"rendered":"<p> [ad_1]<br \/>\n<br \/><img decoding=\"async\" src=\"https:\/\/img.bfmtv.com\/i\/0\/0\/03f01c9\/0431e2774caa2fb9b815cb409.jpeg\" \/><\/p>\n<div itemprop=\"articleBody\">\n<p>L\u2019Acad\u00e9mie des Oscars s\u2019adapte, elle-aussi, \u00e0 la pand\u00e9mie. \u00c0 titre exceptionnel, il est d\u00e9sormais possible qu\u2019un film sorti uniquement en streaming puisse recevoir une des prestigieuses statuettes lors de la 93e \u00e9dition des Oscars qui aura lieu le 28 f\u00e9vrier 2021, \u00e0 Hollywood.<\/p>\n<h3 style=\"color:#333;font-family:arial,helvetica,sans-serif;font-size:23px;font-weight:700;\">Une d\u00e9cision par d\u00e9faut<\/h3>\n<blockquote>\n<p>\u00ab <em>Jusqu\u2019\u00e0 nouvel ordre, et uniquement au titre de la 93e\u00a0\u00e9dition des Oscars, les films qui avaient pr\u00e9vu une sortie en salles mais qui sont d\u2019abord diffus\u00e9s sur des plates-formes de streaming commerciales peuvent \u00eatre qualifi\u00e9s<\/em> \u00bb, annonce l&rsquo;institution am\u00e9ricaine dans un communiqu\u00e9.<\/p>\n<\/blockquote>\n<div data-force-click=\"true\" class=\"bloc\">\n<blockquote class=\"twitter-tweet\">\n<p lang=\"en\" dir=\"ltr\">Here&rsquo;s what you need to know about the <a href=\"https:\/\/twitter.com\/hashtag\/Oscars?src=hash&amp;ref_src=twsrc%5Etfw\">#Oscars<\/a>:<\/p>\n<p>&#8211; For this awards year only, streamed films will be eligible for Best Picture<br \/>&#8211; Going forward, the Sound Mixing and Sound Editing awards will be combined into one category: Best Sound<\/p>\n<p>For more details: <a href=\"https:\/\/t.co\/LjBJJHExCN\">https:\/\/t.co\/LjBJJHExCN<\/a><\/p>\n<p>\u2014 The Academy (@TheAcademy) <a href=\"https:\/\/twitter.com\/TheAcademy\/status\/1255236413265793031?ref_src=twsrc%5Etfw\">April 28, 2020<\/a><\/p><\/blockquote><\/div>\n<h3 style=\"color:#333; font-family:arial,helvetica,sans-serif; font-size:23px; font-weight:700\">Une d\u00e9cision exceptionnelle<\/h3>\n<p>En temps normal, l\u2019institution am\u00e9ricaine exige que les films aient \u00e9t\u00e9 projet\u00e9s au moins sept jours dans les cin\u00e9mas de Los Angeles pour pouvoir \u00eatre s\u00e9lectionn\u00e9s. Jusqu\u2019\u00e0 pr\u00e9sent, Netflix et Amazon Prime avaient d\u00fb se r\u00e9soudre \u00e0 projeter bri\u00e8vement leurs \u0153uvres dans les cin\u00e9mas &#8211;\u00a0<a href=\"https:\/\/www.01net.com\/actualites\/et-l-oscar-2020-du-meilleur-perdant-est-attribue-a-netflix-1855463.html\" target=\"_blank\" rel=\"noopener noreferrer\">sans\u00a0pour autant \u00eatre r\u00e9compens\u00e9s.<\/a>\u00a0Dans le contexte du Covid-19, les salles californiennes ont ferm\u00e9es depuis la mi-mars\u00a0et pour l\u2019instant aucune date n\u2019a encore \u00e9t\u00e9 \u00e9voqu\u00e9e pour leur r\u00e9ouverture.\u00a0<\/p>\n<p>\u00c0 d\u00e9faut de cin\u00e9mas ouverts, l&rsquo;Acad\u00e9mie reconna\u00eet la n\u00e9cessit\u00e9 d\u2019une \u00ab <em>exception temporaire<\/em> \u00bb\u00a0dans son r\u00e8glement en raison de la pand\u00e9mie.\u00a0D\u00e8s que les salles obscures rouvriront, l\u2019Acad\u00e9mie d\u00e9finira une date \u00e0 partir de laquelle le r\u00e8glement habituel reprendra ses droits. \u00c0 ce moment-l\u00e0,\u00a0les films projet\u00e9s dans d\u2019autres grandes villes que Los Angeles seront \u00e9galement \u00e9ligibles aux Oscars. Autre nouveaut\u00e9 :\u00a0le\u00a0mixage de son et montage de son ont \u00e9t\u00e9 fusionn\u00e9s en un seul et m\u00eame prix attribu\u00e9 au \u00ab meilleur son \u00bb .<\/p>\n<h3 style=\"color:#333; font-family:arial,helvetica,sans-serif; font-size:23px; font-weight:700\">Une d\u00e9cision d&rsquo;urgence<\/h3>\n<p>Fervents d\u00e9fenseurs de la \u00ab <em>magie du cin\u00e9ma<\/em> \u00bb, les dirigeants de l\u2019Acad\u00e9mie, Dawn Hudson et David Rubin\u00a0restent n\u00e9anmoins convaincus qu\u2019il n\u2019y a \u00ab\u00a0<em>pas de meilleure fa\u00e7on<\/em>\u00a0\u00bb de faire l\u2019exp\u00e9rience du cin\u00e9ma que d\u2019\u00eatre assis dans une salle obscure. Ils ont pr\u00e9cis\u00e9 que la mesure vise seulement \u00e0 appuyer \u00ab<em>\u00a0les membres et les coll\u00e8gues en cette p\u00e9riode d\u2019incertitude<\/em>\u00a0\u00bb. Selon le cabinet\u00a0<a href=\"https:\/\/www.ampereanalysis.com\/report\/how-covid-19-is-impacting-theatrical-box-office\" target=\"_blank\" rel=\"noopener noreferrer\">Ampere Analysis<\/a>, le march\u00e9 mondial du cin\u00e9ma ne se remettrait\u00a0de la crise qu&rsquo;en 2025.<\/p>\n<aside class=\"bg-color-0 padding-inside-all-s bloc border-s\">\n<h4 class=\"box-txt-normal\">\n<p><strong>\u00c0 d\u00e9couvrir aussi en vid\u00e9o\u00a0<\/strong><\/p>\n<\/h4>\n<\/aside>\n<p style=\"color:#333; font-family:arial,helvetica,sans-serif; font-size:18px\">L&rsquo;Acad\u00e9mie des Oscars s&rsquo;aligne sur les autres comp\u00e9titions. Les <em>Golden Globes\u00a0<\/em>ont\u00a0\u00e9t\u00e9, le mois dernier, les premiers \u00e0 assouplir leur r\u00e8glement pour tenir compte de la situation in\u00e9dite provoqu\u00e9e par la pand\u00e9mie.<\/p>\n<p><strong>Source<\/strong> : <a href=\"https:\/\/www.engadget.com\/streaming-only-movies-can-win-oscars-215555845.html?guccounter=1\" target=\"_blank\" rel=\"noopener noreferrer\">Engadget<\/a>\u00a0<\/p>\n<\/p><\/div>\n<p><script async src=\"http:\/\/platform.twitter.com\/widgets.js\" charset=\"utf-8\"><\/script><script>\n         !function(f,b,e,v,n,t,s){if(f.fbq)return;n=f.fbq=function()\n         {n.callMethod? n.callMethod.apply(n,arguments):n.queue.push(arguments)}\n         ;if(!f._fbq)f._fbq=n;\n             n.push=n;n.loaded=!0;n.version='2.0';n.queue=[];t=b.createElement(e);t.async=!0;\n             t.src=v;s=b.getElementsByTagName(e)[0];s.parentNode.insertBefore(t,s)}(window,\n                 document,'script','https:\/\/connect.facebook.net\/en_US\/fbevents.js');\n         fbq('init', '1065890633454496');\n         fbq('track', 'PageView');\n     <\/script><br \/>\n<br \/>[ad_2]<br \/>\n<br \/><a href=\"https:\/\/www.01net.com\/actualites\/oscars-2021-pour-la-premiere-fois-les-films-sortis-exclusivement-en-streaming-pourront-concourir-1904127.html\">Source link <\/a><\/p>\n","protected":false},"excerpt":{"rendered":"<p>[ad_1] L\u2019Acad\u00e9mie des Oscars s\u2019adapte, elle-aussi, \u00e0 la pand\u00e9mie. \u00c0 titre exceptionnel, il est d\u00e9sormais possible qu\u2019un film sorti uniquement &hellip; <a href=\"http:\/\/www.affinite.fr\/index.php\/2020\/04\/29\/pour-la-premiere-fois-les-films-sortis-exclusivement-en-streaming-pourront-concourir\/\" class=\"more-link\">Plus <span class=\"screen-reader-text\">pour la premi\u00e8re fois, les films sortis exclusivement en streaming pourront concourir<\/span> <span class=\"meta-nav\">&rarr;<\/span><\/a><\/p>\n","protected":false},"author":1,"featured_media":2419,"comment_status":"open","ping_status":"open","sticky":false,"template":"","format":"standard","meta":{"_sitemap_exclude":false,"_sitemap_priority":"","_sitemap_frequency":"","footnotes":""},"categories":[1],"tags":[],"class_list":["post-2418","post","type-post","status-publish","format-standard","has-post-thumbnail","hentry","category-tous"],"_links":{"self":[{"href":"http:\/\/www.affinite.fr\/index.php\/wp-json\/wp\/v2\/posts\/2418"}],"collection":[{"href":"http:\/\/www.affinite.fr\/index.php\/wp-json\/wp\/v2\/posts"}],"about":[{"href":"http:\/\/www.affinite.fr\/index.php\/wp-json\/wp\/v2\/types\/post"}],"author":[{"embeddable":true,"href":"http:\/\/www.affinite.fr\/index.php\/wp-json\/wp\/v2\/users\/1"}],"replies":[{"embeddable":true,"href":"http:\/\/www.affinite.fr\/index.php\/wp-json\/wp\/v2\/comments?post=2418"}],"version-history":[{"count":0,"href":"http:\/\/www.affinite.fr\/index.php\/wp-json\/wp\/v2\/posts\/2418\/revisions"}],"wp:featuredmedia":[{"embeddable":true,"href":"http:\/\/www.affinite.fr\/index.php\/wp-json\/wp\/v2\/media\/2419"}],"wp:attachment":[{"href":"http:\/\/www.affinite.fr\/index.php\/wp-json\/wp\/v2\/media?parent=2418"}],"wp:term":[{"taxonomy":"category","embeddable":true,"href":"http:\/\/www.affinite.fr\/index.php\/wp-json\/wp\/v2\/categories?post=2418"},{"taxonomy":"post_tag","embeddable":true,"href":"http:\/\/www.affinite.fr\/index.php\/wp-json\/wp\/v2\/tags?post=2418"}],"curies":[{"name":"wp","href":"https:\/\/api.w.org\/{rel}","templated":true}]}}