{"id":2412,"date":"2020-04-29T12:41:50","date_gmt":"2020-04-29T12:41:50","guid":{"rendered":"https:\/\/www.affinite.fr\/index.php\/2020\/04\/29\/quelles-sont-les-regles-de-sorties-avec-les-enfants-apres-le-11-mai\/"},"modified":"2020-04-29T12:41:50","modified_gmt":"2020-04-29T12:41:50","slug":"quelles-sont-les-regles-de-sorties-avec-les-enfants-apres-le-11-mai","status":"publish","type":"post","link":"http:\/\/www.affinite.fr\/index.php\/2020\/04\/29\/quelles-sont-les-regles-de-sorties-avec-les-enfants-apres-le-11-mai\/","title":{"rendered":"Quelles sont les r\u00e8gles de sorties avec les enfants apr\u00e8s le 11\u00a0mai\u00a0?"},"content":{"rendered":"<p> [ad_1]<br \/>\n<br \/><img decoding=\"async\" src=\"https:\/\/img-3.journaldesfemmes.fr\/7XljDiSUbjq_w60MiuG5oF0t5zs=\/1280x\/smart\/b657ae6ef02c4a0d81442b8ae8d59573\/ccmcms-jdf\/15245157.jpg\" \/><\/p>\n<p>\n                Jusqu&rsquo;\u00e0 la fin du confinement, le 11\u00a0mai, les r\u00e8gles en vigueur continuent de s&rsquo;appliquer. Apr\u00e8s cette date, que pourront-nous faire avec les enfants\u00a0? A quoi se r\u00e9f\u00e8re le \u00ab\u00a0motif familial imp\u00e9rieux\u00a0\u00bb\u00a0? On fait le point sur les derni\u00e8res annonces du gouvernement.            <\/p>\n<div>\n<aside class=\"ccmsummary marqueur_module ccmcss_cms_summary ccmcss_cms_summary--right\">\n<p>Sommaire<\/p>\n<\/aside>\n<p><strong>[Mise \u00e0 jour du 29\u00a0avril \u00e0 14h21].<\/strong> Lors du d\u00e9confinement le 11 mai, les d\u00e9placements ne n\u00e9cessiteront plus d&rsquo;attestation de d\u00e9placement d\u00e9rogatoire.\u00a0Il sera possible de sortir aux alentours de <strong>100 km de la maison<\/strong>, Les balades avec les enfants ne seront donc plus encadr\u00e9es, mais les parcs et les espaces verts pourront demeurer ferm\u00e9s dans les d\u00e9partements les plus touch\u00e9s par le coronavirus. Les zoos et les parcs d&rsquo;attractions resteront ferm\u00e9s, tout comme les restaurants,\u00a0et seuls les petits mus\u00e9es pourront ouvrir leurs portes. <strong>\u00ab\u00a0<\/strong><em><strong>Les m\u00e9diath\u00e8ques, les biblioth\u00e8ques et petits mus\u00e9es, si importants pour la vie culturelle de nos territoires, pourront rouvrir leurs portes d\u00e8s le 11\u00a0mai<\/strong>\u00a0<\/em>\u00ab\u00a0, a, en effet, indiqu\u00e9 le Premier ministre dans son allocution du 28\u00a0avril \u00e0 l&rsquo;Assembl\u00e9e nationale. Les parents pourront\u00a0de nouveau se rendre dans des commerces autres qu&rsquo;alimentaires\u00a0pour\u00a0acheter des v\u00eatements d&rsquo;\u00e9t\u00e9 pour leurs enfants ou anticiper la rentr\u00e9e, mais ils pourront se voir imposer le port du masque. En revanche, les centres commerciaux de plus de 40.000 m2 resteront ferm\u00e9s.\u00a0Enfin, le retour chez le coiffeur, tant attendu apr\u00e8s des tentatives plus ou moins r\u00e9ussies de coupes maison, pourra aussi avoir lieu \u00e0 partir du 11 mai en respectant les gestes barri\u00e8res et les mesures de distanciation sociale.<\/p>\n<p>Les ponts de mai, qui ont lieu le 1er et le 8\u00a0mai ne doivent pas \u00eatre l&rsquo;occasion de se retrouver en famille, puisque le confinement est prolong\u00e9 jusqu&rsquo;au 11.\u00a0Mais qu&rsquo;en est-il du pont de l&rsquo;Ascension qui a lieu le week-end du 21\u00a0mai\u00a0?\u00a0\u00ab\u00a0<em>Le jeudi de l&rsquo;Ascension sera bien f\u00e9ri\u00e9, mais ce n&rsquo;est pas le moment de quitter son d\u00e9partement pour partir en week-end<\/em>\u00ab\u00a0, a pr\u00e9venu Edouard Philippe.<\/p>\n<p>La garde des enfants dont les\u00a0parents sont s\u00e9par\u00e9s fait partie des\u00a0motifs familiaux imp\u00e9rieux tout comme, selon le gouvernement\u00a0 \u00ab\u00a0<em>la blessure d&rsquo;un proche, l&rsquo;accompagnement d&rsquo;une personne vuln\u00e9rable ou non autonome, et le d\u00e9c\u00e8s d&rsquo;un membre de la famille proche<\/em>.\u00a0\u00bb Par ailleurs, \u00e0\u00a0partir du 11 mai, les rassemblements sont limit\u00e9s \u00e0 10 personnes.<\/p>\n<p><strong style=\"font-size: 1rem;\">Jusqu&rsquo;\u00e0 la date de r\u00e9ouverture des \u00e9coles \u00e0 partir du 11\u00a0mai,<\/strong><span style=\"font-size: 1rem;\"> les enfants doivent rester confin\u00e9s \u00e0 la maison.\u00a0S&rsquo;ils ont le droit de sortir s&rsquo;a\u00e9rer un peu, certaines r\u00e8gles sont \u00e0 respecter. Voici les\u00a0r\u00e8gles \u00e0 conna\u00eetre avant de quitter son domicile.\u00a0<\/span><\/p>\n<p>L&rsquo;<a href=\"https:\/\/mobile.interieur.gouv.fr\/Actualites\/L-actu-du-Ministere\/Attestation-de-deplacement-derogatoire-et-justificatif-de-deplacement-professionnel\" target=\"_blank\" rel=\"noopener noreferrer\">attestation de d\u00e9placements d\u00e9rogatoire<\/a>\u00a0pr\u00e9cise les <strong>sorties en famille<\/strong> <strong>pendant le confinement.<\/strong>\u00a0Ainsi, il\u00a0est autoris\u00e9 de sortir pour des <strong>\u00ab\u00a0<\/strong><em><strong>D\u00e9placements brefs, dans la limite d&rsquo;une heure quotidienne et dans un rayon maximal d&rsquo;un kilom\u00e8tre autour du domicile<\/strong>, li\u00e9s soit \u00e0 l&rsquo;activit\u00e9 physique individuelle des personnes, \u00e0 l&rsquo;exclusion de toute pratique sportive collective et de toute proximit\u00e9 avec d&rsquo;autres personnes, soit \u00e0 <strong>la promenade avec les seules personnes regroup\u00e9es dans un m\u00eame domicile,<\/strong> soit aux besoins des animaux de compagnie\u00a0\u00bb.<\/em>\u00a0Rappelons que le <a href=\"http:\/\/file:\/\/\/C:\/Users\/elodi\/Downloads\/faq_restrictions.pdf\" target=\"_blank\" rel=\"noopener noreferrer\">minist\u00e8re de l&rsquo;Int\u00e9rieur<\/a>\u00a0pr\u00e9cise que \u00ab\u00a0<em><strong>les sorties indispensables \u00e0 l&rsquo;\u00e9quilibre des enfants\u00a0\u00bb <\/strong><\/em>doivent \u00eatre\u00a0effectu\u00e9es<em> \u00ab\u00a0dans le respect des gestes barri\u00e8re et en \u00e9vitant tout rassemblement<\/em>\u00ab\u00a0. Les activit\u00e9s physiques en groupe ou les pique-niques entre amis sont bien \u00e9videmment interdits. Il est \u00e9galement <strong>recommand\u00e9 de sortir seul avec les enfants (un adulte \u00e0 la fois)<\/strong>. Ce sera d&rsquo;ailleurs le cas dans le Bas-Rhin, comme \u00e0 Strasbourg \u00e0 partir de vendredi 10 avril. Enfin, si vous croisez d&rsquo;autres personnes, pensez \u00e0 bien respecter la <strong>distance de s\u00e9curit\u00e9 d&rsquo;au moins un m\u00e8tre<\/strong>. N&rsquo;oubliez pas \u00e9galement votre attestation \u00e0 chaque sortie, dat\u00e9e et sign\u00e9e, m\u00eame si vous restez \u00e0 c\u00f4t\u00e9 de chez vous et qu&rsquo;elle ne dure que quelques minutes.<\/p>\n<p>Pendant le confinement, il peut \u00eatre tentant de faire une promenade \u00e0 v\u00e9lo avec les enfants, pour que tout le monde prenne l&rsquo;air et se d\u00e9gourdisse les jambes. Mais\u00a0le minist\u00e8re de l&rsquo;Int\u00e9rieur avait rappel\u00e9\u00a0qu&rsquo;il \u00e9tait\u00a0interdit de pratiquer du v\u00e9lo durant cette p\u00e9riode de confinement. <strong>La bicyclette peut \u00eatre utilis\u00e9e pour un d\u00e9placement, comme aller au travail ou faire les courses, mais <em><strong>\u00ab\u00a0<\/strong>la pratique du v\u00e9lo de loisir est proscrite\u00a0\u00bb<\/em><\/strong>, souligne la place Beauveau. Cependant, <strong>les enfants ont le droit d&rsquo;en faire lors de la sortie d&rsquo;une heure autoris\u00e9e \u00e0 1 km du domicile.<\/strong> Le minist\u00e8re indique en effet que les plus jeunes peuvent faire du v\u00e9lo<em>\u00a0<strong>\u00ab\u00a0lors d&rsquo;une sortie br\u00e8ve, en \u00e9tant accompagn\u00e9s par un adulte \u00e0 pied\u00a0\u00bb.\u00a0<\/strong><\/em>Pour autant, \u00ab\u00a0<strong>le v\u00e9lo est un mode de transport \u00e0 part enti\u00e8re<\/strong>\u00a0\u00bb a d\u00e9clar\u00e9 ce 27 avril sur Europe 1\u00a0Elisabeth Borne,\u00a0ministre de la Transition \u00e9cologique.<\/p>\n<div class=\"ccminsert\">\n<blockquote class=\"twitter-tweet\">\n<p dir=\"ltr\" lang=\"fr\"><a href=\"https:\/\/twitter.com\/hashtag\/CORONAVIRUS?src=hash&amp;ref_src=twsrc%5Etfw\">#CORONAVIRUS<\/a> <a href=\"https:\/\/twitter.com\/hashtag\/Question?src=hash&amp;ref_src=twsrc%5Etfw\">#Question<\/a> | Est-ce que je peux faire du <a href=\"https:\/\/twitter.com\/hashtag\/v%C3%A9lo?src=hash&amp;ref_src=twsrc%5Etfw\">#v\u00e9lo<\/a> ?<br \/>Non, la pratique du v\u00e9lo de loisir est proscrite.<br \/>Pour vos enfants, lors d&rsquo;une sortie br\u00e8ve, en \u00e9tant accompagn\u00e9 par un adulte \u00e0 pied.<br \/>Il peut \u00eatre utilis\u00e9 pour un d\u00e9placement (travail, sant\u00e9, courses &#8230;) <a href=\"https:\/\/t.co\/frCws2aw42\">pic.twitter.com\/frCws2aw42<\/a><\/p>\n<p>\u2014 Minist\u00e8re de l&rsquo;Int\u00e9rieur (@Place_Beauvau) <a href=\"https:\/\/twitter.com\/Place_Beauvau\/status\/1243217161503617025?ref_src=twsrc%5Etfw\">March 26, 2020<\/a><\/p><\/blockquote>\n<\/div>\n<p><a id=\"peut-on-faire-ses-courses-avec-ses-enfants\" name=\"peut-on-faire-ses-courses-avec-ses-enfants\" style=\"font-size: 1.125rem; background-color: rgb(255, 255, 255);\" target=\"_blank\" rel=\"noopener noreferrer\">Peut-on faire ses courses avec ses enfants\u00a0?<\/a><\/p>\n<p><strong>Faire des courses de premi\u00e8re n\u00e9cessit\u00e9 est autoris\u00e9, \u00e0 condition d&rsquo;y aller seul.<\/strong>\u00a0Partant de ce principe, de nombreux supermarch\u00e9s refusent l&rsquo;acc\u00e8s du magasin \u00e0 tous les parents qui viennent faire leurs courses accompagn\u00e9s de leurs enfants.<\/p>\n<p>Mais comment faire quand on est une <strong>maman ou un papa solo<\/strong>, et que l&rsquo;on a personne pour garder les petits ?\u00a0Face aux cas qui se multiplient en France depuis le d\u00e9but du confinement,<strong>\u00a0le D\u00e9fenseur des droits <\/strong>a r\u00e9agi dans un communiqu\u00e9 du<strong>\u00a0<\/strong>8 avril, pr\u00e9cisant que <strong>les refus d&rsquo;acc\u00e8s aux supermarch\u00e9s<\/strong> \u00ab\u00a0<em>ont pour effet soit de rendre impossible l&rsquo;acc\u00e8s \u00e0 des biens de premi\u00e8re n\u00e9cessit\u00e9, soit de porter atteinte \u00e0 l&rsquo;int\u00e9r\u00eat sup\u00e9rieur des enfants en imposant qu&rsquo;ils soient laiss\u00e9s seuls \u00e0 la porte du magasin\u00a0\u00bb<\/em>. Il rappelle que cette d\u00e9cision\u00a0\u00ab\u00a0<em>ne fait pas partie des mesures restrictives relatives \u00e0 la lutte contre la propagation du virus Covid-19<\/em>\u00ab\u00a0.\u00a0Par ailleurs, <strong>les supermarch\u00e9s ne doivent pas non plus demander aux parents que leurs enfants les attendent \u00e0 la sortie\u00a0du magasin<\/strong>,<em> \u00ab\u00a0y compris au niveau des caisses\u00a0ou \u00e0 la garde d&rsquo;un vigile\u00a0\u00bb<\/em>. Le D\u00e9fenseur des droits affirme que le fait de <em>\u00ab\u00a0contraindre un parent \u00e0 laisser son enfant seul \u00e0 l&rsquo;ext\u00e9rieur d&rsquo;un magasin, ou seul aupr\u00e8s d&rsquo;un adulte qu&rsquo;il ne conna\u00eet pas, constitue une atteinte au droit de l&rsquo;enfant \u00e0 \u00eatre prot\u00e9g\u00e9 contre toute forme de violence<\/em>\u00ab\u00a0.<\/p>\n<h3>Plus de 800 parents ont utilis\u00e9 le mail de signalement<\/h3>\n<p>A son tour, le gouvernement tient \u00e0 rappeler\u00a0que le <strong>refus des enfants \u00e0 l&rsquo;entr\u00e9e des supermarch\u00e9s ou des magasins\u00a0<\/strong>ne fait pas partie des mesures prises par le gouvernement pour lutter contre la propagation du virus. Ce 10 avril, le Secr\u00e9tariat d&rsquo;Etat charg\u00e9 de l&rsquo;\u00e9galit\u00e9 femmes hommes et de la lutte contre les discriminations a d\u00e9cid\u00e9 de mettre en place une adresse\u00a0mail: <strong>dgcs-coursesparentsisoles@social.gouv.fr<\/strong> permettant de <strong>signaler les cas de parents isol\u00e9s\u00a0refus\u00e9s \u00e0 l&rsquo;entr\u00e9e des magasins<\/strong>, ou ceux \u00e0 qui il est demand\u00e9 de laisser leur enfant \u00e0 la caisse ou avec des inconnus. \u00c0 chaque remont\u00e9e, <em>\u00ab\u00a0le gouvernement engagera un dialogue avec les \u00e9quipes des magasins concern\u00e9s pour permettre aux femmes et hommes seuls accompagn\u00e9s de leurs enfants de faire leurs courses alimentaires aussi sereinement que possible<\/em>\u00ab\u00a0. <strong>Depuis le lancement, plus\u00a0de 800 parents ont utilis\u00e9 cette adresse mail pour signaler un refus d&rsquo;entrer dans le magasin.<\/strong>\u00a0\u00ab\u00a0<em>Nous avons \u00e9t\u00e9 saisis par des m\u00e8res isol\u00e9es, parfois des p\u00e8res aussi, qui sont seuls avec leurs enfants \u2013 soit parce qu&rsquo;ils sont c\u00e9libataires, soit parce que leur conjoint travaille<\/em>\u00a0\u00bb a pr\u00e9cis\u00e9 Marl\u00e8ne Schiappa sur France Info ce 16 avril.<\/p>\n<p>Si vous accompagnez vos enfants, une seule attestation sur l&rsquo;honneur, \u00e0 votre nom, est\u00a0n\u00e9cessaire.\u00a0Dans ce cas, elle devra mentionner votre nom et pr\u00e9nom <strong>ainsi que les pr\u00e9noms de vos enfants<\/strong>,<strong>\u00a0mais aussi la date et l&rsquo;horaire de sortie.\u00a0<\/strong>L&rsquo;attestation peut \u00eatre r\u00e9dig\u00e9e sur papier libre (au stylo ind\u00e9l\u00e9bile) si vous ne poss\u00e9dez pas d&rsquo;imprimante.\u00a0<span style=\"font-size: 1rem;\">Rappelons que\u00a0<\/span><strong style=\"font-size: 1rem;\"><a href=\"https:\/\/www.journaldesfemmes.fr\/societe\/actu\/2626167-attestation-derogatoire-de-deplacement-sorties-smartphone-numerique-portable-trouver\/\" target=\"_blank\" rel=\"noopener noreferrer\">l&rsquo;attestation de d\u00e9placement d\u00e9rogatoire<\/a><\/strong><strong style=\"font-size: 1rem;\">\u00a0<\/strong><span style=\"font-size: 1rem;\">est obligatoire pour tout trajet en dehors de la maison, sous peine d&rsquo;avoir une amende de 135\u00a0euros.\u00a0Depuis le 6\u00a0avril, <a href=\"https:\/\/media.interieur.gouv.fr\/deplacement-covid-19\/\" target=\"_blank\" rel=\"noopener noreferrer\"><strong>une attestation num\u00e9rique est disponible<\/strong><\/a>. Il vous suffit de remplir, via votre smartphone, vos coordonn\u00e9es et le motif de votre d\u00e9placement, afin d&rsquo;obtenir un QR<\/span>\u00a0Code et g\u00e9n\u00e9rer votre attestation avec la date et l&rsquo;heure.<\/p>\n<p>Oui, les enfants mineurs qui sortent seuls doivent eux aussi \u00eatre en mesure de <strong>pr\u00e9senter une attestation de d\u00e9placement d\u00e9rogatoire<\/strong> s&rsquo;ils se font contr\u00f4ler par les autorit\u00e9s.\u00a0Elle devra \u00eatre sign\u00e9e par le tuteur l\u00e9gal ou l&rsquo;un des deux parents. Si votre grand souhaite se d\u00e9gourdir un peu les jambes, vous pourrez donc l&rsquo;envoyer faire une course, ou acheter une baguette de pain \u00e0 la boulangerie.<\/p>\n<p>L&rsquo;attestation de d\u00e9placement\u00a0d\u00e9rogatoire stipule que<strong> la garde des enfants<\/strong> est l&rsquo;une des raisons accept\u00e9es pour sortir de chez soi.\u00a0Ainsi, les parents qui confient leur <a href=\"https:\/\/www.journaldesfemmes.fr\/maman\/bebe\/2625411-assistantes-maternelles-chomage-partiel-coronavirus\/\" target=\"_blank\" rel=\"noopener noreferrer\">b\u00e9b\u00e9 \u00e0 une assistante maternelle<\/a> par exemple peuvent emmener leur enfant muni de leur attestation.\u00a0Quant aux <strong>parents s\u00e9par\u00e9s ou divorc\u00e9s<\/strong>, ainsi que ceux en <strong>garde altern\u00e9e<\/strong> (une semaine chez papa, l&rsquo;autre chez maman), ils ont \u00e9galement le droit\u00a0de sortir pour aller r\u00e9cup\u00e9rer et d\u00e9poser les petits au domicile de l&rsquo;autre parent. Le gouvernement rappelle que la garde altern\u00e9e concerne plus de 400\u00a0000\u00a0enfants, soit 2.7% des mineurs en France. <em>\u00ab\u00a0Le d\u00e9placement pour aller chercher ses enfants dans le cadre d&rsquo;une garde altern\u00e9e est <strong>autoris\u00e9 quelle que soit la distance. <\/strong>Il s&rsquo;agit d&rsquo;un <strong>d\u00e9placement pour motif familial imp\u00e9rieux\u00a0\u00bb<\/strong><\/em><em><strong>.<\/strong><\/em><\/p>\n<aside id=\"NL_1137293489\" class=\"newsletter_subscription jNlBlock\"><noscript><br \/>\n            <\/noscript><\/p>\n<h3 class=\"newsletter_subscription-title\">Newsletter <\/h3>\n<p><a href=\"\/\/mailing.ccmbg.com\/archive\/last-85\" target=\"_blank\" class=\"a_hover\" rel=\"noopener noreferrer\">Voir un exemple<\/a><\/p>\n<\/aside>\n<p>A l&rsquo;occasion de la <strong>journ\u00e9e mondiale de l&rsquo;autisme<\/strong> ce 2 avril, Emmanuel Macron a annonc\u00e9 que<a href=\"https:\/\/www.journaldesfemmes.fr\/maman\/magazine\/2629167-enfants-autistes-attestation-autisme-info-service\/\" target=\"_blank\" rel=\"noopener noreferrer\"> les personnes autistes pouvaient sortir un peu plus souvent de chez eux<\/a>, sans limite de distance, afin de leur permettre de retrouver des endroits qui les aident \u00e0 trouver leurs rep\u00e8res.\u00a0<\/p>\n<\/p><\/div>\n<p><script async src=\"http:\/\/platform.twitter.com\/widgets.js\" charset=\"utf-8\"><\/script><br \/>\n<br \/>[ad_2]<br \/>\n<br \/><a href=\"https:\/\/www.journaldesfemmes.fr\/maman\/magazine\/2626129-quelles-sont-les-regles-de-sorties-avec-les-enfants-apres-le-11-mai\/\">Source link <\/a><\/p>\n","protected":false},"excerpt":{"rendered":"<p>[ad_1] Jusqu&rsquo;\u00e0 la fin du confinement, le 11\u00a0mai, les r\u00e8gles en vigueur continuent de s&rsquo;appliquer. Apr\u00e8s cette date, que pourront-nous &hellip; <a href=\"http:\/\/www.affinite.fr\/index.php\/2020\/04\/29\/quelles-sont-les-regles-de-sorties-avec-les-enfants-apres-le-11-mai\/\" class=\"more-link\">Plus <span class=\"screen-reader-text\">Quelles sont les r\u00e8gles de sorties avec les enfants apr\u00e8s le 11\u00a0mai\u00a0?<\/span> <span class=\"meta-nav\">&rarr;<\/span><\/a><\/p>\n","protected":false},"author":1,"featured_media":2413,"comment_status":"open","ping_status":"open","sticky":false,"template":"","format":"standard","meta":{"_sitemap_exclude":false,"_sitemap_priority":"","_sitemap_frequency":"","footnotes":""},"categories":[1],"tags":[],"class_list":["post-2412","post","type-post","status-publish","format-standard","has-post-thumbnail","hentry","category-tous"],"_links":{"self":[{"href":"http:\/\/www.affinite.fr\/index.php\/wp-json\/wp\/v2\/posts\/2412"}],"collection":[{"href":"http:\/\/www.affinite.fr\/index.php\/wp-json\/wp\/v2\/posts"}],"about":[{"href":"http:\/\/www.affinite.fr\/index.php\/wp-json\/wp\/v2\/types\/post"}],"author":[{"embeddable":true,"href":"http:\/\/www.affinite.fr\/index.php\/wp-json\/wp\/v2\/users\/1"}],"replies":[{"embeddable":true,"href":"http:\/\/www.affinite.fr\/index.php\/wp-json\/wp\/v2\/comments?post=2412"}],"version-history":[{"count":0,"href":"http:\/\/www.affinite.fr\/index.php\/wp-json\/wp\/v2\/posts\/2412\/revisions"}],"wp:featuredmedia":[{"embeddable":true,"href":"http:\/\/www.affinite.fr\/index.php\/wp-json\/wp\/v2\/media\/2413"}],"wp:attachment":[{"href":"http:\/\/www.affinite.fr\/index.php\/wp-json\/wp\/v2\/media?parent=2412"}],"wp:term":[{"taxonomy":"category","embeddable":true,"href":"http:\/\/www.affinite.fr\/index.php\/wp-json\/wp\/v2\/categories?post=2412"},{"taxonomy":"post_tag","embeddable":true,"href":"http:\/\/www.affinite.fr\/index.php\/wp-json\/wp\/v2\/tags?post=2412"}],"curies":[{"name":"wp","href":"https:\/\/api.w.org\/{rel}","templated":true}]}}