{"id":2368,"date":"2020-04-28T11:17:26","date_gmt":"2020-04-28T11:17:26","guid":{"rendered":"https:\/\/www.affinite.fr\/index.php\/2020\/04\/28\/bonus-ecologique-ajuste-tva-ciblee-le-plan-de-relance-de-lautomobile-passe-par-la-voiture-electrique\/"},"modified":"2020-04-28T11:17:26","modified_gmt":"2020-04-28T11:17:26","slug":"bonus-ecologique-ajuste-tva-ciblee-le-plan-de-relance-de-lautomobile-passe-par-la-voiture-electrique","status":"publish","type":"post","link":"http:\/\/www.affinite.fr\/index.php\/2020\/04\/28\/bonus-ecologique-ajuste-tva-ciblee-le-plan-de-relance-de-lautomobile-passe-par-la-voiture-electrique\/","title":{"rendered":"Bonus \u00e9cologique ajust\u00e9,\u00a0TVA cibl\u00e9e, le plan de relance de l\u2019automobile passe par la voiture \u00e9lectrique"},"content":{"rendered":"<p> [ad_1]<br \/>\n<br \/><img decoding=\"async\" src=\"https:\/\/img.bfmtv.com\/i\/0\/0\/12e\/bd1c27d290b2b2a4fffed08a718cf.jpeg\" \/><\/p>\n<div itemprop=\"articleBody\">\n<p>D\u2019apr\u00e8s les informations de nos confr\u00e8res du Parisien, Bruno Le Maire n\u2019entend pas abandonner \u00e0 son sort la fili\u00e8re automobile fran\u00e7aise. Frapp\u00e9s, comme l\u2019ensemble du secteur, par la pand\u00e9mie du Covid-19 (le march\u00e9 \u00e0 plong\u00e9 de -72% en mars et pourrait m\u00eame atteindre les -90% en avril), les constructeurs fran\u00e7ais s\u2019inqui\u00e8tent d\u2019une reprise qui pourrait prendre beaucoup de temps, d\u2019autant plus que de grands \u00e9v\u00e9nements automobiles, propices aux ventes, comme le <a href=\"https:\/\/www.01net.com\/actualites\/six-mois-avant-l-evenement-le-mondial-de-l-auto-est-annule-1884925.html\" target=\"_blank\" rel=\"noopener noreferrer\">Mondial de Paris<\/a> n\u2019auront pas lieu cette ann\u00e9e.<\/p>\n<p>Le gouvernement travaillerait d\u00e9j\u00e0 \u00e0 un plan de relance d\u00e9di\u00e9 au secteur et bas\u00e9 sur de nouvelles aides \u00e0 l\u2019achat. Comme l\u2019avait d\u00e9j\u00e0 indiqu\u00e9 le ministre de l\u2019\u00e9conomie, mi-avril, \u00ab<em>\u00a0pour qu\u2019il y ait \u00e0 la fois red\u00e9marrage de l\u2019\u00e9conomie et une relance de la croissance, mais une croissance durable, verte qui soit plus protectrice de notre environnement<\/em>\u00a0\u00bb, les aides devraient en priorit\u00e9 cibler les v\u00e9hicules \u00e9lectriques et hybrides. Ainsi, le Parisien, \u00e9voque que les premi\u00e8res pistes de r\u00e9flexion concernent le <a href=\"https:\/\/www.01net.com\/actualites\/voiture-electrique-le-bonus-ecologique-2019-de-6-000-euros-est-prolonge-1882494.html\" target=\"_blank\" rel=\"noopener noreferrer\">bonus \u00e9cologique<\/a>, la prime \u00e0 la conversion et une TVA diff\u00e9renci\u00e9e selon le type de motorisation.<\/p>\n<h3 style=\"color:#333; font-family:arial,helvetica,sans-serif; font-size:23px; font-weight:700\">Une TVA moindre pour les voitures moins polluantes\u00a0<\/h3>\n<p>Sur le bonus \u00e9cologique, le coup de pouce concerne surtout les entreprises pour qui le montant avait \u00e9t\u00e9 rabot\u00e9 de 50% au 1er janvier 2020. Celles-ci pourraient \u00e0 nouveau b\u00e9n\u00e9ficier d\u2019un bonus de 6000 euros, identique \u00e0 celui des particuliers. Mais cette mesure r\u00e9serv\u00e9e aux v\u00e9hicules 100% \u00e9lectriques pourrait d\u00e9sormais s\u2019\u00e9tendre aux v\u00e9hicules hybrides rechargeables, avec un montant moindre bien entendu. Cette mesure ne serait pas sans cons\u00e9quence pour Renault et surtout PSA, qui ont largement mis\u00e9 sur cette technologie au cours des derniers mois (Peugeot 3008 ou encore DS7 Crossback d\u2019un c\u00f4t\u00e9, Renault Captur ou M\u00e9gane de l\u2019autre).<\/p>\n<aside class=\"bg-color-0 padding-inside-all-s bloc border-s\">\n<h4 class=\"box-txt-normal\">\n<p><strong>\u00c0 d\u00e9couvrir aussi en vid\u00e9o :<\/strong><\/p>\n<\/h4>\n<\/aside>\n<p>Enfin, la derni\u00e8re piste concerne la TVA. Aujourd\u2019hui, elle est de 20% pour une voiture neuve, quelle que soit sa motorisation. Le plan de relance pr\u00e9voirait de la baisser pour favoriser les v\u00e9hicules 100% \u00e9lectriques ou hybrides rechargeables. En revanche, les hybrides non rechargeables seraient laiss\u00e9es sur le bas-c\u00f4t\u00e9 de la mesure. Cette TVA pr\u00e9f\u00e9rentielle toucherait \u00e9galement les pi\u00e8ces d\u00e9tach\u00e9es d\u2019occasion, en rentrant dans le dispositif de la prime \u00e0 la conversion. En effet, la prime \u00e0 la casse ne s\u2019applique aujourd\u2019hui que lors du remplacement d\u2019un v\u00e9hicule ancien. L\u2019objectif, ici, est de faciliter les r\u00e9parations et l\u2019entretien des v\u00e9hicules pour diminuer leur impact \u00e9nerg\u00e9tique global.\u00a0<\/p>\n<p>Source : <a href=\"http:\/\/www.leparisien.fr\/economie\/automobile-prime-a-la-conversion-bonus-ecologique-bercy-prepare-son-plan-de-relance-27-04-2020-8306775.php\" target=\"_blank\" rel=\"noopener noreferrer\">Le Parisien<\/a><\/p>\n<\/p><\/div>\n<p><script>\n         !function(f,b,e,v,n,t,s){if(f.fbq)return;n=f.fbq=function()\n         {n.callMethod? n.callMethod.apply(n,arguments):n.queue.push(arguments)}\n         ;if(!f._fbq)f._fbq=n;\n             n.push=n;n.loaded=!0;n.version='2.0';n.queue=[];t=b.createElement(e);t.async=!0;\n             t.src=v;s=b.getElementsByTagName(e)[0];s.parentNode.insertBefore(t,s)}(window,\n                 document,'script','https:\/\/connect.facebook.net\/en_US\/fbevents.js');\n         fbq('init', '1065890633454496');\n         fbq('track', 'PageView');\n     <\/script><br \/>\n<br \/>[ad_2]<br \/>\n<br \/><a href=\"https:\/\/www.01net.com\/actualites\/bonus-ecologique-ajustetva-ciblee-le-plan-de-relance-de-l-automobile-passe-par-la-voiture-electrique-1903156.html\">Source link <\/a><\/p>\n","protected":false},"excerpt":{"rendered":"<p>[ad_1] D\u2019apr\u00e8s les informations de nos confr\u00e8res du Parisien, Bruno Le Maire n\u2019entend pas abandonner \u00e0 son sort la fili\u00e8re &hellip; <a href=\"http:\/\/www.affinite.fr\/index.php\/2020\/04\/28\/bonus-ecologique-ajuste-tva-ciblee-le-plan-de-relance-de-lautomobile-passe-par-la-voiture-electrique\/\" class=\"more-link\">Plus <span class=\"screen-reader-text\">Bonus \u00e9cologique ajust\u00e9,\u00a0TVA cibl\u00e9e, le plan de relance de l\u2019automobile passe par la voiture \u00e9lectrique<\/span> <span class=\"meta-nav\">&rarr;<\/span><\/a><\/p>\n","protected":false},"author":1,"featured_media":2369,"comment_status":"open","ping_status":"open","sticky":false,"template":"","format":"standard","meta":{"_sitemap_exclude":false,"_sitemap_priority":"","_sitemap_frequency":"","footnotes":""},"categories":[1],"tags":[],"class_list":["post-2368","post","type-post","status-publish","format-standard","has-post-thumbnail","hentry","category-tous"],"_links":{"self":[{"href":"http:\/\/www.affinite.fr\/index.php\/wp-json\/wp\/v2\/posts\/2368"}],"collection":[{"href":"http:\/\/www.affinite.fr\/index.php\/wp-json\/wp\/v2\/posts"}],"about":[{"href":"http:\/\/www.affinite.fr\/index.php\/wp-json\/wp\/v2\/types\/post"}],"author":[{"embeddable":true,"href":"http:\/\/www.affinite.fr\/index.php\/wp-json\/wp\/v2\/users\/1"}],"replies":[{"embeddable":true,"href":"http:\/\/www.affinite.fr\/index.php\/wp-json\/wp\/v2\/comments?post=2368"}],"version-history":[{"count":0,"href":"http:\/\/www.affinite.fr\/index.php\/wp-json\/wp\/v2\/posts\/2368\/revisions"}],"wp:featuredmedia":[{"embeddable":true,"href":"http:\/\/www.affinite.fr\/index.php\/wp-json\/wp\/v2\/media\/2369"}],"wp:attachment":[{"href":"http:\/\/www.affinite.fr\/index.php\/wp-json\/wp\/v2\/media?parent=2368"}],"wp:term":[{"taxonomy":"category","embeddable":true,"href":"http:\/\/www.affinite.fr\/index.php\/wp-json\/wp\/v2\/categories?post=2368"},{"taxonomy":"post_tag","embeddable":true,"href":"http:\/\/www.affinite.fr\/index.php\/wp-json\/wp\/v2\/tags?post=2368"}],"curies":[{"name":"wp","href":"https:\/\/api.w.org\/{rel}","templated":true}]}}