{"id":2361,"date":"2020-04-28T08:01:21","date_gmt":"2020-04-28T08:01:21","guid":{"rendered":"https:\/\/www.affinite.fr\/index.php\/2020\/04\/28\/les-entrepots-damazon-france-resteront-fermes-jusquau-5-mai\/"},"modified":"2020-04-28T08:01:21","modified_gmt":"2020-04-28T08:01:21","slug":"les-entrepots-damazon-france-resteront-fermes-jusquau-5-mai","status":"publish","type":"post","link":"http:\/\/www.affinite.fr\/index.php\/2020\/04\/28\/les-entrepots-damazon-france-resteront-fermes-jusquau-5-mai\/","title":{"rendered":"Les entrep\u00f4ts d\u2019Amazon France resteront ferm\u00e9s jusqu\u2019au 5 mai"},"content":{"rendered":"<p> [ad_1]<br \/>\n<br \/><img decoding=\"async\" src=\"https:\/\/img.bfmtv.com\/i\/0\/0\/573\/02b8e1099b77d6bbed52b9abbf207.jpeg\" \/><\/p>\n<div itemprop=\"articleBody\">\n<p>Le g\u00e9ant am\u00e9ricain du e-commerce et de la logistique Amazon a annonc\u00e9 ce 27 avril qu&rsquo;il prolongeait jusqu&rsquo;au 5 mai la suspension de l&rsquo;activit\u00e9 de ses centres de distribution en France, apr\u00e8s une d\u00e9cision de justice lui imposant d&rsquo;\u00e9valuer les risques li\u00e9s \u00e0 l&rsquo;\u00e9pid\u00e9mie de Covid-19.<\/p>\n<p><em>\u00ab Il sera demand\u00e9 aux collaborateurs d&rsquo;Amazon de rester chez eux jusqu&rsquo;au 5 mai inclus \u2014 ils percevront leur plein salaire \u00bb<\/em>, affirme le groupe dans un communiqu\u00e9. Les <a href=\"https:\/\/www.01net.com\/actualites\/coronavirus-amazon-ferme-temporairement-ses-entrepots-en-france-1893810.html\" target=\"_blank\" rel=\"noopener noreferrer\">centres de distribution d&rsquo;Amazon sont ferm\u00e9s depuis le 16 avril<\/a>.<\/p>\n<h3 style=\"color:#333; font-family:arial,helvetica,sans-serif; font-size:23px; font-weight:700\">100 000 euros par infraction<\/h3>\n<p>La cour d&rsquo;appel de Versailles <a href=\"https:\/\/www.01net.com\/actualites\/la-justice-confirme-qu-amazonne-doit-vendre-que-des-produits-essentiels-1900153.html\" target=\"_blank\" rel=\"noopener noreferrer\">a donn\u00e9 raison le 24 avril aux syndicats qui r\u00e9clamaient une r\u00e9elle \u00e9valuation <\/a>des risques li\u00e9s au nouveau coronavirus, venant confirmer une d\u00e9cision du tribunal de Nanterre dix jours plus t\u00f4t. La cour d&rsquo;appel a pr\u00e9cis\u00e9 et \u00e9largi la liste des produits qu&rsquo;Amazon peut continuer \u00e0 livrer dans l&rsquo;attente de cette \u00e9valuation et a fix\u00e9 une astreinte de 100 000 euros par infraction.\u00a0<\/p>\n<p>Le g\u00e9ant du commerce en ligne doit selon elle ainsi s&rsquo;en tenir aux produits high-tech, informatique, bureau, animaux domestiques, sant\u00e9 et soins du corps, nutrition, parapharmacie, ainsi qu&rsquo;\u00e0 l&rsquo;\u00e9picerie, <a href=\"http:\/\/www.affinite.fr\/index.php\/2022\/11\/20\/gros-glacons-pour-les-cocktails\/\">boissons<\/a> et entretien.<\/p>\n<aside class=\"bg-color-0 padding-inside-all-s bloc border-s\">\n<h4 class=\"box-txt-normal\">\n<p><strong>\u00c0 d\u00e9couvrir aussi en vid\u00e9o<\/strong><\/p>\n<\/h4>\n<\/aside>\n<h3 style=\"color:#333; font-family:arial,helvetica,sans-serif; font-size:23px; font-weight:700\">Jusqu\u2019\u00e0 un milliard d\u2019euros de p\u00e9nalit\u00e9 par semaine<\/h3>\n<blockquote>\n<p><em>\u00ab Un taux infime de traitement accidentel de produits non-autoris\u00e9s, de l&rsquo;ordre de 0,1 %, pourrait entra\u00eener une p\u00e9nalit\u00e9 de plus d&rsquo;un milliard d&rsquo;euros par semaine \u00bb<\/em>, d\u00e9plore Amazon dans son communiqu\u00e9, reprenant l&rsquo;argumentaire utilis\u00e9 pour justifier d&rsquo;une premi\u00e8re fermeture de ses centres de distribution jusqu&rsquo;\u00e0 mardi.<\/p>\n<\/blockquote>\n<blockquote>\n<p><em>\u00ab Cela signifie que nous anticipons de suspendre temporairement l&rsquo;activit\u00e9 de nos centres de distribution fran\u00e7ais jusqu&rsquo;au 5 mai, et ce, alors que nous continuons \u00e0 \u00e9valuer la meilleure fa\u00e7on d&rsquo;op\u00e9rer au regard de la d\u00e9cision de la cour d\u2019appel \u00bb<\/em>, ajoute-t-il.<br \/>Les clients <em>\u00ab peuvent toujours commander plusieurs millions de produits aupr\u00e8s des entreprises ind\u00e9pendantes qui vendent sur Amazon et au travers de notre r\u00e9seau logistique mondial \u00bb<\/em>, selon lui.<\/p>\n<\/blockquote><\/div>\n<p><script>\n         !function(f,b,e,v,n,t,s){if(f.fbq)return;n=f.fbq=function()\n         {n.callMethod? n.callMethod.apply(n,arguments):n.queue.push(arguments)}\n         ;if(!f._fbq)f._fbq=n;\n             n.push=n;n.loaded=!0;n.version='2.0';n.queue=[];t=b.createElement(e);t.async=!0;\n             t.src=v;s=b.getElementsByTagName(e)[0];s.parentNode.insertBefore(t,s)}(window,\n                 document,'script','https:\/\/connect.facebook.net\/en_US\/fbevents.js');\n         fbq('init', '1065890633454496');\n         fbq('track', 'PageView');\n     <\/script><br \/>\n<br \/>[ad_2]<br \/>\n<br \/><a href=\"https:\/\/www.01net.com\/actualites\/les-entrepots-d-amazon-france-resteront-fermes-jusqu-au-5-mai-1903085.html\">Source link <\/a><\/p>\n","protected":false},"excerpt":{"rendered":"<p>[ad_1] Le g\u00e9ant am\u00e9ricain du e-commerce et de la logistique Amazon a annonc\u00e9 ce 27 avril qu&rsquo;il prolongeait jusqu&rsquo;au 5 &hellip; <a href=\"http:\/\/www.affinite.fr\/index.php\/2020\/04\/28\/les-entrepots-damazon-france-resteront-fermes-jusquau-5-mai\/\" class=\"more-link\">Plus <span class=\"screen-reader-text\">Les entrep\u00f4ts d\u2019Amazon France resteront ferm\u00e9s jusqu\u2019au 5 mai<\/span> <span class=\"meta-nav\">&rarr;<\/span><\/a><\/p>\n","protected":false},"author":1,"featured_media":2362,"comment_status":"open","ping_status":"open","sticky":false,"template":"","format":"standard","meta":{"_sitemap_exclude":false,"_sitemap_priority":"","_sitemap_frequency":"","footnotes":""},"categories":[1],"tags":[],"class_list":["post-2361","post","type-post","status-publish","format-standard","has-post-thumbnail","hentry","category-tous"],"_links":{"self":[{"href":"http:\/\/www.affinite.fr\/index.php\/wp-json\/wp\/v2\/posts\/2361"}],"collection":[{"href":"http:\/\/www.affinite.fr\/index.php\/wp-json\/wp\/v2\/posts"}],"about":[{"href":"http:\/\/www.affinite.fr\/index.php\/wp-json\/wp\/v2\/types\/post"}],"author":[{"embeddable":true,"href":"http:\/\/www.affinite.fr\/index.php\/wp-json\/wp\/v2\/users\/1"}],"replies":[{"embeddable":true,"href":"http:\/\/www.affinite.fr\/index.php\/wp-json\/wp\/v2\/comments?post=2361"}],"version-history":[{"count":0,"href":"http:\/\/www.affinite.fr\/index.php\/wp-json\/wp\/v2\/posts\/2361\/revisions"}],"wp:featuredmedia":[{"embeddable":true,"href":"http:\/\/www.affinite.fr\/index.php\/wp-json\/wp\/v2\/media\/2362"}],"wp:attachment":[{"href":"http:\/\/www.affinite.fr\/index.php\/wp-json\/wp\/v2\/media?parent=2361"}],"wp:term":[{"taxonomy":"category","embeddable":true,"href":"http:\/\/www.affinite.fr\/index.php\/wp-json\/wp\/v2\/categories?post=2361"},{"taxonomy":"post_tag","embeddable":true,"href":"http:\/\/www.affinite.fr\/index.php\/wp-json\/wp\/v2\/tags?post=2361"}],"curies":[{"name":"wp","href":"https:\/\/api.w.org\/{rel}","templated":true}]}}