{"id":2355,"date":"2020-04-28T04:52:21","date_gmt":"2020-04-28T04:52:21","guid":{"rendered":"https:\/\/www.affinite.fr\/index.php\/2020\/04\/28\/dji-devoile-un-drone-detonnant-a-prix-contenu\/"},"modified":"2020-04-28T04:52:21","modified_gmt":"2020-04-28T04:52:21","slug":"dji-devoile-un-drone-detonnant-a-prix-contenu","status":"publish","type":"post","link":"http:\/\/www.affinite.fr\/index.php\/2020\/04\/28\/dji-devoile-un-drone-detonnant-a-prix-contenu\/","title":{"rendered":"DJI d\u00e9voile un drone d\u00e9tonnant \u00e0 prix contenu"},"content":{"rendered":"<p> [ad_1]<br \/>\n<\/p>\n<div itemprop=\"articleBody\">\n<p>Deux ans apr\u00e8s le Mavic Air, DJI d\u00e9voile enfin son successeur. L\u2019Air 2 aurait pu \u00eatre une simple suite de l\u2019un des drones les plus aboutis du leader du secteur. Le constructeur chinois l\u2019a, en r\u00e9alit\u00e9, dot\u00e9 de nouvelles fonctionnalit\u00e9s et de nouvelles capacit\u00e9s, sans augmenter son prix. \u00c0 bien y regarder, en dehors des dimensions, le nouveau drone de DJI est m\u00eame plus proche du mod\u00e8le haut de gamme, le <a href=\"https:\/\/www.01net.com\/tests\/dji-mavic-pro-fiche-technique-31823.html\" target=\"_blank\" rel=\"noopener noreferrer\">Mavic 2 Pro<\/a>, que de son pr\u00e9d\u00e9cesseur le Mavic Air. Explications.<\/p>\n<figure class=\"figure text-center\"><img decoding=\"async\" class=\"article-img img-responsive-l\" src=\"https:\/\/img.bfmtv.com\/c\/0\/708\/a45\/4c7b92dcdd615caa0080d5f4e549a.JPG\" alt=\"\"\/><figcaption class=\"figure-caption figcaption color-txt-0 title-xs hidden-xs\">\n                                    Dimitri Charitsis &#8211; 01 Net<br \/>\n                                                    &#8211; La nacelle reprend sa forme traditionnelle.<br \/>\n                            <\/figcaption><\/figure>\n<p>Que ce soit dans son design ou dans ses formes, le Mavic Air 2 se rapproche en effet du <a href=\"https:\/\/www.01net.com\/actualites\/dji-les-nouveaux-drones-mavic-2-fourbissent-leurs-armes-une-camera-hasselblad-et-un-zoom-optique-1510582.html\" target=\"_blank\" rel=\"noopener noreferrer\">Mavic 2 Pro<\/a>. Plus grand (180 x 197 x 184mm) mais surtout bien plus lourd que son pr\u00e9d\u00e9cesseur (570g contre 430g pour la version Air sortie en 2018), il se paye le luxe de titiller la plus haut de gamme des Mavic tout en \u00e9tant 550 euros moins cher.<\/p>\n<figure class=\"figure text-center\"><img decoding=\"async\" class=\"article-img img-responsive-l\" src=\"https:\/\/img.bfmtv.com\/c\/0\/708\/ea4\/931c4731084d2fde90fd9b6d11513.jpg\" alt=\"IMG_8582.jpg\"\/><figcaption class=\"figure-caption figcaption color-txt-0 title-xs hidden-xs\">\n                                    Dimitri Charitsis &#8211; 01 Net<br \/>\n                                                    &#8211; Les capteurs du Mavic Air 2.<br \/>\n                            <\/figcaption><\/figure>\n<p>En effet, \u00e0 849 euros, l\u2019Air 2 ne dispose certes pas d\u2019un capteur sur sa partie sup\u00e9rieure, mais fait de nets progr\u00e8s sur la traditionnelle partie nacelle. En effet, son capteur principal, CMOS 1\/2 pouce de 12 m\u00e9gapixels permet de filmer en 4K \u00e0 60 ips et 120 Mb\/s. Il int\u00e8gre \u00e9galement un mode HDR ainsi que les ralentis 4X et 8X (\u00e0 1080p et 120 ips ou 1080p et 240 ips). Cette partie photo est justement l\u2019un des axes de travail principaux de DJI sur son nouveau drone.\u00a0<\/p>\n<h3 style=\"color:#333; font-family:arial,helvetica,sans-serif; font-size:23px; font-weight:700\">Un drone de plus en plus intelligent<\/h3>\n<p>En plus de la partie mat\u00e9rielle, le Mavic Air 2 inaugure de nouvelles possibilit\u00e9s logicielles. Il y a d\u2019une part le mode \u00ab\u00a0hyperlight\u00a0\u00bb, qui permet de fusionner plusieurs prises de vues afin d\u2019extraire une image plus qualitative d\u2019une sc\u00e8ne en faible luminosit\u00e9. D\u2019autre part, DJI propose un mode de \u00ab\u00a0reconnaissance de sc\u00e8nes\u00a0\u00bb capable de distinguer 5 cat\u00e9gories d\u2019images diff\u00e9rentes (coucher de soleil, ciel bleu, herbe, neige, arbres et coucher de soleil) pour adapter les r\u00e9glages en fonction.<\/p>\n<figure class=\"figure text-center\"><img decoding=\"async\" class=\"article-img img-responsive-l\" src=\"https:\/\/img.bfmtv.com\/c\/0\/708\/36b\/18a4e285c3b167f0b1701040e7515.JPG\" alt=\"\"\/><figcaption class=\"figure-caption figcaption color-txt-0 title-xs hidden-xs\">\n                                    Dimitri Charitsis &#8211; 01 Net<br \/>\n                                                    &#8211; Le dernier drone de DJI et sa t\u00e9l\u00e9commande.<br \/>\n                            <\/figcaption><\/figure>\n<p>Au niveau du pilotage, les \u00e9volutions sont moins impressionnantes mais n\u00e9anmoins bienvenues. D\u00e9sormais, le drone est \u00e9quip\u00e9 de capteurs d\u2019obstacles \u00e0 l\u2019avant et \u00e0 l\u2019arri\u00e8re qui, coupl\u00e9es au syst\u00e8me d\u2019assistance avanc\u00e9e au pilote (APAS 3.0), permettraient d\u2019\u00e9viter les obstacles. Ces nouvelles dispositions sont d\u2019autant plus n\u00e9cessaires que le drone est capable de s\u2019\u00e9loigner encore davantage de son pilote. En effet, le syst\u00e8me Ocusync 2.0 quintuple la port\u00e9e du Mavic Air 2 par rapport \u00e0 la version pr\u00e9c\u00e9dente en portant la sensibilit\u00e9 su signal \u00e0 10 km. Enfin, la vitesse maximale du drone augmente et tutoie les 70 km\/h.<\/p>\n<figure class=\"figure text-center\"><img decoding=\"async\" class=\"article-img img-responsive-l\" src=\"https:\/\/img.bfmtv.com\/c\/0\/708\/1d5\/280532a7ed4d4a2c811c905e536ce.png\" alt=\"\"\/><figcaption class=\"figure-caption figcaption color-txt-0 title-xs hidden-xs\">\n                                    DJI<br \/>\n                                                    &#8211; Le Mavic Air 2 face au reste de la gamme.<br \/>\n                            <\/figcaption><\/figure>\n<p>Enfin, au niveau de l\u2019autonomie, le nouveau drone de DJI met la barre tr\u00e8s haut et devient le mod\u00e8le le plus endurant du constructeur avec 34 mn de vol par charge de batterie.<\/p>\n<aside class=\"bg-color-0 padding-inside-all-s bloc border-s\">\n<h4 class=\"box-txt-normal\">\n<p><strong>\u00c0 d\u00e9couvrir aussi en vid\u00e9o :<\/strong><\/p>\n<\/h4>\n<\/aside>\n<p>Comme \u00e0 son habitude, le constructeur chinois propose deux versions du drone \u00e0 l\u2019achat. La premi\u00e8re qui comprend l\u2019essentiel n\u00e9cessaire \u00e0 son utilisation sera donc vendue 849 euros. Quant au pack \u00ab\u00a0combo\u00a0\u00bb qui inclut deux batteries suppl\u00e9mentaires, une boite de rangement et des filtres ND, il sera commercialis\u00e9 \u00e0 1049 euros.\u00a0<\/p>\n<\/p><\/div>\n<p><script>\n         !function(f,b,e,v,n,t,s){if(f.fbq)return;n=f.fbq=function()\n         {n.callMethod? n.callMethod.apply(n,arguments):n.queue.push(arguments)}\n         ;if(!f._fbq)f._fbq=n;\n             n.push=n;n.loaded=!0;n.version='2.0';n.queue=[];t=b.createElement(e);t.async=!0;\n             t.src=v;s=b.getElementsByTagName(e)[0];s.parentNode.insertBefore(t,s)}(window,\n                 document,'script','https:\/\/connect.facebook.net\/en_US\/fbevents.js');\n         fbq('init', '1065890633454496');\n         fbq('track', 'PageView');\n     <\/script><br \/>\n<br \/>[ad_2]<br \/>\n<br \/><a href=\"https:\/\/www.01net.com\/actualites\/mavic-air-2-dji-devoile-un-drone-detonnant-a-prix-contenu-1902563.html\">Source link <\/a><\/p>\n","protected":false},"excerpt":{"rendered":"<p>[ad_1] Deux ans apr\u00e8s le Mavic Air, DJI d\u00e9voile enfin son successeur. L\u2019Air 2 aurait pu \u00eatre une simple suite &hellip; <a href=\"http:\/\/www.affinite.fr\/index.php\/2020\/04\/28\/dji-devoile-un-drone-detonnant-a-prix-contenu\/\" class=\"more-link\">Plus <span class=\"screen-reader-text\">DJI d\u00e9voile un drone d\u00e9tonnant \u00e0 prix contenu<\/span> <span class=\"meta-nav\">&rarr;<\/span><\/a><\/p>\n","protected":false},"author":1,"featured_media":2356,"comment_status":"open","ping_status":"open","sticky":false,"template":"","format":"standard","meta":{"_sitemap_exclude":false,"_sitemap_priority":"","_sitemap_frequency":"","footnotes":""},"categories":[1],"tags":[],"class_list":["post-2355","post","type-post","status-publish","format-standard","has-post-thumbnail","hentry","category-tous"],"_links":{"self":[{"href":"http:\/\/www.affinite.fr\/index.php\/wp-json\/wp\/v2\/posts\/2355"}],"collection":[{"href":"http:\/\/www.affinite.fr\/index.php\/wp-json\/wp\/v2\/posts"}],"about":[{"href":"http:\/\/www.affinite.fr\/index.php\/wp-json\/wp\/v2\/types\/post"}],"author":[{"embeddable":true,"href":"http:\/\/www.affinite.fr\/index.php\/wp-json\/wp\/v2\/users\/1"}],"replies":[{"embeddable":true,"href":"http:\/\/www.affinite.fr\/index.php\/wp-json\/wp\/v2\/comments?post=2355"}],"version-history":[{"count":0,"href":"http:\/\/www.affinite.fr\/index.php\/wp-json\/wp\/v2\/posts\/2355\/revisions"}],"wp:featuredmedia":[{"embeddable":true,"href":"http:\/\/www.affinite.fr\/index.php\/wp-json\/wp\/v2\/media\/2356"}],"wp:attachment":[{"href":"http:\/\/www.affinite.fr\/index.php\/wp-json\/wp\/v2\/media?parent=2355"}],"wp:term":[{"taxonomy":"category","embeddable":true,"href":"http:\/\/www.affinite.fr\/index.php\/wp-json\/wp\/v2\/categories?post=2355"},{"taxonomy":"post_tag","embeddable":true,"href":"http:\/\/www.affinite.fr\/index.php\/wp-json\/wp\/v2\/tags?post=2355"}],"curies":[{"name":"wp","href":"https:\/\/api.w.org\/{rel}","templated":true}]}}