{"id":2349,"date":"2020-04-28T00:45:26","date_gmt":"2020-04-28T00:45:26","guid":{"rendered":"https:\/\/www.affinite.fr\/index.php\/2020\/04\/28\/apple-retarderait-la-production-de-ses-iphone-5g-mais-peut-etre-pas-leur-lancement\/"},"modified":"2020-04-28T00:45:26","modified_gmt":"2020-04-28T00:45:26","slug":"apple-retarderait-la-production-de-ses-iphone-5g-mais-peut-etre-pas-leur-lancement","status":"publish","type":"post","link":"http:\/\/www.affinite.fr\/index.php\/2020\/04\/28\/apple-retarderait-la-production-de-ses-iphone-5g-mais-peut-etre-pas-leur-lancement\/","title":{"rendered":"Apple retarderait la production de ses iPhone 5G mais peut-\u00eatre pas leur lancement"},"content":{"rendered":"<p> [ad_1]<br \/>\n<br \/><img decoding=\"async\" src=\"https:\/\/img.bfmtv.com\/i\/0\/0\/ffd\/4c26eb7ff65d24289f3814144bf85.jpeg\" \/><\/p>\n<div itemprop=\"articleBody\">\n<p>Le <em>Wall Street Journal<\/em> rejoint un concert de plus en plus audible de sources g\u00e9n\u00e9ralement bien inform\u00e9es qui affirment qu\u2019Apple a pris la d\u00e9cision de repousser la production de masse de ses futurs iPhone.<\/p>\n<p>Les iPhone 12, qui devaient \u00eatre annonc\u00e9s en septembre prochain, au cours de la traditionnelle keynote de rentr\u00e9e de la soci\u00e9t\u00e9, pourraient l\u2019\u00eatre plus tard. Sans que l\u2019on sache quand.<br \/>En effet, la mise en production tardive des deux appareils de 5,4 et\u00a06,7 pouces et des deux smartphones dot\u00e9s d\u2019un \u00e9cran de 6,1 pouces pourrait ne pas signifier un retard dans leur commercialisation, mais juste un lancement \u00e9chelonn\u00e9.<\/p>\n<aside class=\"bg-color-0 padding-inside-all-s bloc border-s\">\n<h4 class=\"box-txt-normal\">\n<p><strong>A d\u00e9couvrir aussi en vid\u00e9o<\/strong><\/p>\n<\/h4>\n<\/aside>\n<p>Apr\u00e8s l\u2019<a data-cke-saved-href=\"https:\/\/www.01net.com\/actualites\/iphone-12-son-lancement-en-septembre-semble-de-plus-en-plus-compromis-1898598.html\" target=\"_blank\" href=\"https:\/\/www.01net.com\/actualites\/iphone-12-son-lancement-en-septembre-semble-de-plus-en-plus-compromis-1898598.html\" rel=\"noopener noreferrer\">analyste Ming-Chi Kuo<\/a>, qui annon\u00e7ait un retard de plus d\u2019un mois dans le processus de pr\u00e9-production, c\u2019est donc au tour du <em>Wall Street Journal <\/em>de confirmer ces probl\u00e8mes. Le quotidien financier a parfois, par le pass\u00e9, fait office de moyen de communication officieux pour Apple, ce qui apporte davantage de poids encore \u00e0 cette information.<\/p>\n<p>Les iPhone 12, qui devraient tous \u00eatre 5G, devraient \u00e9galement introduire un design l\u00e9g\u00e8rement repens\u00e9, proche de celui des iPad Pro. Leurs puces, l\u2019Apple A14, devraient \u00eatre grav\u00e9es en 5 nm, par TSMC, partenaire habituel de la marque. Tandis que le ou les mod\u00e8les haut de gamme devraient introduire un LIDAR en plus des modules photo arri\u00e8re, comme cela a \u00e9t\u00e9 le cas avec la derni\u00e8re g\u00e9n\u00e9ration d\u2019<a data-cke-saved-href=\"https:\/\/www.01net.com\/actualites\/test-de-l-ipad-pro-2020-apple-tourne-sa-tablette-vers-le-futur-et-son-os-dans-le-bon-sens-1884601.html\" target=\"_blank\" href=\"https:\/\/www.01net.com\/actualites\/test-de-l-ipad-pro-2020-apple-tourne-sa-tablette-vers-le-futur-et-son-os-dans-le-bon-sens-1884601.html\" rel=\"noopener noreferrer\">iPad Pro<\/a>.<\/p>\n<p><strong>Source\u00a0:<\/strong> <a data-cke-saved-href=\"https:\/\/www.wsj.com\/articles\/apple-delays-mass-production-of-2020-flagship-iphones-11587984138\" href=\"https:\/\/www.wsj.com\/articles\/apple-delays-mass-production-of-2020-flagship-iphones-11587984138\">Wall Street Journal<\/a><\/p>\n<\/p><\/div>\n<p><script>\n         !function(f,b,e,v,n,t,s){if(f.fbq)return;n=f.fbq=function()\n         {n.callMethod? n.callMethod.apply(n,arguments):n.queue.push(arguments)}\n         ;if(!f._fbq)f._fbq=n;\n             n.push=n;n.loaded=!0;n.version='2.0';n.queue=[];t=b.createElement(e);t.async=!0;\n             t.src=v;s=b.getElementsByTagName(e)[0];s.parentNode.insertBefore(t,s)}(window,\n                 document,'script','https:\/\/connect.facebook.net\/en_US\/fbevents.js');\n         fbq('init', '1065890633454496');\n         fbq('track', 'PageView');\n     <\/script><br \/>\n<br \/>[ad_2]<br \/>\n<br \/><a href=\"https:\/\/www.01net.com\/actualites\/apple-retarderait-la-production-de-ses-iphone-5g-mais-peut-etre-pas-leur-lancement-1902427.html\">Source link <\/a><\/p>\n","protected":false},"excerpt":{"rendered":"<p>[ad_1] Le Wall Street Journal rejoint un concert de plus en plus audible de sources g\u00e9n\u00e9ralement bien inform\u00e9es qui affirment &hellip; <a href=\"http:\/\/www.affinite.fr\/index.php\/2020\/04\/28\/apple-retarderait-la-production-de-ses-iphone-5g-mais-peut-etre-pas-leur-lancement\/\" class=\"more-link\">Plus <span class=\"screen-reader-text\">Apple retarderait la production de ses iPhone 5G mais peut-\u00eatre pas leur lancement<\/span> <span class=\"meta-nav\">&rarr;<\/span><\/a><\/p>\n","protected":false},"author":1,"featured_media":2350,"comment_status":"open","ping_status":"open","sticky":false,"template":"","format":"standard","meta":{"_sitemap_exclude":false,"_sitemap_priority":"","_sitemap_frequency":"","footnotes":""},"categories":[1],"tags":[],"class_list":["post-2349","post","type-post","status-publish","format-standard","has-post-thumbnail","hentry","category-tous"],"_links":{"self":[{"href":"http:\/\/www.affinite.fr\/index.php\/wp-json\/wp\/v2\/posts\/2349"}],"collection":[{"href":"http:\/\/www.affinite.fr\/index.php\/wp-json\/wp\/v2\/posts"}],"about":[{"href":"http:\/\/www.affinite.fr\/index.php\/wp-json\/wp\/v2\/types\/post"}],"author":[{"embeddable":true,"href":"http:\/\/www.affinite.fr\/index.php\/wp-json\/wp\/v2\/users\/1"}],"replies":[{"embeddable":true,"href":"http:\/\/www.affinite.fr\/index.php\/wp-json\/wp\/v2\/comments?post=2349"}],"version-history":[{"count":0,"href":"http:\/\/www.affinite.fr\/index.php\/wp-json\/wp\/v2\/posts\/2349\/revisions"}],"wp:featuredmedia":[{"embeddable":true,"href":"http:\/\/www.affinite.fr\/index.php\/wp-json\/wp\/v2\/media\/2350"}],"wp:attachment":[{"href":"http:\/\/www.affinite.fr\/index.php\/wp-json\/wp\/v2\/media?parent=2349"}],"wp:term":[{"taxonomy":"category","embeddable":true,"href":"http:\/\/www.affinite.fr\/index.php\/wp-json\/wp\/v2\/categories?post=2349"},{"taxonomy":"post_tag","embeddable":true,"href":"http:\/\/www.affinite.fr\/index.php\/wp-json\/wp\/v2\/tags?post=2349"}],"curies":[{"name":"wp","href":"https:\/\/api.w.org\/{rel}","templated":true}]}}