{"id":2322,"date":"2020-04-27T12:40:01","date_gmt":"2020-04-27T12:40:01","guid":{"rendered":"https:\/\/www.affinite.fr\/index.php\/2020\/04\/27\/vacances-dete-reportees-a-septembre-sejours-annules-ou-en-france\/"},"modified":"2020-04-27T12:40:01","modified_gmt":"2020-04-27T12:40:01","slug":"vacances-dete-reportees-a-septembre-sejours-annules-ou-en-france","status":"publish","type":"post","link":"http:\/\/www.affinite.fr\/index.php\/2020\/04\/27\/vacances-dete-reportees-a-septembre-sejours-annules-ou-en-france\/","title":{"rendered":"Vacances d&rsquo;\u00e9t\u00e9 report\u00e9es \u00e0 septembre, s\u00e9jours annul\u00e9s ou en France\u00a0?"},"content":{"rendered":"<p> [ad_1]<br \/>\n<br \/><img decoding=\"async\" src=\"https:\/\/img-3.journaldesfemmes.fr\/Q-rdwAZRaoBZLQP9jmw4tDNb8Sk=\/1280x\/smart\/813169fcb121455db46b630049f301dc\/ccmcms-jdf\/15241089.jpg\" \/><\/p>\n<p>\n                Face \u00e0 la crise sanitaire, de nombreux Fran\u00e7ais changent leurs plans pour les grandes vacances. Une majorit\u00e9 d&rsquo;entre eux comptent les passer en France et non \u00e0 l&rsquo;\u00e9tranger, et 42% pensent m\u00eame \u00e0 annuler leurs cong\u00e9s d&rsquo;\u00e9t\u00e9.            <\/p>\n<div>\n<aside class=\"ccmsummary marqueur_module ccmcss_cms_summary ccmcss_cms_summary--right\">\n<p>\u00a0avrSommaire<\/p>\n<\/aside>\n<p><strong>[Mise \u00e0 jour du 27 avril \u00e0 14h30]<\/strong>. Tandis que le gouvernement a appel\u00e9 \u00e0 plusieurs reprises les citoyens \u00e0 ne pas\u00a0r\u00e9server leurs vacances d&rsquo;\u00e9t\u00e9, un sondage d&rsquo;in-Store Media et Happydemics montre\u00a0que la majorit\u00e9\u00a0d&rsquo;entre eux changent leurs plans pour cet \u00e9t\u00e9. Pour r\u00e9aliser cette \u00e9tude, 1086 Fran\u00e7ais ont \u00e9t\u00e9 interrog\u00e9s sur Internet les 14 et 15 avril, suite \u00e0 l&rsquo;allocution d&rsquo;Emmanuel Macron le\u00a013 avril. Tandis qu&rsquo;habituellement, ils sont 75% \u00e0 prendre des vacances en juillet et en ao\u00fbt, 7 personnes interrog\u00e9es sur 10 ne prendront finalement pas de cong\u00e9s comme pr\u00e9vus. Par cons\u00e9quent,\u00a0<strong>42% des Fran\u00e7ais pensent\u00a0annuler leur s\u00e9jour en famille, 22% devraient les r\u00e9duire d&rsquo;une semaine ou plus, et 17% pourraient\u00a0les d\u00e9caler en ao\u00fbt-septembre<\/strong>. A l&rsquo;inverse, 30% ont d\u00e9cid\u00e9 de maintenir les dates pos\u00e9es pour leurs vacances. En outre, face \u00e0 l&rsquo;incertitude quant \u00e0 la possibilit\u00e9 de <a href=\"http:\/\/www.affinite.fr\/index.php\/2023\/07\/29\/changer-de-vie-voyager-complement-de-retraite-devenez-vendeur-de-glace-a-litalienne\/\">voyager<\/a>, 9 Fran\u00e7ais sur 10 annoncent qu&rsquo;ils n&rsquo;ont pas pr\u00e9vu de partir \u00e0 l&rsquo;\u00e9tranger, et qu<strong>&lsquo;ils passeront leurs vacances en France.<\/strong><\/p>\n<p>L&rsquo;industrie touristique est particuli\u00e8rement impact\u00e9e par le coronavirus.\u00a0En raison du confinement, les familles ne peuvent se projeter et le gouvernement recommande de patienter avant de <strong>r\u00e9server un s\u00e9jour cet \u00e9t\u00e9.<\/strong>\u00a0Dans un communiqu\u00e9 du\u00a024 avril, trente d\u00e9put\u00e9s LR r\u00e9clament des <strong>\u00ab\u00a0clarifications urgentes pour le tourisme\u00a0\u00bb<\/strong> et proposent de reporter le d\u00e9but des <a href=\"https:\/\/www.journaldesfemmes.fr\/maman\/guide-sorties-en-famille\/1345439-dates-vacances-scolaires-2020-2021\/\" title=\"Dates vacances scolaires\">vacances scolaires<\/a> au mois de septembre.\u00a0Ils demandent au gouvernement \u00ab\u00a0<strong>d&rsquo;indiquer clairement si les plages, campings, parcs naturels seront rouverts au public d&rsquo;ici \u00e0 d\u00e9but juillet<\/strong>\u00a0\u00bb et \u00ab\u00a0de reporter les cong\u00e9s de la premi\u00e8re quinzaine de juillet sur la premi\u00e8re quinzaine de septembre,<strong> en reportant \u00e9galement \u00e0 la mi-septembre la rentr\u00e9e des classes\u00a0\u00bb<\/strong>.<\/p>\n<p>Edouard Philippe a annonc\u00e9 ce 19 avril que les <strong>vacances d&rsquo;\u00e9t\u00e9<\/strong> seraient particuli\u00e8res cette ann\u00e9e. Interrog\u00e9 \u00e0 la fin de sa conf\u00e9rence de presse au sujet des <strong>cong\u00e9s d&rsquo;\u00e9t\u00e9<\/strong>, il a annonc\u00e9 qu&rsquo;il allait falloir prendre son mal en patience et repousser ses projets de s\u00e9jour \u00e0 l&rsquo;\u00e9tranger un\u00a0plus tard : <em>\u00ab\u00a0<strong>Est-ce qu&rsquo;on peut r\u00e9server une maison, une location, une place de camping ou un h\u00f4tel au mois de juillet ou au mois d&rsquo;ao\u00fbt en France ou \u00e0 l&rsquo;\u00e9tranger<\/strong><\/em>\u00a0<em><strong>? <\/strong>Je crains qu&rsquo;il ne soit pas raisonnable d&rsquo;imaginer voyager loin \u00e0 l&rsquo;\u00e9tranger tr\u00e8s vite\u00a0\u00bb.<\/em> Le Premier ministre a ajout\u00e9 qu&rsquo;il n&rsquo;\u00e9tait <em>\u00ab\u00a0pas s\u00fbr que le transport a\u00e9rien pourra reprendre dans de bonnes conditions rapidement\u00a0\u00bb<\/em>, et que<em> \u00ab\u00a0les conditions d&rsquo;entr\u00e9e ou de r\u00e9-entr\u00e9e sur le territoire national\u00a0\u00bb<\/em> seront certainement <em>\u00ab\u00a0assez exigeantes vis-\u00e0-vis de ceux qui arrivent de l&rsquo;\u00e9tranger\u00a0\u00bb<\/em>. Edouard Philippe juge donc <em>\u00ab\u00a0d\u00e9raisonnable\u00a0\u00bb<\/em> de commencer d\u00e8s maintenant \u00e0 <strong>programmer ses vacances en famille<\/strong>. Ce lundi 20 avril, Sibeth Ndiaye a corrobor\u00e9 les dires du Premier ministre.<em> \u00ab\u00a0J&rsquo;appelle \u00e0 la prudence. C&rsquo;est tr\u00e8s difficile de vous dire mi-avril de quoi le monde sera fait au mois de juillet ou d&rsquo;ao\u00fbt. Je ne peux pas vous dire ce qu&rsquo;il en sera d&rsquo;un voyage aux \u00c9tats-Unis, d&rsquo;un voyage dans un pays africain ou asiatique. Il serait mal ais\u00e9 de dire que vous pouvez prendre un billet pour aller faire une croisi\u00e8re \u00e0 l&rsquo;autre bout du monde\u00a0\u00bb<\/em>, a d\u00e9clar\u00e9 la porte-parole du gouvernement, en invitant, elle aussi, \u00e0 la <em>\u00ab\u00a0prudence\u00a0\u00bb <\/em>et \u00e0 la<em> \u00ab\u00a0patience\u00a0\u00bb<\/em>. Concr\u00e8tement,<strong> la majorit\u00e9 des parents devraient profiter de leurs vacances en France.<\/strong>\u00a0Une campagne pourrait \u00eatre lanc\u00e9e pour soutenir les professionnels du tourisme, en incitant les Fran\u00e7ais \u00e0 rester dans l&rsquo;hegagone, et ainsi limiter la propagation du virus d&rsquo;un pays \u00e0 l&rsquo;autre.\u00a0Mais reste \u00e0 savoir dans quelle mesure il est possible de partir.<\/p>\n<p>\u00ab\u00a0<em>Cet \u00e9t\u00e9, quand tout sera revenu \u00e0 la normale, on montera des modules de soutien scolaire aux \u00e9l\u00e8ves qui en ont besoin, de fa\u00e7on \u00e0 ce qu&rsquo;ils passent dans la classe sup\u00e9rieure avec le niveau requis<\/em>\u00ab\u00a0, a pr\u00e9cis\u00e9 Jean-Michel Blanquer d\u00e9but avril. Ces <strong>modules de soutien scolaire gratuits<\/strong> pourraient avoir lieu \u00ab\u00a0<em>au moins pour la derni\u00e8re semaine d&rsquo;ao\u00fbt\u00a0\u00bb<\/em>. Le minist\u00e8re pr\u00e9voit aussi d&rsquo;organiser des <strong>colonies de vacances \u00e9ducatives<\/strong> \u00e0 la fin de la crise. Le ministre de l\u2019\u00c9ducation estime en effet qu&rsquo;entre \u00ab\u00a05\u00a0et 8% des \u00e9l\u00e8ves\u00a0\u00bb ont \u00e9t\u00e9 \u00ab\u00a0perdus\u00a0\u00bb par leurs professeurs qui ne sont pas parvenus \u00e0 les joindre \u00e0 distance, a-t-il pr\u00e9cis\u00e9 dans<em> Le Parisien<\/em> le 31\u00a0mars. Aussi, d\u00e8s le 4 juillet, ces cong\u00e9s seront un peu diff\u00e9rents des autres ann\u00e9es : \u00ab\u00a0<em>nous avons premi\u00e8rement les <strong>vacances apprenantes, autrement dit des colonies de vacances tr\u00e8s \u00e9ducatives.<\/strong> Nous allons d\u00e9ployer le dispositif \u00ab\u00a0<strong>\u00e9coles ouvertes<\/strong>\u00a0\u00bb de mani\u00e8re g\u00e9n\u00e9rale dans toute la France, c&rsquo;est-\u00e0-dire que le b\u00e2timent sera ouvert et permettra dans un grand nombre de cas d&rsquo;avoir <strong>des activit\u00e9s au quotidien<\/strong> de fa\u00e7on \u00e0 ce qu&rsquo;il n&rsquo;y ait aucun enfant qui soit <a href=\"https:\/\/www.journaldesfemmes.fr\/societe\/actu\/2626059-confinement-arret-de-travail-a-chomage-partiel-pour-garder-ses-enfants\/\" title=\"Confinement\">confin\u00e9<\/a> pour des raisons sociales et non plus sanitaires aux mois de <strong>juillet et ao\u00fbt<\/strong><\/em>\u00ab\u00a0, a expliqu\u00e9 le ministre sur LCI. L&rsquo;objectif de ces dispositions est notamment d&rsquo;<strong>\u00e9viter le d\u00e9crochage scolaire<\/strong>, et \u00ab\u00a0que les enfants puissent un petit peu se r\u00e9g\u00e9n\u00e9rer \u00e0 l&rsquo;occasion des vacances d&rsquo;\u00e9t\u00e9 gr\u00e2ce \u00e0 toutes les propositions\u00a0\u00bb.<\/p>\n<p>Malgr\u00e9 la crise et le calendrier scolaire chamboul\u00e9 entre le 16 mars et le 11 mai,\u00a0les dates des vacances d&rsquo;\u00e9t\u00e9 ne sont pas modifi\u00e9es a annonc\u00e9 Jean-Michel Blanquer ce 15 avril.\u00a0Les \u00e9l\u00e8ves seront donc en\u00a0grandes vacances d\u00e8s le <strong>4\u00a0juillet 2020<\/strong>. Les dates sont\u00a0communes \u00e0 toutes les <strong>zones A, B ou C<\/strong>\u00a0et les vacances d&rsquo;\u00e9t\u00e9 se terminent alors le\u00a0<strong>jour de la rentr\u00e9e des classes,<\/strong> le mardi 1er septembre 2020.<\/p>\n<table align=\"center\" border=\"1\" cellpadding=\"1\" cellspacing=\"1\" dir=\"ltr\" style=\"width:95%;\">\n<tbody>\n<tr>\n<td style=\"width: 105px;\">\n<p>Zone A<\/p>\n<\/td>\n<td style=\"width: 385px;\">Besan\u00e7on, Bordeaux, Clermont-Ferrand, Dijon, Grenoble, Limoges, Lyon, Poitiers<\/td>\n<td style=\"width: 456px;\">Du 4 juillet au 1er septembre 2020<\/td>\n<\/tr>\n<tr>\n<td style=\"width: 105px;\">Zone B<\/td>\n<td style=\"width: 385px;\">Aix-Marseille, Amiens, Caen, Lille, Nancy-Metz, Nantes, Nice, Orl\u00e9ans-Tours, Reims, Rennes, Rouen, Strasbourg<\/td>\n<td style=\"width: 456px;\">Du 4\u00a0juillet au 1er septembre 2020<\/td>\n<\/tr>\n<tr>\n<td style=\"width: 105px;\">Zone C<\/td>\n<td style=\"width: 385px;\">Cr\u00e9teil, Montpellier, Paris, Toulouse, Versailles<\/td>\n<td style=\"width: 456px;\">Du 4\u00a0juillet au 1er septembre 2020<\/td>\n<\/tr>\n<\/tbody>\n<\/table>\n<table align=\"center\" border=\"1\" cellpadding=\"1\" cellspacing=\"1\" dir=\"ltr\" style=\"width:95%;\">\n<tbody>\n<tr>\n<td style=\"width: 105px;\">\n<p>Zone A<\/p>\n<\/td>\n<td style=\"width: 385px;\">Besan\u00e7on, Bordeaux, Clermont-Ferrand, Dijon, Grenoble, Limoges, Lyon, Poitiers<\/td>\n<td style=\"width: 456px;\">A partir du 6 juillet 2021<\/td>\n<\/tr>\n<tr>\n<td style=\"width: 105px;\">Zone B<\/td>\n<td style=\"width: 385px;\">Aix-Marseille, Amiens, Caen, Lille, Nancy-Metz, Nantes, Nice, Orl\u00e9ans-Tours, Reims, Rennes, Rouen, Strasbourg<\/td>\n<td style=\"width: 456px;\">A partir du 6\u00a0juillet 2021<\/td>\n<\/tr>\n<tr>\n<td style=\"width: 105px;\">Zone C<\/td>\n<td style=\"width: 385px;\">Cr\u00e9teil, Montpellier, Paris, Toulouse, Versailles<\/td>\n<td style=\"width: 456px;\">A partir du 6\u00a0juillet 2021<\/td>\n<\/tr>\n<\/tbody>\n<\/table>\n<p>Les<strong> dates des vacances d&rsquo;\u00e9t\u00e9<\/strong> se d\u00e9butent le samedi 4 juillet 2020 pour les \u00e9l\u00e8ves de la<strong> zone A<\/strong> :\u00a0Besan\u00e7on, Bordeaux, Clermont-Ferrand, Dijon, Grenoble, Limoges, Lyon, ou Poitiers. Le jour de la rentr\u00e9e des classes aura lieu cette ann\u00e9e le mardi 1er septembre 2020.<\/p>\n<p>Comme pour les \u00e9l\u00e8ves de la zone A et C, ceux de la zone B (Aix-Marseille, Amiens, Caen, Lille, Nancy-Metz, Nantes, Nice, Orl\u00e9ans-Tours, Reims, Rennes, Rouen,\u00a0Strasbourg) seront en grandes vacances entre le 4 juillet et le 1er septembre 2020.<\/p>\n<aside id=\"NL_1871841038\" class=\"newsletter_subscription jNlBlock\"><noscript><br \/>\n            <\/noscript><\/p>\n<h3 class=\"newsletter_subscription-title\">Newsletter <\/h3>\n<p><a href=\"\/\/mailing.ccmbg.com\/archive\/last-85\" target=\"_blank\" class=\"a_hover\" rel=\"noopener noreferrer\">Voir un exemple<\/a><\/p>\n<\/aside>\n<p>Les \u00e9l\u00e8ves de la zone C (Cr\u00e9teil, Montpellier, Paris, Toulouse, Versailles), seront en vacances d&rsquo;\u00e9t\u00e9 entre le 4 juillet\u00a0et le 1er septembre 2020.<\/p>\n<\/p><\/div>\n<p>[ad_2]<br \/>\n<br \/><a href=\"https:\/\/www.journaldesfemmes.fr\/maman\/guide-sorties-en-famille\/2613085-vacances-d-ete-reportees-a-septembre-sejours-annules-ou-en-france\/\">Source link <\/a><\/p>\n","protected":false},"excerpt":{"rendered":"<p>[ad_1] Face \u00e0 la crise sanitaire, de nombreux Fran\u00e7ais changent leurs plans pour les grandes vacances. Une majorit\u00e9 d&rsquo;entre eux &hellip; <a href=\"http:\/\/www.affinite.fr\/index.php\/2020\/04\/27\/vacances-dete-reportees-a-septembre-sejours-annules-ou-en-france\/\" class=\"more-link\">Plus <span class=\"screen-reader-text\">Vacances d&rsquo;\u00e9t\u00e9 report\u00e9es \u00e0 septembre, s\u00e9jours annul\u00e9s ou en France\u00a0?<\/span> <span class=\"meta-nav\">&rarr;<\/span><\/a><\/p>\n","protected":false},"author":1,"featured_media":2323,"comment_status":"open","ping_status":"open","sticky":false,"template":"","format":"standard","meta":{"_sitemap_exclude":false,"_sitemap_priority":"","_sitemap_frequency":"","footnotes":""},"categories":[1],"tags":[],"class_list":["post-2322","post","type-post","status-publish","format-standard","has-post-thumbnail","hentry","category-tous"],"_links":{"self":[{"href":"http:\/\/www.affinite.fr\/index.php\/wp-json\/wp\/v2\/posts\/2322"}],"collection":[{"href":"http:\/\/www.affinite.fr\/index.php\/wp-json\/wp\/v2\/posts"}],"about":[{"href":"http:\/\/www.affinite.fr\/index.php\/wp-json\/wp\/v2\/types\/post"}],"author":[{"embeddable":true,"href":"http:\/\/www.affinite.fr\/index.php\/wp-json\/wp\/v2\/users\/1"}],"replies":[{"embeddable":true,"href":"http:\/\/www.affinite.fr\/index.php\/wp-json\/wp\/v2\/comments?post=2322"}],"version-history":[{"count":0,"href":"http:\/\/www.affinite.fr\/index.php\/wp-json\/wp\/v2\/posts\/2322\/revisions"}],"wp:featuredmedia":[{"embeddable":true,"href":"http:\/\/www.affinite.fr\/index.php\/wp-json\/wp\/v2\/media\/2323"}],"wp:attachment":[{"href":"http:\/\/www.affinite.fr\/index.php\/wp-json\/wp\/v2\/media?parent=2322"}],"wp:term":[{"taxonomy":"category","embeddable":true,"href":"http:\/\/www.affinite.fr\/index.php\/wp-json\/wp\/v2\/categories?post=2322"},{"taxonomy":"post_tag","embeddable":true,"href":"http:\/\/www.affinite.fr\/index.php\/wp-json\/wp\/v2\/tags?post=2322"}],"curies":[{"name":"wp","href":"https:\/\/api.w.org\/{rel}","templated":true}]}}