{"id":2314,"date":"2020-04-27T09:04:03","date_gmt":"2020-04-27T09:04:03","guid":{"rendered":"https:\/\/www.affinite.fr\/index.php\/2020\/04\/27\/allocovid-un-assistant-vocal-virtuel-pour-diagnostiquer-le-covid-19-par-telephone\/"},"modified":"2020-04-27T09:04:03","modified_gmt":"2020-04-27T09:04:03","slug":"allocovid-un-assistant-vocal-virtuel-pour-diagnostiquer-le-covid-19-par-telephone","status":"publish","type":"post","link":"http:\/\/www.affinite.fr\/index.php\/2020\/04\/27\/allocovid-un-assistant-vocal-virtuel-pour-diagnostiquer-le-covid-19-par-telephone\/","title":{"rendered":"AlloCovid, un assistant vocal virtuel pour diagnostiquer le Covid-19 par t\u00e9l\u00e9phone"},"content":{"rendered":"<p> [ad_1]<br \/>\n<br \/><img decoding=\"async\" src=\"https:\/\/img.bfmtv.com\/i\/0\/0\/68c\/58930e21cc82752e9e0f9d7a25eae.jpg\" \/><\/p>\n<div itemprop=\"articleBody\">\n<p>L&rsquo;Inserm (Institut national de la sant\u00e9 et de la recherche m\u00e9dicale) lance aujourd&rsquo;hui le service gratuit, AlloCovid, accessible avec un simple t\u00e9l\u00e9phone. Cet assistant virtuel \u00e0 la voix f\u00e9minine pose une s\u00e9rie de questions pour diagnostiquer le Covid-19.<\/p>\n<p>Par exemple, il demande\u00a0si la personne a\u00a0eu de la fi\u00e8vre, des frissons ou une transpiration anormale, si elle souffre\u00a0d&rsquo;une toux persistante ou si elle tousse\u00a0plus que d&rsquo;habitude. En g\u00e9n\u00e9ral, il suffit de r\u00e9pondre par oui ou non, mais le syst\u00e8me peut \u00e9galement demander des relev\u00e9s de temp\u00e9ratures. Le questionnaire ne prend que trois minutes au maximum.<\/p>\n<h3 style=\"color:#333; font-family:arial,helvetica,sans-serif; font-size:23px; font-weight:700\">Un acc\u00e8s facile pour tout le monde<\/h3>\n<p>Il donne ainsi acc\u00e8s \u00e0 une plate-forme de diagnostic pour les personnes qui n&rsquo;ont pas de smartphone, ou ne disposent pas d&rsquo;Internet pour aller sur le site\u00a0maladiecoronavirus.fr, qui propose un service similaire. Seule condition requise : avoir plus de 15 ans et communiquer son code postal.<\/p>\n<p>AlloCovid va \u00e9galement permettre de recueillir des donn\u00e9es, qui seront trait\u00e9es de fa\u00e7on anonyme par l&rsquo;Inserm et\u00a0\u00a0e.Voyageurs SNCF, une filiale de la SNCF. L&rsquo;objectif est\u00a0d\u2019accompagner la sortie de confinement et de d\u00e9tecter imm\u00e9diatement de nouveaux clusters potentiels du Covid-19.<\/p>\n<aside class=\"bg-color-0 padding-inside-all-s bloc border-s\">\n<h4 class=\"box-txt-normal\">\n<p><strong>A d\u00e9couvrir aussi en vid\u00e9o :<\/strong><\/p>\n<\/h4>\n<\/aside>\n<p>Le service fonctionne 24 heures sur 24 et 7 jours sur 7. Il est accessible au num\u00e9ro\u00a0<span>0 806 800 540, pour le prix d&rsquo;une communication locale. Pour l&rsquo;instant, le syst\u00e8me est dimensionn\u00e9 pour traiter au maximum 1000 appels simultan\u00e9s.<\/span><\/p>\n<p><span><strong>Source <\/strong>: <a href=\"http:\/\/www.leparisien.fr\/societe\/sante\/allocovid-un-assistant-vocal-pour-diagnostiquer-le-covid-19-27-04-2020-8306274.php\" target=\"_blank\" rel=\"noopener noreferrer\">Le Parisien<\/a><\/span><\/p>\n<\/p><\/div>\n<p><script>\n         !function(f,b,e,v,n,t,s){if(f.fbq)return;n=f.fbq=function()\n         {n.callMethod? n.callMethod.apply(n,arguments):n.queue.push(arguments)}\n         ;if(!f._fbq)f._fbq=n;\n             n.push=n;n.loaded=!0;n.version='2.0';n.queue=[];t=b.createElement(e);t.async=!0;\n             t.src=v;s=b.getElementsByTagName(e)[0];s.parentNode.insertBefore(t,s)}(window,\n                 document,'script','https:\/\/connect.facebook.net\/en_US\/fbevents.js');\n         fbq('init', '1065890633454496');\n         fbq('track', 'PageView');\n     <\/script><br \/>\n<br \/>[ad_2]<br \/>\n<br \/><a href=\"https:\/\/www.01net.com\/actualites\/allocovid-un-assistant-vocal-virtuel-pour-diagnostiquer-le-covid-19-par-telephone-1902280.html\">Source link <\/a><\/p>\n","protected":false},"excerpt":{"rendered":"<p>[ad_1] L&rsquo;Inserm (Institut national de la sant\u00e9 et de la recherche m\u00e9dicale) lance aujourd&rsquo;hui le service gratuit, AlloCovid, accessible avec &hellip; <a href=\"http:\/\/www.affinite.fr\/index.php\/2020\/04\/27\/allocovid-un-assistant-vocal-virtuel-pour-diagnostiquer-le-covid-19-par-telephone\/\" class=\"more-link\">Plus <span class=\"screen-reader-text\">AlloCovid, un assistant vocal virtuel pour diagnostiquer le Covid-19 par t\u00e9l\u00e9phone<\/span> <span class=\"meta-nav\">&rarr;<\/span><\/a><\/p>\n","protected":false},"author":1,"featured_media":2315,"comment_status":"open","ping_status":"open","sticky":false,"template":"","format":"standard","meta":{"_sitemap_exclude":false,"_sitemap_priority":"","_sitemap_frequency":"","footnotes":""},"categories":[1],"tags":[],"class_list":["post-2314","post","type-post","status-publish","format-standard","has-post-thumbnail","hentry","category-tous"],"_links":{"self":[{"href":"http:\/\/www.affinite.fr\/index.php\/wp-json\/wp\/v2\/posts\/2314"}],"collection":[{"href":"http:\/\/www.affinite.fr\/index.php\/wp-json\/wp\/v2\/posts"}],"about":[{"href":"http:\/\/www.affinite.fr\/index.php\/wp-json\/wp\/v2\/types\/post"}],"author":[{"embeddable":true,"href":"http:\/\/www.affinite.fr\/index.php\/wp-json\/wp\/v2\/users\/1"}],"replies":[{"embeddable":true,"href":"http:\/\/www.affinite.fr\/index.php\/wp-json\/wp\/v2\/comments?post=2314"}],"version-history":[{"count":0,"href":"http:\/\/www.affinite.fr\/index.php\/wp-json\/wp\/v2\/posts\/2314\/revisions"}],"wp:featuredmedia":[{"embeddable":true,"href":"http:\/\/www.affinite.fr\/index.php\/wp-json\/wp\/v2\/media\/2315"}],"wp:attachment":[{"href":"http:\/\/www.affinite.fr\/index.php\/wp-json\/wp\/v2\/media?parent=2314"}],"wp:term":[{"taxonomy":"category","embeddable":true,"href":"http:\/\/www.affinite.fr\/index.php\/wp-json\/wp\/v2\/categories?post=2314"},{"taxonomy":"post_tag","embeddable":true,"href":"http:\/\/www.affinite.fr\/index.php\/wp-json\/wp\/v2\/tags?post=2314"}],"curies":[{"name":"wp","href":"https:\/\/api.w.org\/{rel}","templated":true}]}}