{"id":2304,"date":"2020-04-26T12:36:51","date_gmt":"2020-04-26T12:36:51","guid":{"rendered":"https:\/\/www.affinite.fr\/index.php\/2020\/04\/26\/ce-bal-improvise-deconfine-le-18e-et-consterne\/"},"modified":"2020-04-26T12:36:51","modified_gmt":"2020-04-26T12:36:51","slug":"ce-bal-improvise-deconfine-le-18e-et-consterne","status":"publish","type":"post","link":"http:\/\/www.affinite.fr\/index.php\/2020\/04\/26\/ce-bal-improvise-deconfine-le-18e-et-consterne\/","title":{"rendered":"ce bal improvis\u00e9 d\u00e9confine le 18e et consterne"},"content":{"rendered":"<p> [ad_1]<br \/>\n<\/p>\n<div id=\"jArticleInside\">\n<p class=\"app_entry_lead\">\n                Alors que les Fran\u00e7ais sont confin\u00e9s depuis le 17\u00a0mars, quelques Parisiens du 18e arrondissement ont d\u00e9cid\u00e9 de sortir, transformant le pav\u00e9 en piste de danse, en pleine rue, le 25\u00a0avril. Une sc\u00e8ne aussi surr\u00e9aliste que dangereuse&#8230;            <\/p>\n<figure><picture><source media=\"(min-width: 769px) and (max-width: 999px)\" srcset=\"https:\/\/img-3.journaldesfemmes.fr\/N-TKhj-WCyPLnF_DFW9DWgo1gXs=\/629x419\/smart\/d8d02d35bac64c62bd1c0c32b9b8c6fa\/ccmcms-jdf\/15221495.jpg\"><source media=\"(min-width: 481px) and (max-width: 768px)\" srcset=\"https:\/\/img-3.journaldesfemmes.fr\/ZstVGXzN79ofd5KNFODVY5QUP9U=\/728x485\/smart\/d8d02d35bac64c62bd1c0c32b9b8c6fa\/ccmcms-jdf\/15221495.jpg\"><source media=\"(max-width: 480px)\" srcset=\"https:\/\/img-3.journaldesfemmes.fr\/Srpe1n2VOO81XOEiT7m7SLsNmpw=\/480x320\/smart\/d8d02d35bac64c62bd1c0c32b9b8c6fa\/ccmcms-jdf\/15221495.jpg\"><img decoding=\"async\" src=\"https:\/\/img-3.journaldesfemmes.fr\/KQNyJoEV_MLOlwjJOk0XRWwDzU4=\/910x607\/smart\/d8d02d35bac64c62bd1c0c32b9b8c6fa\/ccmcms-jdf\/15221495.jpg\" alt=\"Des Parisiens dansent ensemble&amp;nbsp;: ce bal improvis&amp;eacute; d&amp;eacute;confine le 18e et consterne\"\/><\/source><\/source><\/source><\/picture><figcaption><small>\u00a9\u00a0Hollandse Hoogte \/ Robin \/SIPA<\/small><\/figcaption><\/figure>\n<div class=\"o-entry-ct\">\n<p>La France est d\u00e9sormais confin\u00e9e depuis 41 jours. Un temps qui peut sembler long pour certains&#8230; <a href=\"https:\/\/www.journaldesfemmes.fr\/societe\/actu\/2633203-les-confines-sortent-2h12-par-jour-13-estiment-avoir-ete-contamines-coronavirus\/\">Pas question d&rsquo;attendre le 11 mai<\/a>\u00a0ni apr\u00e8s pour ces habitants d&rsquo;un quartier du 18e arrondissement de Paris.<br \/><strong>Une trentaine de personnes s&rsquo;est mise\u00a0\u00e0 valser et taper du pied\u00a0<a href=\"https:\/\/www.journaldesfemmes.fr\/societe\/actu\/2633211-les-italiens-balcon-chantent-bella-ciao\/\">en pleine rue ce 25 avril <\/a>au rythme de la voix de Dalida et son <em>Laisser Moi Danser.<\/em>\u00a0<\/strong>Sous les regards \u00e9bahis des travailleurs, <a href=\"https:\/\/www.journaldesfemmes.fr\/societe\/actu\/2632225-immobilier-fini-paris-les-confines-veulent-acheter-en-province-avec-jardin\/\">ces Parisiens<\/a> n&rsquo;ont visiblement pas compris le sens de la phrase \u00ab\u00a0Restez\u00a0chez vous\u00a0\u00bb et du danger encouru&#8230;.<\/p>\n<p>Absence des distances de s\u00e9curit\u00e9 et oubli des gestes barri\u00e8res : alors que tout le personnel soignant est\u00a0mobilis\u00e9 pour lutter contre le coronavirus,\u00a0<strong>cette\u00a0sc\u00e8ne improbable a vite \u00e9t\u00e9 interrompue par les sir\u00e8nes des voitures de\u00a0police<\/strong>. Sur les r\u00e9seaux sociaux, de nombreux internautes se sont indign\u00e9s&#8230;<\/p>\n<aside id=\"NL_1017916767\" class=\"newsletter_subscription jNlBlock\"><noscript><br \/>\n            <\/noscript><\/p>\n<h3 class=\"newsletter_subscription-title\">Newsletter <\/h3>\n<p><a href=\"\/\/mailing.ccmbg.com\/archive\/last-85\" target=\"_blank\" class=\"a_hover\" rel=\"noopener noreferrer\">Voir un exemple<\/a><\/p>\n<\/aside>\n<p>La France comptabilisait ce samedi\u00a0<a href=\"https:\/\/sante.journaldesfemmes.fr\/maladies\/2605417-coronavirus-france-chiffres-direct-italie-espagne-chine-allemagne-masque-carte-reprise-vol-air-france-bretagne-paris-idf-infos-bilan-ecole\/\"><strong>22.214\u00a0d\u00e9c\u00e8s<\/strong>\u00a0au total depuis le d\u00e9but de la pand\u00e9mie<\/a> de Covid-19.<\/p>\n<\/p><\/div>\n<\/p><\/div>\n<p>[ad_2]<br \/>\n<br \/><a href=\"https:\/\/www.journaldesfemmes.fr\/societe\/actu\/2633213-des-parisiens-dansent-ensemble-ce-bal-improvise-deconfine-le-18e-et-consternenfine-pour-un-bal-en-pleine-rue\/\">Source link <\/a><\/p>\n","protected":false},"excerpt":{"rendered":"<p>[ad_1] Alors que les Fran\u00e7ais sont confin\u00e9s depuis le 17\u00a0mars, quelques Parisiens du 18e arrondissement ont d\u00e9cid\u00e9 de sortir, transformant &hellip; <a href=\"http:\/\/www.affinite.fr\/index.php\/2020\/04\/26\/ce-bal-improvise-deconfine-le-18e-et-consterne\/\" class=\"more-link\">Plus <span class=\"screen-reader-text\">ce bal improvis\u00e9 d\u00e9confine le 18e et consterne<\/span> <span class=\"meta-nav\">&rarr;<\/span><\/a><\/p>\n","protected":false},"author":1,"featured_media":2305,"comment_status":"open","ping_status":"open","sticky":false,"template":"","format":"standard","meta":{"_sitemap_exclude":false,"_sitemap_priority":"","_sitemap_frequency":"","footnotes":""},"categories":[1],"tags":[],"class_list":["post-2304","post","type-post","status-publish","format-standard","has-post-thumbnail","hentry","category-tous"],"_links":{"self":[{"href":"http:\/\/www.affinite.fr\/index.php\/wp-json\/wp\/v2\/posts\/2304"}],"collection":[{"href":"http:\/\/www.affinite.fr\/index.php\/wp-json\/wp\/v2\/posts"}],"about":[{"href":"http:\/\/www.affinite.fr\/index.php\/wp-json\/wp\/v2\/types\/post"}],"author":[{"embeddable":true,"href":"http:\/\/www.affinite.fr\/index.php\/wp-json\/wp\/v2\/users\/1"}],"replies":[{"embeddable":true,"href":"http:\/\/www.affinite.fr\/index.php\/wp-json\/wp\/v2\/comments?post=2304"}],"version-history":[{"count":0,"href":"http:\/\/www.affinite.fr\/index.php\/wp-json\/wp\/v2\/posts\/2304\/revisions"}],"wp:featuredmedia":[{"embeddable":true,"href":"http:\/\/www.affinite.fr\/index.php\/wp-json\/wp\/v2\/media\/2305"}],"wp:attachment":[{"href":"http:\/\/www.affinite.fr\/index.php\/wp-json\/wp\/v2\/media?parent=2304"}],"wp:term":[{"taxonomy":"category","embeddable":true,"href":"http:\/\/www.affinite.fr\/index.php\/wp-json\/wp\/v2\/categories?post=2304"},{"taxonomy":"post_tag","embeddable":true,"href":"http:\/\/www.affinite.fr\/index.php\/wp-json\/wp\/v2\/tags?post=2304"}],"curies":[{"name":"wp","href":"https:\/\/api.w.org\/{rel}","templated":true}]}}