{"id":2283,"date":"2020-04-24T23:07:50","date_gmt":"2020-04-24T23:07:50","guid":{"rendered":"https:\/\/www.affinite.fr\/index.php\/2020\/04\/24\/la-justice-confirme-quamazon-ne-doit-vendre-que-des-produits-essentiels\/"},"modified":"2020-04-24T23:07:50","modified_gmt":"2020-04-24T23:07:50","slug":"la-justice-confirme-quamazon-ne-doit-vendre-que-des-produits-essentiels","status":"publish","type":"post","link":"http:\/\/www.affinite.fr\/index.php\/2020\/04\/24\/la-justice-confirme-quamazon-ne-doit-vendre-que-des-produits-essentiels\/","title":{"rendered":"La justice confirme qu&rsquo;Amazon\u00a0ne doit vendre que des produits essentiels"},"content":{"rendered":"<p> [ad_1]<br \/>\n<br \/><img decoding=\"async\" src=\"https:\/\/img.bfmtv.com\/i\/0\/0\/503042c\/fc35ea2a23154eb1446f159e8.jpeg\" \/><\/p>\n<div itemprop=\"articleBody\">\n<p>La d\u00e9cision est tomb\u00e9e un peu apr\u00e8s 14 h 30 : l&rsquo;appel est rejet\u00e9. Amazon a perdu, les syndicats jubilent. La cour d&rsquo;appel de Versailles, saisie la semaine derni\u00e8re par l&rsquo;entreprise, a d\u00e9cid\u00e9 ce vendredi 24 avril de valider l&rsquo;injonction de r\u00e9aliser une \u00e9valuation des risques sanitaires. Ce qui signifie qu&rsquo;Amazon doit am\u00e9liorer les conditions de travail de ses employ\u00e9s dans le contexte de la pand\u00e9mie. Une victoire confirm\u00e9e pour les syndicats Sud-Solidaires qui avait saisi la justice au d\u00e9but du mois.<\/p>\n<h3 style=\"color:#333; font-family:arial,helvetica,sans-serif; font-size:23px; font-weight:700\">Amazon, \u00ab perplexe \u00bb face \u00e0 la justice<\/h3>\n<p>N\u00e9anmoins, la cour\u00a0assouplit la restriction d&rsquo;activit\u00e9. La liste des produits autoris\u00e9s \u00e0 la livraison sont la high-tech, l&rsquo;informatique et la bureautique, mais \u00e9galement les produits de sant\u00e9 et du soin\u00a0du corps, ceux pour les animaux et enfin l&rsquo;\u00e9picerie, les <a href=\"http:\/\/www.affinite.fr\/index.php\/2022\/11\/20\/gros-glacons-pour-les-cocktails\/\">boissons<\/a> et l&rsquo;entretien. Sous r\u00e9serve d&rsquo;une mise en conformit\u00e9 de l&rsquo;entreprise sous les 48 heures.\u00a0<\/p>\n<blockquote>\n<p>Apr\u00e8s l&rsquo;appel rejet\u00e9, le communiqu\u00e9 de\u00a0r\u00e9ponse du\u00a0g\u00e9ant am\u00e9ricain est lapidaire : \u00ab <em>Nous avons pris connaissance de l\u2019issue de notre appel\u00a0et\u00a0restons perplexes face \u00e0 la d\u00e9cision. Nous sommes en train d\u2019en \u00e9valuer les implications pour nos sites ainsi que pour nos collaborateurs, pour les clients en France ainsi que pour les TPE et PME fran\u00e7aises qui comptent sur Amazon pour d\u00e9velopper leur activit\u00e9.<\/em> \u00bb<\/p>\n<\/blockquote>\n<h3 style=\"color:#333; font-family:arial,helvetica,sans-serif; font-size:23px; font-weight:700\">Des entrep\u00f4ts ferm\u00e9s depuis dix jours<\/h3>\n<p>Il y a dix jours, l&rsquo;ordonnance du tribunal de Nanterre avait demand\u00e9 au g\u00e9ant am\u00e9ricain\u00a0d&rsquo;\u00e9valuer les risques li\u00e9s au Covid-19\u00a0et de limiter dans l&rsquo;intervalle ses livraisons aux seuls produits essentiels [<a href=\"https:\/\/www.leclubdesjuristes.com\/wp-content\/uploads\/2020\/04\/TJ-Nanterre_Ordonnance-de-r%C3%A9f%C3%A9r%C3%A9-du-14-avril-2020.pdf\" target=\"_blank\" rel=\"noopener noreferrer\">PDF<\/a>]. En r\u00e9ponse, la firme avait pris\u00a0la d\u00e9cision radicale de fermer ses entrep\u00f4ts en France mais avait maintenu <a href=\"https:\/\/www.01net.com\/actualites\/malgre-la-fermeture-de-ses-entrepots-amazon-va-continuer-de-livrer-ses-clients-francais-1894676.html#content\/contribution\/edit\" target=\"_blank\" rel=\"noopener noreferrer\">la livraison pour les clients fran\u00e7ais<\/a> via son r\u00e9seau europ\u00e9en.\u00a0Depuis ce jour et jusqu&rsquo;\u00e0 aujourd&rsquo;hui, les employ\u00e9s d&rsquo;Amazon \u00e9taient confin\u00e9s chez eux.\u00a0<\/p>\n<blockquote>\n<p>\u00c0 la suite de la d\u00e9cision de justice du 14 avril, Amazon avait d\u00e9clar\u00e9 dans un communiqu\u00e9\u00a0: \u00ab <em><a href=\"https:\/\/www.01net.com\/actualites\/fermeture-des-entrepots-francais-amazon-attend-febrilement-la-decision-en-appel-du-tribunal-1896420.html#content\/contribution\/edit\" target=\"_blank\" rel=\"noopener noreferrer\">Nous maintenons temporairement la suspension<\/a> de l&rsquo;activit\u00e9 de nos centres de distribution fran\u00e7ais. Nous r\u00e9\u00e9valuerons notre position une fois que l&rsquo;arr\u00eat de la cour d&rsquo;appel aura \u00e9t\u00e9 rendu vendredi 24 avril.<\/em> \u00bb\u00a0Et la fili\u00e8re fran\u00e7aise du g\u00e9ant am\u00e9ricain de pr\u00e9ciser qu&rsquo;il \u00e9tait demand\u00e9 aux salari\u00e9s de \u00ab <em>rester chez eux jusqu&rsquo;au samedi 25 avril inclus<\/em> \u00bb et qu&rsquo;ils \u00ab <em>percevront leur plein salaire<\/em> \u00bb.<\/p>\n<\/blockquote>\n<p><strong>Source<\/strong> : AFP<\/p>\n<\/p><\/div>\n<p><script>\n         !function(f,b,e,v,n,t,s){if(f.fbq)return;n=f.fbq=function()\n         {n.callMethod? n.callMethod.apply(n,arguments):n.queue.push(arguments)}\n         ;if(!f._fbq)f._fbq=n;\n             n.push=n;n.loaded=!0;n.version='2.0';n.queue=[];t=b.createElement(e);t.async=!0;\n             t.src=v;s=b.getElementsByTagName(e)[0];s.parentNode.insertBefore(t,s)}(window,\n                 document,'script','https:\/\/connect.facebook.net\/en_US\/fbevents.js');\n         fbq('init', '1065890633454496');\n         fbq('track', 'PageView');\n     <\/script><br \/>\n<br \/>[ad_2]<br \/>\n<br \/><a href=\"https:\/\/www.01net.com\/actualites\/la-justice-confirme-qu-amazonne-doit-vendre-que-des-produits-essentiels-1900153.html\">Source link <\/a><\/p>\n","protected":false},"excerpt":{"rendered":"<p>[ad_1] La d\u00e9cision est tomb\u00e9e un peu apr\u00e8s 14 h 30 : l&rsquo;appel est rejet\u00e9. Amazon a perdu, les syndicats &hellip; <a href=\"http:\/\/www.affinite.fr\/index.php\/2020\/04\/24\/la-justice-confirme-quamazon-ne-doit-vendre-que-des-produits-essentiels\/\" class=\"more-link\">Plus <span class=\"screen-reader-text\">La justice confirme qu&rsquo;Amazon\u00a0ne doit vendre que des produits essentiels<\/span> <span class=\"meta-nav\">&rarr;<\/span><\/a><\/p>\n","protected":false},"author":1,"featured_media":2284,"comment_status":"open","ping_status":"open","sticky":false,"template":"","format":"standard","meta":{"_sitemap_exclude":false,"_sitemap_priority":"","_sitemap_frequency":"","footnotes":""},"categories":[1],"tags":[],"class_list":["post-2283","post","type-post","status-publish","format-standard","has-post-thumbnail","hentry","category-tous"],"_links":{"self":[{"href":"http:\/\/www.affinite.fr\/index.php\/wp-json\/wp\/v2\/posts\/2283"}],"collection":[{"href":"http:\/\/www.affinite.fr\/index.php\/wp-json\/wp\/v2\/posts"}],"about":[{"href":"http:\/\/www.affinite.fr\/index.php\/wp-json\/wp\/v2\/types\/post"}],"author":[{"embeddable":true,"href":"http:\/\/www.affinite.fr\/index.php\/wp-json\/wp\/v2\/users\/1"}],"replies":[{"embeddable":true,"href":"http:\/\/www.affinite.fr\/index.php\/wp-json\/wp\/v2\/comments?post=2283"}],"version-history":[{"count":0,"href":"http:\/\/www.affinite.fr\/index.php\/wp-json\/wp\/v2\/posts\/2283\/revisions"}],"wp:featuredmedia":[{"embeddable":true,"href":"http:\/\/www.affinite.fr\/index.php\/wp-json\/wp\/v2\/media\/2284"}],"wp:attachment":[{"href":"http:\/\/www.affinite.fr\/index.php\/wp-json\/wp\/v2\/media?parent=2283"}],"wp:term":[{"taxonomy":"category","embeddable":true,"href":"http:\/\/www.affinite.fr\/index.php\/wp-json\/wp\/v2\/categories?post=2283"},{"taxonomy":"post_tag","embeddable":true,"href":"http:\/\/www.affinite.fr\/index.php\/wp-json\/wp\/v2\/tags?post=2283"}],"curies":[{"name":"wp","href":"https:\/\/api.w.org\/{rel}","templated":true}]}}