{"id":2259,"date":"2020-04-24T12:21:39","date_gmt":"2020-04-24T12:21:39","guid":{"rendered":"https:\/\/www.affinite.fr\/index.php\/2020\/04\/24\/le-11-mai-64-des-parents-nemmeneront-pas-leurs-enfants-a-lecole\/"},"modified":"2020-04-24T12:21:39","modified_gmt":"2020-04-24T12:21:39","slug":"le-11-mai-64-des-parents-nemmeneront-pas-leurs-enfants-a-lecole","status":"publish","type":"post","link":"http:\/\/www.affinite.fr\/index.php\/2020\/04\/24\/le-11-mai-64-des-parents-nemmeneront-pas-leurs-enfants-a-lecole\/","title":{"rendered":"Le 11\u00a0mai, 64% des parents n&#8217;emm\u00e8neront pas leurs enfants \u00e0 l&rsquo;\u00e9cole"},"content":{"rendered":"<p> [ad_1]<br \/>\n<br \/><img decoding=\"async\" src=\"https:\/\/img-3.journaldesfemmes.fr\/asOmAj9ee2t5rMJgthfm8Rclie0=\/1280x\/smart\/beeaa42700a94e6fb0a5d380db6021b3\/ccmcms-jdf\/15177233.jpg\" \/><\/p>\n<p>\n                La reprise des cours progressive inqui\u00e8te les parents d&rsquo;\u00e9l\u00e8ves qui craignent une nouvelle vague \u00e9pid\u00e9mique. Alors que le gouvernement a annonc\u00e9 que le retour \u00e0 l&rsquo;\u00e9cole ne serait pas obligatoire, pr\u00e8s de deux Fran\u00e7ais sur trois affirment qu&rsquo;ils n&rsquo;enverront pas leurs enfants \u00e0 l&rsquo;\u00e9cole le 11\u00a0mai prochain.            <\/p>\n<div>\n<p><strong>[Mise \u00e0 jour du 24\u00a0avril \u00e0 14h04].<\/strong>\u00a0Le <strong>retour \u00e0 l&rsquo;\u00e9cole ne sera pas obligatoire<\/strong> \u00e0 partir du lundi 11 mai.\u00a0C&rsquo;est ce qu&rsquo;a affirm\u00e9 <a href=\"https:\/\/www.journaldesfemmes.fr\/people\/emmanuel-macron\/\" title=\"Emmanuel Macron\">Emmanuel Macron<\/a> suite \u00e0 une concertation avec les maires de France ce 23 avril.\u00a0La <strong>rentr\u00e9e des classes se fera donc \u00ab\u00a0sur un principe de volontariat des parents et sans obligation<\/strong>\u00ab\u00a0.\u00a0Il n&rsquo;en fallait pas moins pour les familles oppos\u00e9es \u00e0 un retour \u00e0 l&rsquo;\u00e9cole en mai et qui privil\u00e9giaient plut\u00f4t une rentr\u00e9e au mois de septembre. Selon un <a href=\"https:\/\/www.lefigaro.fr\/politique\/apres-le-11-mai-deux-francais-sur-trois-n-enverront-pas-leurs-enfants-en-cours-20200423\" target=\"_blank\" rel=\"noopener noreferrer\">sondage\u00a0Odoxa-Dentsu Consulting pour Le Figaro et France Info<\/a>, <strong>64% des Fran\u00e7ais n&rsquo;ont pas l&rsquo;intention d&rsquo;envoyer leur enfants \u00e0 l&rsquo;\u00e9cole<\/strong> lors de la lev\u00e9e du confinement. 63% d&rsquo;entre eux sont <strong>oppos\u00e9s \u00e0 la r\u00e9ouverture des \u00e9tablissements scolaires<\/strong> et 60% pensent que cette d\u00e9cision a \u00e9t\u00e9 prise pour des raisons \u00e9conomiques, afin de permettre aux parents de recommencer \u00e0 travailler. Les Fran\u00e7ais sont seulement 25% (21% parmi les parents ayant des enfants scolaris\u00e9s) \u00e0 estimer que cette r\u00e9ouverture a \u00e9t\u00e9 d\u00e9cid\u00e9e pour permettre aux enfants \u00ab\u00a0d\u00e9crocheurs\u00a0\u00bb de renouer avec la vie scolaire comme l&rsquo;avait avanc\u00e9 le Pr\u00e9sident de la R\u00e9publique le 13 avril dernier. En outre, 80% des Fran\u00e7ais soutiennent la mise en place de gestes barri\u00e8res dans les \u00e9tablissements scolaires, ainsi que\u00a0la mise \u00e0 disposition de savons et de gels hydroalcoolique, et 72% sont favorables \u00e0 de petits groupes d&rsquo;\u00e9l\u00e8ves.\u00a0Pour autant, ils sont plus de 40% \u00e0 estimer que ces mesures ne s&rsquo;appliqueront pas.<\/p>\n<h2>Les parents anxieux et inquiets<\/h2>\n<p><strong>Une rentr\u00e9e facultative ?\u00a0<\/strong>Voil\u00e0\u00a0une\u00a0bonne nouvelle pour les parents qui s&rsquo;\u00e9taient oppos\u00e9s\u00a0\u00e0 ce retour \u00e0 l&rsquo;\u00e9cole\u00a0jug\u00e9 pr\u00e9matur\u00e9.\u00a0Un autre sondage\u00a0Odoxa-Dentsu Consulting pour Le Figaro et Franceinfo soulignait\u00a0<strong>l&rsquo;anxi\u00e9t\u00e9 des Fran\u00e7ais quant au retour \u00e0 l&rsquo;\u00e9cole des enfants<\/strong> :\u00a054% rejettent l&rsquo;id\u00e9e en bloc ! Et ce, malgr\u00e9 leurs questionnements face\u00a0\u00e0 la qualit\u00e9 de l&rsquo;enseignement \u00e0 distance, et les <strong>difficult\u00e9s \u00e0\u00a0assurer l&rsquo;\u00e9cole \u00e0 la maison<\/strong> en parall\u00e8le de leur t\u00e9l\u00e9-travail.\u00a0Les associations de parents d&rsquo;\u00e9l\u00e8ves, comme le Snuipp-FSU s&rsquo;inqui\u00e9taient eux aussi des risques de contamination. \u00ab\u00a0<em><strong>Reprendre dans un mois, comme si de rien n&rsquo;\u00e9tait, ce n&rsquo;est pas possible<\/strong>, car il n&rsquo;y aura pas plus de gens immunis\u00e9s, les enfants seront ensemble \u00e0 l&rsquo;\u00e9cole, sans gestes barri\u00e8re possibles, et ensuite aller dans les familles, chez les grands-parents, cela ne para\u00eet pas du tout raisonnable<\/em>\u00a0\u00bb a d\u00e9clar\u00e9 \u00e0 l&rsquo;AFP la secr\u00e9taire g\u00e9n\u00e9rale, Francette Popineau.\u00a0<\/p>\n<h2>Rouvrir les \u00e9coles, au d\u00e9triment de la sant\u00e9 publique ?\u00a0<\/h2>\n<p>Mais alors, pourquoi le gouvernement a-t-il d\u00e9cid\u00e9 ce retour sur les bancs \u00e0 partir du 11\u00a0mai ? Le Pr\u00e9sident a argu\u00e9 que l&rsquo;\u00e9loignement des \u00e9tablissements scolaires \u00e9tait trop d\u00e9favorable \u00e0 de nombreux enfants, pour qui\u00a0l&rsquo;acc\u00e8s au num\u00e9rique et \u00e0 l&rsquo;aide des parents n&rsquo;est pas la m\u00eame partout. Au d\u00e9triment de la sant\u00e9 ? Car c&rsquo;est justement <strong>ce qui inqui\u00e8te les parents : une seconde vague \u00e9pid\u00e9mique<\/strong>.\u00a0Edouard Philippe a assur\u00e9 que non, \u00e0 l&rsquo;Assembl\u00e9e Nationale ce 14 avril :\u00a0\u00ab\u00a0<em><strong>Il y a un imp\u00e9ratif qui est r\u00e9el, il ne peut pas se faire au prix de la sant\u00e9, bien entendu<\/strong>.\u00a0Il doit \u00eatre conjugu\u00e9\u00a0avec la n\u00e9cessit\u00e9 de pr\u00e9server la sant\u00e9 de nos concitoyens, de garantir le respect de r\u00e8gles sanitaires<\/em>\u00ab\u00a0. Mais le respect des mesures barri\u00e8res ne suffit pas \u00e0 convaincre, d&rsquo;autant que la France est toujours en p\u00e9nurie des masques \u00e0 l&rsquo;heure actuelle, et ce depuis le d\u00e9but du confinement. La secr\u00e9taire g\u00e9n\u00e9rale du Snuipp-FSU a ajout\u00e9 : \u00ab\u00a0<em><strong>Les jeunes \u00e9l\u00e8ves ne peuvent pas respecter facilement les gestes barri\u00e8res et peuvent \u00eatre porteurs sains du virus<\/strong>. Comment \u00e9viter une nouvelle flamb\u00e9e \u00e9pid\u00e9mique quand pr\u00e8s de 900\u00a0000\u00a0professeurs et 12\u00a0millions d&rsquo;\u00e9l\u00e8ves seront rassembl\u00e9s en classe\u00a0?\u00a0\u00bb<\/em><\/p>\n<h2>Les m\u00e9decins d\u00e9favorables au retour \u00e0 l&rsquo;\u00e9cole le 11 mai<\/h2>\n<p>A ce sujet, la <strong>F\u00e9d\u00e9ration des m\u00e9decins de France<\/strong> donne un avis clair : il s&rsquo;agit d&rsquo;un <em>\u00ab\u00a0<strong>risque inutile<\/strong>\u00ab\u00a0. <\/em>Notamment parce que <em>\u00ab\u00a0les enfants n&rsquo;ob\u00e9issent pas forc\u00e9ment aux consignes, ils vont naturellement jouer ensemble et<strong> ils risquent de ramener le virus \u00e0 la maison\u00a0\u00bb<\/strong> <\/em>a pr\u00e9cis\u00e9 le docteur Hamon aupr\u00e8s de l&rsquo;AFP. Le docteur Patrick Bouet, de <strong>l&rsquo;Ordre des M\u00e9decins<\/strong> a ajout\u00e9 pour sa part au\u00a0Figaro : \u00ab\u00a0<em>ce choix r\u00e9v\u00e8le <strong>un manque absolu de logique<\/strong><\/em>\u00a0\u00bb dans la mesure o\u00f9 les \u00e9coles ont \u00e9t\u00e9 les premi\u00e8res \u00e0 fermer pour ces m\u00eames raisons. Des risques qui restent inchang\u00e9s apr\u00e8s deux mois de confinement.<\/p>\n<h2>Retour \u00e0 l&rsquo;\u00e9cole, un pas vers l&rsquo;immunit\u00e9 collective ?\u00a0<\/h2>\n<aside id=\"NL_1429739558\" class=\"newsletter_subscription jNlBlock\"><noscript><br \/>\n            <\/noscript><\/p>\n<h3 class=\"newsletter_subscription-title\">Newsletter <\/h3>\n<p><a href=\"\/\/mailing.ccmbg.com\/archive\/last-85\" target=\"_blank\" class=\"a_hover\" rel=\"noopener noreferrer\">Voir un exemple<\/a><\/p>\n<\/aside>\n<p>Renvoyer les enfants \u00e0 l&rsquo;\u00e9cole, c&rsquo;est prendre le <strong>risque d&rsquo;une nouvelle vague de contamination<\/strong> selon les parents d&rsquo;\u00e9l\u00e8ves et les syndicats. Et si le gouvernement misait sur une <strong>nouvelle strat\u00e9gie face au coronavirus<\/strong> ? Alors qu&rsquo;il affichait jusqu&rsquo;\u00e0 pr\u00e9sent une volont\u00e9 d&rsquo;\u00e9radiquer le Covid-19 et d&rsquo;en prot\u00e9ger au maximum les Fran\u00e7ais, le pays (et le monde) se confrontent \u00e0 une r\u00e9alit\u00e9 scientifique : en attendant un vaccin, nous serons forc\u00e9s d&rsquo;<strong><a href=\"http:\/\/www.affinite.fr\/index.php\/2022\/11\/09\/formation-de-glacier-apprenez-le-metier-de-glacier-et-changez-votre-vie\/\">apprendre<\/a> \u00e0 vivre avec ce virus<\/strong>. Or, le pr\u00e9cieux s\u00e9same pourrait mettre des mois, voire des ann\u00e9es \u00e0 sortir. L&rsquo;autre possibilit\u00e9 pour prot\u00e9ger la population serait que le virus arr\u00eate de lui-m\u00eame de circuler. Pour ce faire, nous devons <strong>arriver \u00e0 une \u00ab\u00a0immunit\u00e9 collective\u00a0\u00bb, soit 60% \u00e0 70% de la population qui aurait d\u00e9j\u00e0 contract\u00e9 le virus et d\u00e9velopp\u00e9 des anticorps<\/strong>. Pour cela, il faut d&rsquo;abord le laisser se propager&#8230; Quoi de plus efficace\u00a0que de rouvrir les \u00e9coles ? En choisissant la date du 11\u00a0mai, Emmanuel Macron mise sur une p\u00e9riode o\u00f9 les tests de traitements contre le Covid-19 seront termin\u00e9s, les services hospitaliers moins satur\u00e9s qu&rsquo;\u00e0 l&rsquo;heure actuelle, et appelle les personnes \u00e2g\u00e9es (les plus \u00e0 risques) \u00e0 rester confin\u00e9es.\u00a0<\/p>\n<\/p><\/div>\n<p>[ad_2]<br \/>\n<br \/><a href=\"https:\/\/www.journaldesfemmes.fr\/maman\/enfant\/2631377-64-des-parents-n-emmeneront-pas-leurs-enfants-a-l-ecole\/\">Source link <\/a><\/p>\n","protected":false},"excerpt":{"rendered":"<p>[ad_1] La reprise des cours progressive inqui\u00e8te les parents d&rsquo;\u00e9l\u00e8ves qui craignent une nouvelle vague \u00e9pid\u00e9mique. Alors que le gouvernement &hellip; <a href=\"http:\/\/www.affinite.fr\/index.php\/2020\/04\/24\/le-11-mai-64-des-parents-nemmeneront-pas-leurs-enfants-a-lecole\/\" class=\"more-link\">Plus <span class=\"screen-reader-text\">Le 11\u00a0mai, 64% des parents n&#8217;emm\u00e8neront pas leurs enfants \u00e0 l&rsquo;\u00e9cole<\/span> <span class=\"meta-nav\">&rarr;<\/span><\/a><\/p>\n","protected":false},"author":1,"featured_media":2260,"comment_status":"open","ping_status":"open","sticky":false,"template":"","format":"standard","meta":{"_sitemap_exclude":false,"_sitemap_priority":"","_sitemap_frequency":"","footnotes":""},"categories":[1],"tags":[],"class_list":["post-2259","post","type-post","status-publish","format-standard","has-post-thumbnail","hentry","category-tous"],"_links":{"self":[{"href":"http:\/\/www.affinite.fr\/index.php\/wp-json\/wp\/v2\/posts\/2259"}],"collection":[{"href":"http:\/\/www.affinite.fr\/index.php\/wp-json\/wp\/v2\/posts"}],"about":[{"href":"http:\/\/www.affinite.fr\/index.php\/wp-json\/wp\/v2\/types\/post"}],"author":[{"embeddable":true,"href":"http:\/\/www.affinite.fr\/index.php\/wp-json\/wp\/v2\/users\/1"}],"replies":[{"embeddable":true,"href":"http:\/\/www.affinite.fr\/index.php\/wp-json\/wp\/v2\/comments?post=2259"}],"version-history":[{"count":0,"href":"http:\/\/www.affinite.fr\/index.php\/wp-json\/wp\/v2\/posts\/2259\/revisions"}],"wp:featuredmedia":[{"embeddable":true,"href":"http:\/\/www.affinite.fr\/index.php\/wp-json\/wp\/v2\/media\/2260"}],"wp:attachment":[{"href":"http:\/\/www.affinite.fr\/index.php\/wp-json\/wp\/v2\/media?parent=2259"}],"wp:term":[{"taxonomy":"category","embeddable":true,"href":"http:\/\/www.affinite.fr\/index.php\/wp-json\/wp\/v2\/categories?post=2259"},{"taxonomy":"post_tag","embeddable":true,"href":"http:\/\/www.affinite.fr\/index.php\/wp-json\/wp\/v2\/tags?post=2259"}],"curies":[{"name":"wp","href":"https:\/\/api.w.org\/{rel}","templated":true}]}}