{"id":2257,"date":"2020-04-24T11:33:48","date_gmt":"2020-04-24T11:33:48","guid":{"rendered":"https:\/\/www.affinite.fr\/index.php\/2020\/04\/24\/lacademie-de-medecine-approuve-lutilisation-de-lapplication-de-tracage\/"},"modified":"2020-04-24T11:33:48","modified_gmt":"2020-04-24T11:33:48","slug":"lacademie-de-medecine-approuve-lutilisation-de-lapplication-de-tracage","status":"publish","type":"post","link":"http:\/\/www.affinite.fr\/index.php\/2020\/04\/24\/lacademie-de-medecine-approuve-lutilisation-de-lapplication-de-tracage\/","title":{"rendered":"L\u2019Acad\u00e9mie de m\u00e9decine approuve l&rsquo;utilisation de l\u2019application de tra\u00e7age"},"content":{"rendered":"<p> [ad_1]<br \/>\n<br \/><img decoding=\"async\" src=\"https:\/\/img.bfmtv.com\/i\/0\/0\/cb01f3\/1e7a861291b3fadd5e93a0894e.jpg\" \/><\/p>\n<div itemprop=\"articleBody\">\n<p>L\u2019Acad\u00e9mie de m\u00e9decine est favorable\u00a0\u00e0 l\u2019utilisation de l\u2019application <a href=\"https:\/\/www.01net.com\/actualites\/stopcovid-que-sait-on-de-la-future-application-de-tracage-des-malades-1893456.html#content\/contribution\/edit\" target=\"_blank\" rel=\"noopener noreferrer\">Stop Covid<\/a> pour le suivi des personnes via le <a href=\"https:\/\/www.01net.com\/actualites\/anonymat-bluetooth-sur-ios-la-techno-de-l-application-de-tracage-stop-covid-semble-dans-l-impasse-1897321.html#content\/contribution\/edit\" target=\"_blank\" rel=\"noopener noreferrer\">Bluetooth<\/a> de leurs smartphones au moment du d\u00e9confinement. Dans un avis rendu public le 22 avril, l\u2019institution met en exergue les imp\u00e9ratifs juridiques et \u00e9thiques d\u2019un tel dispositif. Elle sugg\u00e8re \u00e9galement \u00ab\u00a0<em>une \u00e9valuation de son utilisation apr\u00e8s un et deux mois<\/em>\u00a0\u00bb.\u00a0<\/p>\n<h3 style=\"color:#333; font-family:arial,helvetica,sans-serif; font-size:23px; font-weight:700\">L\u2019aval du monde m\u00e9dical au gouvernement<\/h3>\n<blockquote>\n<p>\u00ab\u00a0<em>L\u2019approche du tra\u00e7age des contacts peut\u00a0\u00eatre utile et efficace en faisant participer activement la population \u00e0 la lutte contre le Covid-19, sur une base de volontariat. Cependant, cette efficacit\u00e9 suppose le respect d\u2019un certain nombre de conditions<\/em>\u00a0\u00bb, \u00e9crit l\u2019Acad\u00e9mie de m\u00e9decine.\u00a0<\/p>\n<\/blockquote>\n<p>D\u2019abord, l\u2019institution rappelle le n\u00e9cessaire respect du <a href=\"https:\/\/www.01net.com\/actualites\/comment-le-rgpd-va-proteger-vos-donnees-personnelles-1454674.html\" target=\"_blank\" rel=\"noopener noreferrer\">RGPD<\/a> et des recommandations de la <a href=\"http:\/\/www.01net.com\/actualites\/stopcovid-la-cnil-rappelle-les-principes-que-l-application-de-tracage-devra-respecter-1892939.html#content\/contribution\/edit\" target=\"_blank\" rel=\"noopener noreferrer\">Cnil<\/a>, desquels d\u00e9coulent l\u2019obligation d\u2019obtenir \u00ab<em>\u00a0le consentement \u00e9clair\u00e9<\/em>\u00a0\u00bb des personnes et \u00ab\u00a0<em>la confidentialit\u00e9 et la pr\u00e9servation de l\u2019intimit\u00e9 de chacun, en se tenant aux seules donn\u00e9es indispensables \u00e0 l\u2019objectif <\/em>\u00bb. L\u2019Acad\u00e9mie insiste sur \u00ab\u00a0<em>la libert\u00e9 des choix des personnes d\u2019initier ou d\u2019arr\u00eater \u00e0 tout moment la connexion tra\u00e7age<\/em>\u00a0\u00bb et rappelle \u00e9galement que les donn\u00e9es devront \u00eatre \u00ab\u00a0<em>d\u00e9truites \u00e0 court terme<\/em>\u00a0\u00bb. Ce libre arbitre citoyen suppose, selon elle, un large plan de communication p\u00e9dagogique pour fournir \u00ab\u00a0<em>une information pr\u00e9cise, factuelle, compr\u00e9hensible par tous et loyale<\/em>\u00a0\u00bb.<\/p>\n<aside class=\"bg-color-0 padding-inside-all-s bloc border-s\">\n<h4 class=\"box-txt-normal\">\n<p><strong>\u00c0 d\u00e9couvrir aussi en vid\u00e9o<\/strong><\/p>\n<\/h4>\n<\/aside>\n<h3 style=\"color:#333;font-family:arial,helvetica,sans-serif;font-size:23px;font-weight:700;\">Faux positifs, quel filet de s\u00e9curit\u00e9 ?<\/h3>\n<p>Face aux biais inh\u00e9rents \u00e0 la technologie qu&rsquo;elle r\u00e9sume en trois points :\u00a0\u00ab\u00a0<em>(1) une partie importante de la population n\u2019a pas de smartphone\u00a0; (2) une autre partie refusera d\u2019adh\u00e9rer \u00e0 son utilisation ; (3) il existe beaucoup de zones blanches, donc une in\u00e9galit\u00e9 territoriale<\/em>\u00a0\u00bb, l\u2019Acad\u00e9mie pr\u00e9conise une participation obligatoire\u00a0des quatre op\u00e9rateurs t\u00e9l\u00e9phoniques et une ergonomie tr\u00e8s simple, accessible et \u00ab\u00a0<em>adapt\u00e9e aux personnes vuln\u00e9rables, seniors, personnes isol\u00e9es et pr\u00e9caires<\/em>\u00a0\u00bb. Enfin, l\u2019Acad\u00e9mie demande la mise en place d\u2019un filet de s\u00e9curit\u00e9 quant aux risques de\u00a0\u00ab\u00a0<em>faux positifs\u00a0<\/em>\u00bb.\u00a0<\/p>\n<blockquote>\n<p>\u00ab\u00a0<em>Si de tels incidents surviennent, et afin de permettre la plus large adh\u00e9sion de la population au syst\u00e8me, un m\u00e9canisme d\u2019indemnisation automatique devra \u00eatre pr\u00e9vu, par le biais de la solidarit\u00e9 nationale et de l\u2019Oniam (Office National d\u2019Indemnisation des Accidents M\u00e9dicaux)<\/em>\u00a0\u00bb, peut-on lire dans le communiqu\u00e9.\u00a0<\/p>\n<\/blockquote>\n<p><strong>Source<\/strong> : <a href=\"http:\/\/www.academie-medecine.fr\/communique-de-lacademie-nationale-de-medecine-lutilisation-de-smartphones-pour-le-suivi-du-deconfinement-du-covid-19-en-france\/\" target=\"_blank\" rel=\"noopener noreferrer\">Acad\u00e9mie de m\u00e9decine<\/a><\/p>\n<\/p><\/div>\n<p><script>\n         !function(f,b,e,v,n,t,s){if(f.fbq)return;n=f.fbq=function()\n         {n.callMethod? n.callMethod.apply(n,arguments):n.queue.push(arguments)}\n         ;if(!f._fbq)f._fbq=n;\n             n.push=n;n.loaded=!0;n.version='2.0';n.queue=[];t=b.createElement(e);t.async=!0;\n             t.src=v;s=b.getElementsByTagName(e)[0];s.parentNode.insertBefore(t,s)}(window,\n                 document,'script','https:\/\/connect.facebook.net\/en_US\/fbevents.js');\n         fbq('init', '1065890633454496');\n         fbq('track', 'PageView');\n     <\/script><br \/>\n<br \/>[ad_2]<br \/>\n<br \/><a href=\"https:\/\/www.01net.com\/actualites\/stopcovid-l-academie-de-medecine-approuve-l-utilisation-de-l-application-de-tracage-1899901.html\">Source link <\/a><\/p>\n","protected":false},"excerpt":{"rendered":"<p>[ad_1] L\u2019Acad\u00e9mie de m\u00e9decine est favorable\u00a0\u00e0 l\u2019utilisation de l\u2019application Stop Covid pour le suivi des personnes via le Bluetooth de &hellip; <a href=\"http:\/\/www.affinite.fr\/index.php\/2020\/04\/24\/lacademie-de-medecine-approuve-lutilisation-de-lapplication-de-tracage\/\" class=\"more-link\">Plus <span class=\"screen-reader-text\">L\u2019Acad\u00e9mie de m\u00e9decine approuve l&rsquo;utilisation de l\u2019application de tra\u00e7age<\/span> <span class=\"meta-nav\">&rarr;<\/span><\/a><\/p>\n","protected":false},"author":1,"featured_media":2258,"comment_status":"open","ping_status":"open","sticky":false,"template":"","format":"standard","meta":{"_sitemap_exclude":false,"_sitemap_priority":"","_sitemap_frequency":"","footnotes":""},"categories":[1],"tags":[],"class_list":["post-2257","post","type-post","status-publish","format-standard","has-post-thumbnail","hentry","category-tous"],"_links":{"self":[{"href":"http:\/\/www.affinite.fr\/index.php\/wp-json\/wp\/v2\/posts\/2257"}],"collection":[{"href":"http:\/\/www.affinite.fr\/index.php\/wp-json\/wp\/v2\/posts"}],"about":[{"href":"http:\/\/www.affinite.fr\/index.php\/wp-json\/wp\/v2\/types\/post"}],"author":[{"embeddable":true,"href":"http:\/\/www.affinite.fr\/index.php\/wp-json\/wp\/v2\/users\/1"}],"replies":[{"embeddable":true,"href":"http:\/\/www.affinite.fr\/index.php\/wp-json\/wp\/v2\/comments?post=2257"}],"version-history":[{"count":0,"href":"http:\/\/www.affinite.fr\/index.php\/wp-json\/wp\/v2\/posts\/2257\/revisions"}],"wp:featuredmedia":[{"embeddable":true,"href":"http:\/\/www.affinite.fr\/index.php\/wp-json\/wp\/v2\/media\/2258"}],"wp:attachment":[{"href":"http:\/\/www.affinite.fr\/index.php\/wp-json\/wp\/v2\/media?parent=2257"}],"wp:term":[{"taxonomy":"category","embeddable":true,"href":"http:\/\/www.affinite.fr\/index.php\/wp-json\/wp\/v2\/categories?post=2257"},{"taxonomy":"post_tag","embeddable":true,"href":"http:\/\/www.affinite.fr\/index.php\/wp-json\/wp\/v2\/tags?post=2257"}],"curies":[{"name":"wp","href":"https:\/\/api.w.org\/{rel}","templated":true}]}}