{"id":2255,"date":"2020-04-24T11:32:08","date_gmt":"2020-04-24T11:32:08","guid":{"rendered":"https:\/\/www.affinite.fr\/index.php\/2020\/04\/24\/a-bruxelles-une-ancienne-maison-de-maitre-transformee-en-hotel-aux-accents-pop\/"},"modified":"2020-04-24T11:32:08","modified_gmt":"2020-04-24T11:32:08","slug":"a-bruxelles-une-ancienne-maison-de-maitre-transformee-en-hotel-aux-accents-pop","status":"publish","type":"post","link":"http:\/\/www.affinite.fr\/index.php\/2020\/04\/24\/a-bruxelles-une-ancienne-maison-de-maitre-transformee-en-hotel-aux-accents-pop\/","title":{"rendered":"A Bruxelles, une ancienne maison de ma\u00eetre transform\u00e9e en h\u00f4tel aux accents pop"},"content":{"rendered":"<p> [ad_1]<br \/>\n<br \/><img decoding=\"async\" src=\"https:\/\/maison3.advcdn.net\/images\/medias\/000\/054\/000054315\/200.jpg\" \/><\/p>\n<div itemprop=\"articleBody\">\n<p>\n  <strong>Une r\u00e9novation en deux temps<\/strong>\n<\/p>\n<p>\n  R\u00e9nov\u00e9 une premi\u00e8re fois en 2011, cet h\u00f4tel avait \u00e9t\u00e9 pr\u00e9c\u00e9demment transform\u00e9 en une r\u00e9sidence pour personnages \u00e2g\u00e9es. <strong>L\u2019architecte Michel Penneman a commenc\u00e9 par r\u00e9unir les deux b\u00e2timents existants pour cr\u00e9er 28 chambres<\/strong> personnalis\u00e9es, accompagn\u00e9es de leurs salles de bains respectives. Quelques ann\u00e9es plus tard, il a repris le chemin du chantier pour <strong>rajouter des chambres suppl\u00e9mentaires en cr\u00e9ant une sur\u00e9l\u00e9vation<\/strong> \u00e0 la structure l\u00e9g\u00e8re en bois. L\u2019ensemble totalise <strong>aujourd\u2019hui 39 chambres.<\/strong> Les propri\u00e9taires, Fabien Henrion et Bernard Wilmet, qui poss\u00e9daient un autre \u00e9tablissement \u00e0 Bruxelles, le Zoom H\u00f4tel, ont ainsi pr\u00e9f\u00e9r\u00e9 proc\u00e9der par \u00e9tapes, pour tester la client\u00e8le avant de s\u2019agrandir\u2026\n<\/p>\n<p>\n  <strong>D\u00e9coration vintage et internationale<\/strong>\n<\/p>\n<p>\n  N\u00e9ophytes dans le domaine des antiquit\u00e9s du design, Fabien Henrion s\u2019est pr\u00eat\u00e9, puis pris au jeu de la chine en accompagnant Michel Penneman dans ses recherches et p\u00e9r\u00e9grinations pour <strong>d\u00e9nicher des meubles et objets vintage.<\/strong> Il a \u00e9t\u00e9 n\u00e9cessaire de chiner dans le monde entier pour d\u00e9busquer des pi\u00e8ces rares et des trouvailles \u00e0 prix assez int\u00e9ressants, \u00e0 une \u00e9poque o\u00f9 les prix des meubles vintage ne flambaient pas encore. Et le choix de pi\u00e8ces anciennes a \u00e9t\u00e9 compl\u00e9t\u00e9 par quelques r\u00e9\u00e9ditions.\n<\/p>\n<p>\n  <strong>Un espace recompos\u00e9<\/strong>\n<\/p>\n<p>\n  Alors que les volumes initiaux du lobby et du bar ouvert, au rez-de-chauss\u00e9e, ont \u00e9t\u00e9 conserv\u00e9s, ceux des chambres d\u2019origine ont \u00e9t\u00e9 r\u00e9duits et redessin\u00e9s. Les plafonds moulur\u00e9s ont \u00e9t\u00e9 r\u00e9nov\u00e9s et un <strong>grand soin a \u00e9t\u00e9 apport\u00e9 \u00e0 l\u2019isolation thermique et acoustique.<\/strong> Et sur la <strong>fa\u00e7ade en brique<\/strong> donnant sur une petite cour charmante, les ch\u00e2ssis des ouvertures aux dimensions initiales conserv\u00e9es ont \u00e9t\u00e9 remplac\u00e9s, tout en conservant le style du b\u00e2timent d\u2019origine.\u00a0\n<\/p>\n<p>\n  <strong>Contacts\u00a0:<br \/>Vintage H\u00f4tel<\/strong><br \/>Rue Dejoncker, 45<br \/>1060 Bruxelles<br \/>Belgique<br \/>T\u00e9l\u00a0: + 32(0)2 533 99 80<br \/><a href=\"http:\/\/www.vintagehotel.be\/\">www.vintagehotel.be<\/a>\n<\/p>\n<p>\n  <strong>Michel Penneman<\/strong><br \/>3, avenue Macau<br \/>1050 Bruxelles<br \/>Belgique<br \/>T\u00e9l.\u00a0: + 32(0)2 649 19 11 et +32(0)475 71 76 79<br \/>Mail\u00a0: <a href=\"mailto:mp@michelpenneman.com\">mp@michelpenneman.com<\/a><br \/><a href=\"http:\/\/www.michelpenneman.com\/\">www.michelpenneman.com<\/a>\n<\/p>\n<\/p><\/div>\n<p><script async defer crossorigin=\"anonymous\" src=\"https:\/\/connect.facebook.net\/fr_FR\/sdk.js#xfbml=1&#038;version=v6.0&#038;appId=252025098257546&#038;autoLogAppEvents=1\"><\/script><br \/>\n<br \/>[ad_2]<br \/>\n<br \/><a href=\"http:\/\/feedproxy.google.com\/~r\/maison-actus\/~3\/USOiB9hmQ7Q\/\">Source link <\/a><\/p>\n","protected":false},"excerpt":{"rendered":"<p>[ad_1] Une r\u00e9novation en deux temps R\u00e9nov\u00e9 une premi\u00e8re fois en 2011, cet h\u00f4tel avait \u00e9t\u00e9 pr\u00e9c\u00e9demment transform\u00e9 en une &hellip; <a href=\"http:\/\/www.affinite.fr\/index.php\/2020\/04\/24\/a-bruxelles-une-ancienne-maison-de-maitre-transformee-en-hotel-aux-accents-pop\/\" class=\"more-link\">Plus <span class=\"screen-reader-text\">A Bruxelles, une ancienne maison de ma\u00eetre transform\u00e9e en h\u00f4tel aux accents pop<\/span> <span class=\"meta-nav\">&rarr;<\/span><\/a><\/p>\n","protected":false},"author":1,"featured_media":2256,"comment_status":"open","ping_status":"open","sticky":false,"template":"","format":"standard","meta":{"_sitemap_exclude":false,"_sitemap_priority":"","_sitemap_frequency":"","footnotes":""},"categories":[1],"tags":[],"class_list":["post-2255","post","type-post","status-publish","format-standard","has-post-thumbnail","hentry","category-tous"],"_links":{"self":[{"href":"http:\/\/www.affinite.fr\/index.php\/wp-json\/wp\/v2\/posts\/2255"}],"collection":[{"href":"http:\/\/www.affinite.fr\/index.php\/wp-json\/wp\/v2\/posts"}],"about":[{"href":"http:\/\/www.affinite.fr\/index.php\/wp-json\/wp\/v2\/types\/post"}],"author":[{"embeddable":true,"href":"http:\/\/www.affinite.fr\/index.php\/wp-json\/wp\/v2\/users\/1"}],"replies":[{"embeddable":true,"href":"http:\/\/www.affinite.fr\/index.php\/wp-json\/wp\/v2\/comments?post=2255"}],"version-history":[{"count":0,"href":"http:\/\/www.affinite.fr\/index.php\/wp-json\/wp\/v2\/posts\/2255\/revisions"}],"wp:featuredmedia":[{"embeddable":true,"href":"http:\/\/www.affinite.fr\/index.php\/wp-json\/wp\/v2\/media\/2256"}],"wp:attachment":[{"href":"http:\/\/www.affinite.fr\/index.php\/wp-json\/wp\/v2\/media?parent=2255"}],"wp:term":[{"taxonomy":"category","embeddable":true,"href":"http:\/\/www.affinite.fr\/index.php\/wp-json\/wp\/v2\/categories?post=2255"},{"taxonomy":"post_tag","embeddable":true,"href":"http:\/\/www.affinite.fr\/index.php\/wp-json\/wp\/v2\/tags?post=2255"}],"curies":[{"name":"wp","href":"https:\/\/api.w.org\/{rel}","templated":true}]}}