{"id":2246,"date":"2020-04-24T07:24:25","date_gmt":"2020-04-24T07:24:25","guid":{"rendered":"https:\/\/www.affinite.fr\/index.php\/2020\/04\/24\/apple-devrait-mettre-les-bouchees-doubles-sur-les-airpods-des-lannee-prochaine\/"},"modified":"2020-04-24T07:24:25","modified_gmt":"2020-04-24T07:24:25","slug":"apple-devrait-mettre-les-bouchees-doubles-sur-les-airpods-des-lannee-prochaine","status":"publish","type":"post","link":"http:\/\/www.affinite.fr\/index.php\/2020\/04\/24\/apple-devrait-mettre-les-bouchees-doubles-sur-les-airpods-des-lannee-prochaine\/","title":{"rendered":"Apple devrait mettre les bouch\u00e9es doubles sur les AirPods, d\u00e8s l\u2019ann\u00e9e prochaine"},"content":{"rendered":"<p> [ad_1]<br \/>\n<br \/><img decoding=\"async\" src=\"https:\/\/img.bfmtv.com\/i\/0\/0\/007e2\/e223221787d456d26fd5da63291.jpeg\" \/><\/p>\n<div itemprop=\"articleBody\">\n<p>Si les AirPods ont largement contribu\u00e9 \u00e0 d\u00e9mocratiser <a href=\"https:\/\/www.01net.com\/actualites\/top-10-les-meilleurs-ecouteurs-sans-fil-true-wireless-1326306.html\" target=\"_blank\" rel=\"noopener noreferrer\">les casques <\/a><a href=\"https:\/\/www.01net.com\/actualites\/top-10-les-meilleurs-ecouteurs-sans-fil-true-wireless-1326306.html\" target=\"_blank\" rel=\"noopener noreferrer\"><em>true wireless<\/em><\/a> (que ce soit par leurs ventes ou par l\u2019effet d\u2019inspiration produit), les AirPods Pro ont port\u00e9 ce succ\u00e8s \u00e0 un niveau stratosph\u00e9rique.<br \/>Apple pourrait continuer de battre le fer pendant qu\u2019il est chaud. Selon Ming-Chi Kuo, analyste g\u00e9n\u00e9ralement tr\u00e8s au fait des projets d\u2019Apple, la soci\u00e9t\u00e9 de Cupertino serait sur le point d\u2019acc\u00e9l\u00e9rer les choses.<\/p>\n<p>Ainsi, les \u00e9quipes de Tim Cook pourrait commencer la production de masse de leur casque circum-auriculaire au cours de l\u2019\u00e9t\u00e9, afin qu\u2019il soit disponible un peu plus tard cette ann\u00e9e, \u00e0 l\u2019automne ou en fin d\u2019ann\u00e9e. Un article de Bloomberg, publi\u00e9 il y a quelques jours, indique que ce casque pourrait utiliser des composants interchangeables maintenus en place par des aimants. Un bon moyen de le diff\u00e9rencier des casques Beats, qui appartiennent \u00e9galement \u00e0 Apple.<\/p>\n<aside class=\"bg-color-0 padding-inside-all-s bloc border-s\">\n<h4 class=\"box-txt-normal\">\n<p><strong>A d\u00e9couvrir aussi en vid\u00e9o<\/strong><\/p>\n<\/h4>\n<\/aside>\n<p>L\u2019<a data-cke-saved-href=\"https:\/\/www.01net.com\/actualites\/le-casque-audio-d-apple-devrait-etre-personnalisable-comme-les-apple-watch-1894751.html\" target=\"_blank\" href=\"https:\/\/www.01net.com\/actualites\/le-casque-audio-d-apple-devrait-etre-personnalisable-comme-les-apple-watch-1894751.html\" rel=\"noopener noreferrer\">article de Bloomberg<\/a> indiquait que les ing\u00e9nieurs de la soci\u00e9t\u00e9 am\u00e9ricaine d\u00e9velopperaient deux versions de ce casque, une qui utiliserait du cuir et l\u2019autre un mat\u00e9riau plus l\u00e9ger et mieux adapt\u00e9 \u00e0 la pratique du sport.<\/p>\n<p>Quoi qu\u2019il en soit, Ming-Chi Kuo indique \u00e9galement qu\u2019une troisi\u00e8me g\u00e9n\u00e9ration d\u2019AirPods devrait entrer en production au cours du premier semestre 2021. Il ne donne pas beaucoup d\u2019autres informations si ce n\u2019est que le processus de production serait tr\u00e8s similaire \u00e0 celui des AirPods Pro, tandis que le design externe resterait identique dans les grandes lignes.<\/p>\n<p>Et justement les <a data-cke-saved-href=\"https:\/\/www.01net.com\/tests\/test-des-airpods-pro-apple-soigne-enfin-nos-oreilles-avec-ses-ecouteurs-true-wireless-6345.html\" target=\"_blank\" href=\"https:\/\/www.01net.com\/tests\/test-des-airpods-pro-apple-soigne-enfin-nos-oreilles-avec-ses-ecouteurs-true-wireless-6345.html\" rel=\"noopener noreferrer\">AirPods Pro 2<\/a> devraient, selon Ming-Chi Kuo, toujours, entrer en production de masse plus tard, en fin d\u2019ann\u00e9e 2021 ou d\u00e9but 2022. Une deuxi\u00e8me g\u00e9n\u00e9ration n\u2019est donc a priori pas pour tout de suite.<\/p>\n<p>Enfin l\u2019analyste exprime son doute sur une information du <em>Digitimes<\/em>, qui annon\u00e7ait des <a data-cke-saved-href=\"https:\/\/www.01net.com\/actualites\/apple-devrait-lancer-des-airpods-pro-lite-le-mois-prochain-1896338.html\" target=\"_blank\" href=\"https:\/\/www.01net.com\/actualites\/apple-devrait-lancer-des-airpods-pro-lite-le-mois-prochain-1896338.html\" rel=\"noopener noreferrer\">AirPods Pro Lite<\/a> pour cette ann\u00e9e. Selon lui, il est plus probable qu\u2019il s\u2019agisse de nouveau Beats.<\/p>\n<p>Une chose semble certaine, Apple ne pr\u00e9cipite pas les choses, mais pr\u00e9pare un enrichissement futur de sa gamme de casques.<\/p>\n<p><strong style=\"color: inherit;\">Source\u00a0:<\/strong><span style=\"color: inherit;\"> <\/span><a data-cke-saved-href=\"https:\/\/9to5mac.com\/2020\/04\/23\/kuo-airpods-rumors-2020\/\" href=\"https:\/\/9to5mac.com\/2020\/04\/23\/kuo-airpods-rumors-2020\/\" style=\"background-color: rgb(255, 255, 255);\">9to5mac<\/a><\/p>\n<\/p><\/div>\n<p><script>\n         !function(f,b,e,v,n,t,s){if(f.fbq)return;n=f.fbq=function()\n         {n.callMethod? n.callMethod.apply(n,arguments):n.queue.push(arguments)}\n         ;if(!f._fbq)f._fbq=n;\n             n.push=n;n.loaded=!0;n.version='2.0';n.queue=[];t=b.createElement(e);t.async=!0;\n             t.src=v;s=b.getElementsByTagName(e)[0];s.parentNode.insertBefore(t,s)}(window,\n                 document,'script','https:\/\/connect.facebook.net\/en_US\/fbevents.js');\n         fbq('init', '1065890633454496');\n         fbq('track', 'PageView');\n     <\/script><br \/>\n<br \/>[ad_2]<br \/>\n<br \/><a href=\"https:\/\/www.01net.com\/actualites\/apple-devrait-mettre-les-bouchees-doubles-sur-les-airpods-des-l-annee-prochaine-1899786.html\">Source link <\/a><\/p>\n","protected":false},"excerpt":{"rendered":"<p>[ad_1] Si les AirPods ont largement contribu\u00e9 \u00e0 d\u00e9mocratiser les casques true wireless (que ce soit par leurs ventes ou &hellip; <a href=\"http:\/\/www.affinite.fr\/index.php\/2020\/04\/24\/apple-devrait-mettre-les-bouchees-doubles-sur-les-airpods-des-lannee-prochaine\/\" class=\"more-link\">Plus <span class=\"screen-reader-text\">Apple devrait mettre les bouch\u00e9es doubles sur les AirPods, d\u00e8s l\u2019ann\u00e9e prochaine<\/span> <span class=\"meta-nav\">&rarr;<\/span><\/a><\/p>\n","protected":false},"author":1,"featured_media":1966,"comment_status":"open","ping_status":"open","sticky":false,"template":"","format":"standard","meta":{"_sitemap_exclude":false,"_sitemap_priority":"","_sitemap_frequency":"","footnotes":""},"categories":[1],"tags":[],"class_list":["post-2246","post","type-post","status-publish","format-standard","has-post-thumbnail","hentry","category-tous"],"_links":{"self":[{"href":"http:\/\/www.affinite.fr\/index.php\/wp-json\/wp\/v2\/posts\/2246"}],"collection":[{"href":"http:\/\/www.affinite.fr\/index.php\/wp-json\/wp\/v2\/posts"}],"about":[{"href":"http:\/\/www.affinite.fr\/index.php\/wp-json\/wp\/v2\/types\/post"}],"author":[{"embeddable":true,"href":"http:\/\/www.affinite.fr\/index.php\/wp-json\/wp\/v2\/users\/1"}],"replies":[{"embeddable":true,"href":"http:\/\/www.affinite.fr\/index.php\/wp-json\/wp\/v2\/comments?post=2246"}],"version-history":[{"count":0,"href":"http:\/\/www.affinite.fr\/index.php\/wp-json\/wp\/v2\/posts\/2246\/revisions"}],"wp:featuredmedia":[{"embeddable":true,"href":"http:\/\/www.affinite.fr\/index.php\/wp-json\/wp\/v2\/media\/1966"}],"wp:attachment":[{"href":"http:\/\/www.affinite.fr\/index.php\/wp-json\/wp\/v2\/media?parent=2246"}],"wp:term":[{"taxonomy":"category","embeddable":true,"href":"http:\/\/www.affinite.fr\/index.php\/wp-json\/wp\/v2\/categories?post=2246"},{"taxonomy":"post_tag","embeddable":true,"href":"http:\/\/www.affinite.fr\/index.php\/wp-json\/wp\/v2\/tags?post=2246"}],"curies":[{"name":"wp","href":"https:\/\/api.w.org\/{rel}","templated":true}]}}