{"id":2244,"date":"2020-04-24T06:23:14","date_gmt":"2020-04-24T06:23:14","guid":{"rendered":"https:\/\/www.affinite.fr\/index.php\/2020\/04\/24\/instagram-met-a-jour-les-comptes-commemoratifs-en-raison-des-nombreux-deces-dus-au-covid-19\/"},"modified":"2020-04-24T06:23:14","modified_gmt":"2020-04-24T06:23:14","slug":"instagram-met-a-jour-les-comptes-commemoratifs-en-raison-des-nombreux-deces-dus-au-covid-19","status":"publish","type":"post","link":"http:\/\/www.affinite.fr\/index.php\/2020\/04\/24\/instagram-met-a-jour-les-comptes-commemoratifs-en-raison-des-nombreux-deces-dus-au-covid-19\/","title":{"rendered":"Instagram met \u00e0 jour les comptes comm\u00e9moratifs en raison des nombreux d\u00e9c\u00e8s dus au Covid-19"},"content":{"rendered":"<p> [ad_1]<br \/>\n<br \/><img decoding=\"async\" src=\"https:\/\/img.bfmtv.com\/i\/0\/0\/6e1\/076312542bde5eae22e3b0e7cdf8a.jpeg\" \/><\/p>\n<div itemprop=\"articleBody\">\n<p>\u00ab\u00a0Se souvenir\u00a0\u00bb. C\u2019est la banni\u00e8re\u00a0qu\u2019Instagram va ajouter pour identifier les comptes \u00ab m\u00e9moris\u00e9s \u00bb\u00a0des personnes d\u00e9c\u00e9d\u00e9es et signer leurs\u00a0\u00e9pitaphes num\u00e9riques.<br \/>La premi\u00e8re a l\u2019avoir d\u00e9couvert est la chercheuse Jane Manchun Wong, toujours \u00e0 la pointe des nouvelles fonctionnalit\u00e9s sur les r\u00e9seaux sociaux.\u00a0Sur son compte Twitter, elle en fait la d\u00e9monstration un petit \u00ab\u00a0<em>remembering\u00a0<\/em>\u00bb<em>\u00a0<\/em>s&rsquo;est gliss\u00e9 sous son nom m\u00eame si elle est encore vivante.<\/p>\n<p style=\"color:#333; font-family:arial,helvetica,sans-serif; font-size:18px\">Comment fonctionnent les comptes comm\u00e9moratifs\u00a0? Quand un utilisateur d\u00e9c\u00e8de, sa\u00a0famille peut\u00a0demander\u00a0la suppression ou la m\u00e9morisation de son profil aux \u00e9quipes d\u2019Instagram. C&rsquo;est la deuxi\u00e8me option qui va \u00eatre mise \u00e0 jour\u00a0avec\u00a0la nouvelle banni\u00e8re pour \u00e9viter les malentendus dramatiques, voire glauques.\u00a0<\/p>\n<h3 style=\"color:#333; font-family:arial,helvetica,sans-serif; font-size:23px; font-weight:700\">Un profil comm\u00e9moratif synonyme d&rsquo;intact<\/h3>\n<p>Sur sa <a href=\"https:\/\/help.instagram.com\/231764660354188\" target=\"_blank\" rel=\"noopener noreferrer\">page support<\/a>, Instagram pr\u00e9cise quelques-unes des principales caract\u00e9ristiques de ces comptes comm\u00e9moratifs\u00a0: il est interdit \u00e0 quiconque de s\u2019y connecter ; le profil d\u2019un compte comm\u00e9moratif appara\u00eet exactement comme celui du compte non-transform\u00e9\u00a0; les publications partag\u00e9es par la personne d\u00e9c\u00e9d\u00e9e, y compris les photos et les vid\u00e9os, restent sur Instagram et sont visibles par l\u2019audience avec laquelle elles ont \u00e9t\u00e9 partag\u00e9es ; ils n\u2019apparaissent pas dans les espaces publics, tels que la\u00a0section <em>Explorer<\/em>. En r\u00e9sum\u00e9 : \u00ab\u00a0<em>Une fois le compte transform\u00e9 en compte de comm\u00e9moration, personne ne peut en modifier les publications ou les informations.<\/em>\u00a0\u00bb\u00a0<\/p>\n<aside class=\"bg-color-0 padding-inside-all-s bloc border-s\">\n<h4 class=\"box-txt-normal\">\n<p><strong>\u00c0 d\u00e9couvrir aussi en vid\u00e9o<\/strong><\/p>\n<\/h4>\n<\/aside>\n<p>Le chantier \u00e9tait d\u00e9j\u00e0 en cours mais la crise sanitaire a fait acc\u00e9l\u00e9rer les \u00e9quipes.\u00a0<\/p>\n<blockquote>\n<p><span>\u00ab\u00a0<em>Nous travaillons \u00e0 ces mises \u00e0 jour depuis un certain temps, m\u00eame si c\u2019est l\u2019une d\u2019entre elles \u2014 entre autres \u2014 que nous avons acc\u00e9l\u00e9r\u00e9e \u00e0 cause du COVID-19 pour aider \u00e0 soutenir notre communaut\u00e9 pendant cette p\u00e9riode difficile<\/em>\u00a0\u00bb, a expliqu\u00e9 une porte-parole \u00e0 <em>Buzzfeed<\/em>. <\/span><\/p>\n<\/blockquote>\n<h3 style=\"color:#333; font-family:arial,helvetica,sans-serif; font-size:23px; font-weight:700\">La demande\u00a0<span>\u00ab\u00a0<\/span>peut prendre plus de temps\u00a0<span>\u00bb<\/span><\/h3>\n<blockquote>\n<p><span>Autre effet collat\u00e9ral n\u00e9gatif\u00a0du virus : les \u00ab\u00a0\u00e9<em>quipes d\u2019examen des signalements sont r\u00e9duites en raison de la pand\u00e9mie de coronavirus (COVID-19). La transformation en compte de comm\u00e9moration ou la suppression de compte que vous avez demand\u00e9e peut donc prendre plus de temps<\/em>\u00a0\u00bb, pr\u00e9vient le r\u00e9seau social sur sa page support.\u00a0<\/span><\/p>\n<\/blockquote>\n<p><strong>Source<\/strong> : <a href=\"https:\/\/www.buzzfeednews.com\/article\/katienotopoulos\/instagram-new-memorialization-feature-coronavirus\" target=\"_blank\" rel=\"noopener noreferrer\">Buzzfeed<\/a>\u00a0<\/p>\n<\/p><\/div>\n<p><script>\n         !function(f,b,e,v,n,t,s){if(f.fbq)return;n=f.fbq=function()\n         {n.callMethod? n.callMethod.apply(n,arguments):n.queue.push(arguments)}\n         ;if(!f._fbq)f._fbq=n;\n             n.push=n;n.loaded=!0;n.version='2.0';n.queue=[];t=b.createElement(e);t.async=!0;\n             t.src=v;s=b.getElementsByTagName(e)[0];s.parentNode.insertBefore(t,s)}(window,\n                 document,'script','https:\/\/connect.facebook.net\/en_US\/fbevents.js');\n         fbq('init', '1065890633454496');\n         fbq('track', 'PageView');\n     <\/script><script async defer src=\"https:\/\/platform.instagram.com\/en_US\/embeds.js\"><\/script><br \/>\n<br \/>[ad_2]<br \/>\n<br \/><a href=\"https:\/\/www.01net.com\/actualites\/instagram-met-a-jour-les-comptes-commemoratifs-en-raison-des-nombreux-deces-dus-au-covid-19-1899270.html\">Source link <\/a><\/p>\n","protected":false},"excerpt":{"rendered":"<p>[ad_1] \u00ab\u00a0Se souvenir\u00a0\u00bb. C\u2019est la banni\u00e8re\u00a0qu\u2019Instagram va ajouter pour identifier les comptes \u00ab m\u00e9moris\u00e9s \u00bb\u00a0des personnes d\u00e9c\u00e9d\u00e9es et signer leurs\u00a0\u00e9pitaphes &hellip; <a href=\"http:\/\/www.affinite.fr\/index.php\/2020\/04\/24\/instagram-met-a-jour-les-comptes-commemoratifs-en-raison-des-nombreux-deces-dus-au-covid-19\/\" class=\"more-link\">Plus <span class=\"screen-reader-text\">Instagram met \u00e0 jour les comptes comm\u00e9moratifs en raison des nombreux d\u00e9c\u00e8s dus au Covid-19<\/span> <span class=\"meta-nav\">&rarr;<\/span><\/a><\/p>\n","protected":false},"author":1,"featured_media":2245,"comment_status":"open","ping_status":"open","sticky":false,"template":"","format":"standard","meta":{"_sitemap_exclude":false,"_sitemap_priority":"","_sitemap_frequency":"","footnotes":""},"categories":[1],"tags":[],"class_list":["post-2244","post","type-post","status-publish","format-standard","has-post-thumbnail","hentry","category-tous"],"_links":{"self":[{"href":"http:\/\/www.affinite.fr\/index.php\/wp-json\/wp\/v2\/posts\/2244"}],"collection":[{"href":"http:\/\/www.affinite.fr\/index.php\/wp-json\/wp\/v2\/posts"}],"about":[{"href":"http:\/\/www.affinite.fr\/index.php\/wp-json\/wp\/v2\/types\/post"}],"author":[{"embeddable":true,"href":"http:\/\/www.affinite.fr\/index.php\/wp-json\/wp\/v2\/users\/1"}],"replies":[{"embeddable":true,"href":"http:\/\/www.affinite.fr\/index.php\/wp-json\/wp\/v2\/comments?post=2244"}],"version-history":[{"count":0,"href":"http:\/\/www.affinite.fr\/index.php\/wp-json\/wp\/v2\/posts\/2244\/revisions"}],"wp:featuredmedia":[{"embeddable":true,"href":"http:\/\/www.affinite.fr\/index.php\/wp-json\/wp\/v2\/media\/2245"}],"wp:attachment":[{"href":"http:\/\/www.affinite.fr\/index.php\/wp-json\/wp\/v2\/media?parent=2244"}],"wp:term":[{"taxonomy":"category","embeddable":true,"href":"http:\/\/www.affinite.fr\/index.php\/wp-json\/wp\/v2\/categories?post=2244"},{"taxonomy":"post_tag","embeddable":true,"href":"http:\/\/www.affinite.fr\/index.php\/wp-json\/wp\/v2\/tags?post=2244"}],"curies":[{"name":"wp","href":"https:\/\/api.w.org\/{rel}","templated":true}]}}