{"id":2220,"date":"2020-04-23T17:45:49","date_gmt":"2020-04-23T17:45:49","guid":{"rendered":"https:\/\/www.affinite.fr\/index.php\/2020\/04\/23\/twitter-va-supprimer-les-tweets-incitant-a-detruire-les-antennes-5g\/"},"modified":"2020-04-23T17:45:49","modified_gmt":"2020-04-23T17:45:49","slug":"twitter-va-supprimer-les-tweets-incitant-a-detruire-les-antennes-5g","status":"publish","type":"post","link":"http:\/\/www.affinite.fr\/index.php\/2020\/04\/23\/twitter-va-supprimer-les-tweets-incitant-a-detruire-les-antennes-5g\/","title":{"rendered":"Twitter va supprimer les tweets incitant \u00e0 d\u00e9truire les antennes 5G"},"content":{"rendered":"<p> [ad_1]<br \/>\n<br \/><img decoding=\"async\" src=\"https:\/\/img.bfmtv.com\/i\/0\/0\/865\/422853b4d0916a93d2ff196c37220.jpeg\" \/><\/p>\n<div itemprop=\"articleBody\">\n<p>Twitter continue \u00e0 lutter contre les discours haineux ou complotistes. Le r\u00e9seau social a confirm\u00e9 ce 22 avril qu\u2019il ciblait d\u00e9sormais les tweets mensongers ou incitant \u00e0 la destruction d\u2019infrastructures 5G. Ils pourront ainsi \u00eatre supprim\u00e9s.\u00a0<\/p>\n<div data-force-click=\"true\" class=\"bloc\">\n<blockquote class=\"twitter-tweet\">\n<p lang=\"en\" dir=\"ltr\">We have broadened our guidance on unverified claims that incite people to engage in harmful activity, could lead to the destruction or damage of critical 5G infrastructure, or could lead to widespread panic, social unrest, or large-scale disorder.<\/p>\n<p>\u2014 Twitter Safety (@TwitterSafety) <a href=\"https:\/\/twitter.com\/TwitterSafety\/status\/1253044659175034880?ref_src=twsrc%5Etfw\">April 22, 2020<\/a><\/p><\/blockquote><\/div>\n<h3 style=\"color:#333; font-family:arial,helvetica,sans-serif; font-size:23px; font-weight:700\">2 200 tweets sur le Covid-19 d\u00e9j\u00e0 supprim\u00e9s<\/h3>\n<p>Le r\u00e9seau social a indiqu\u00e9 que cet initiative compl\u00e9tait le dispositif mis en place autour du sujet \u00e9pineux du Covid-19. 2 200 tweets propageant de fausses informations ont \u00e9t\u00e9 supprim\u00e9s pr\u00e9cise la soci\u00e9t\u00e9 \u00e0 TechCrunch. Ce sont 3,4 millions de comptes qui ont \u00e9t\u00e9 analys\u00e9s sur ce sujet par les syst\u00e8mes automatis\u00e9s de Twitter.\u00a0<\/p>\n<aside class=\"bg-color-0 padding-inside-all-s bloc border-s\">\n<h4 class=\"box-txt-normal\">\n<p><strong>\u00c0 d\u00e9couvrir aussi en vid\u00e9o<\/strong><\/p>\n<\/h4>\n<\/aside>\n<p>Plusieurs cas de destructions d\u2019installations d\u2019antennes-relais 5G ont \u00e9t\u00e9 rapport\u00e9es en Europe, notamment en Grande-Bretagne et aux Pays-Bas. Certains propos sur les r\u00e9seaux sociaux, font en effet le lien entre l\u2019apparition de la 5G et la propagation du Covid-19.<\/p>\n<p><strong>Source : <a href=\"https:\/\/techcrunch.com\/2020\/04\/22\/twitter-will-remove-dubious-5g-tweets-that-could-potentially-cause-harm\/\" target=\"_blank\" rel=\"noopener noreferrer\">TechCrunch<\/a><\/strong><\/p>\n<\/p><\/div>\n<p><script async src=\"http:\/\/platform.twitter.com\/widgets.js\" charset=\"utf-8\"><\/script><script>\n         !function(f,b,e,v,n,t,s){if(f.fbq)return;n=f.fbq=function()\n         {n.callMethod? n.callMethod.apply(n,arguments):n.queue.push(arguments)}\n         ;if(!f._fbq)f._fbq=n;\n             n.push=n;n.loaded=!0;n.version='2.0';n.queue=[];t=b.createElement(e);t.async=!0;\n             t.src=v;s=b.getElementsByTagName(e)[0];s.parentNode.insertBefore(t,s)}(window,\n                 document,'script','https:\/\/connect.facebook.net\/en_US\/fbevents.js');\n         fbq('init', '1065890633454496');\n         fbq('track', 'PageView');\n     <\/script><br \/>\n<br \/>[ad_2]<br \/>\n<br \/><a href=\"https:\/\/www.01net.com\/actualites\/twitter-va-supprimer-les-tweets-incitant-a-detruire-les-antennes-5g-1899206.html\">Source link <\/a><\/p>\n","protected":false},"excerpt":{"rendered":"<p>[ad_1] Twitter continue \u00e0 lutter contre les discours haineux ou complotistes. Le r\u00e9seau social a confirm\u00e9 ce 22 avril qu\u2019il &hellip; <a href=\"http:\/\/www.affinite.fr\/index.php\/2020\/04\/23\/twitter-va-supprimer-les-tweets-incitant-a-detruire-les-antennes-5g\/\" class=\"more-link\">Plus <span class=\"screen-reader-text\">Twitter va supprimer les tweets incitant \u00e0 d\u00e9truire les antennes 5G<\/span> <span class=\"meta-nav\">&rarr;<\/span><\/a><\/p>\n","protected":false},"author":1,"featured_media":2221,"comment_status":"open","ping_status":"open","sticky":false,"template":"","format":"standard","meta":{"_sitemap_exclude":false,"_sitemap_priority":"","_sitemap_frequency":"","footnotes":""},"categories":[1],"tags":[],"class_list":["post-2220","post","type-post","status-publish","format-standard","has-post-thumbnail","hentry","category-tous"],"_links":{"self":[{"href":"http:\/\/www.affinite.fr\/index.php\/wp-json\/wp\/v2\/posts\/2220"}],"collection":[{"href":"http:\/\/www.affinite.fr\/index.php\/wp-json\/wp\/v2\/posts"}],"about":[{"href":"http:\/\/www.affinite.fr\/index.php\/wp-json\/wp\/v2\/types\/post"}],"author":[{"embeddable":true,"href":"http:\/\/www.affinite.fr\/index.php\/wp-json\/wp\/v2\/users\/1"}],"replies":[{"embeddable":true,"href":"http:\/\/www.affinite.fr\/index.php\/wp-json\/wp\/v2\/comments?post=2220"}],"version-history":[{"count":0,"href":"http:\/\/www.affinite.fr\/index.php\/wp-json\/wp\/v2\/posts\/2220\/revisions"}],"wp:featuredmedia":[{"embeddable":true,"href":"http:\/\/www.affinite.fr\/index.php\/wp-json\/wp\/v2\/media\/2221"}],"wp:attachment":[{"href":"http:\/\/www.affinite.fr\/index.php\/wp-json\/wp\/v2\/media?parent=2220"}],"wp:term":[{"taxonomy":"category","embeddable":true,"href":"http:\/\/www.affinite.fr\/index.php\/wp-json\/wp\/v2\/categories?post=2220"},{"taxonomy":"post_tag","embeddable":true,"href":"http:\/\/www.affinite.fr\/index.php\/wp-json\/wp\/v2\/tags?post=2220"}],"curies":[{"name":"wp","href":"https:\/\/api.w.org\/{rel}","templated":true}]}}