{"id":2216,"date":"2020-04-23T16:43:59","date_gmt":"2020-04-23T16:43:59","guid":{"rendered":"https:\/\/www.affinite.fr\/index.php\/2020\/04\/23\/cinq-claviers-pour-transformer-votre-ipad-en-ordinateur-portable\/"},"modified":"2020-04-23T16:43:59","modified_gmt":"2020-04-23T16:43:59","slug":"cinq-claviers-pour-transformer-votre-ipad-en-ordinateur-portable","status":"publish","type":"post","link":"http:\/\/www.affinite.fr\/index.php\/2020\/04\/23\/cinq-claviers-pour-transformer-votre-ipad-en-ordinateur-portable\/","title":{"rendered":"Cinq claviers pour transformer votre iPad en ordinateur portable"},"content":{"rendered":"<p> [ad_1]<br \/>\n<\/p>\n<div itemprop=\"articleBody\">\n<p>Apple vient de lancer son <a href=\"https:\/\/www.01net.com\/actualites\/on-a-essaye-le-magic-keyboard-d-apple-l-accessoire-qui-veut-transformer-l-ipad-pro-en-pc-portable-1896522.html\" target=\"_blank\" rel=\"noopener noreferrer\">Magic Keyboard pour iPad Pro<\/a>. Ce clavier avec pav\u00e9 tactile est tr\u00e8s bien con\u00e7u, mais aussi tr\u00e8s cher. Il co\u00fbte 399 euros pour le mod\u00e8le 12,9 pouces et 339 euros pour le mod\u00e8le 11 pouces. Existe-t-il des alternatives\u00a0? Si vous d\u00e9sirez obligatoirement un clavier avec pav\u00e9 tactile, le choix est tr\u00e8s limit\u00e9. Citons le Combo Touch de Logitech (149 euros) et le Brydge Pro+ (environ 250 euros). Ces mod\u00e8les sont h\u00e9las difficiles \u00e0 trouver et peuvent ne pas disposer d\u2019une configuration des touches pour la France.<\/p>\n<p>En revanche, le choix est nettement plus \u00e9tendu pour les claviers sans pav\u00e9 tactile. La majorit\u00e9 des mod\u00e8les fonctionnent sans fil et communiquent avec l&rsquo;iPad par une interface Bluetooth. Cela implique la pr\u00e9sence d&rsquo;une batterie dans le clavier qu&rsquo;il faudra penser \u00e0 recharger r\u00e9guli\u00e8rement.<\/p>\n<p>Nous avons s\u00e9lectionn\u00e9 cinq mod\u00e8les pour la tablette d&rsquo;Apple\u00a0:<\/p>\n<h3 style=\"color:#333; font-family:arial,helvetica,sans-serif; font-size:23px; font-weight:700\">Clavier \u00e9tui ELTD<\/h3>\n<figure class=\"figure text-center\"><img decoding=\"async\" class=\"article-img img-responsive-l\" src=\"https:\/\/img.bfmtv.com\/c\/0\/708\/6a6\/7d04550669a49ccf9a1de17631542.jpg\" alt=\"\"\/><figcaption class=\"figure-caption figcaption color-txt-0 title-xs hidden-xs\"\/><\/figure>\n<p>Ce mod\u00e8le Bluetooth \u00e0 petit prix offre trois niveaux d&rsquo;inclinaison\u00a0diff\u00e9rents\u00a0pour la tablette et son clavier b\u00e9n\u00e9ficie d\u2019un r\u00e9tro\u00e9clairage. Propos\u00e9 pour iPad 10,2 pouces 2019, iPad 9,7 pouces 2017\/2018, iPad Pro 10,5 pouces 2017, iPad Pro 11 pouces 2018 et iPad Air 10,5 pouces 2019.<\/p>\n<p><strong>Connexion <\/strong>: Bluetooth<br \/><strong>Etui pour la tablette<\/strong>\u00a0: oui<br \/><strong>Touches r\u00e9tro\u00e9clair\u00e9es<\/strong> : oui<br \/><strong>Autonomie annonc\u00e9e<\/strong> : 60 heures<br \/><strong>Poids <\/strong>: 400 g<br \/><strong>Prix\u00a0<\/strong>: environ 35 euros.<\/p>\n<p><a href=\"https:\/\/amzn.to\/2VOg0bg\" target=\"_blank\" rel=\"noopener noreferrer\">Achetez le\u00a0clavier \u00e9tui ELTD ici.<\/a><\/p>\n<h3 style=\"color:#333; font-family:arial,helvetica,sans-serif; font-size:23px; font-weight:700\">Belkin QODE Ultimate Lite<\/h3>\n<figure class=\"figure text-center\"><img decoding=\"async\" class=\"article-img img-responsive-l\" src=\"https:\/\/img.bfmtv.com\/c\/0\/708\/ef8\/efc6d95da66f87c6777116c926333.jpg\" alt=\"\"\/><figcaption class=\"figure-caption figcaption color-txt-0 title-xs hidden-xs\"\/><\/figure>\n<p>Bluetooth \u00e9galement, ce clavier\u00a0offre une position m\u00e9dia pour regarder des films et une position saisie pour taper du texte. Il s\u2019active et se d\u00e9sactive automatiquement. Sa batterie offre 6 mois d\u2019autonomie (avec une utilisation de 2 heures par jour). Disponible pour iPad Pro 9,7 pouces, l\u2019iPad 9,7 pouces 2018 et l\u2019iPad Air 2.<\/p>\n<p><strong>Connexion <\/strong>: Bluetooth<br \/><strong>Etui pour la tablette<\/strong>\u00a0: oui<br \/><strong>Touches r\u00e9tro\u00e9clair\u00e9es<\/strong> : non<br \/><strong>Autonomie annonc\u00e9e<\/strong> : 6 mois<br \/><strong>Poids <\/strong>: 365 g<br \/><strong>Prix\u00a0<\/strong>: environ 90 euros.<\/p>\n<p><a href=\"https:\/\/amzn.to\/2RZihiW\" target=\"_blank\" rel=\"noopener noreferrer\">Achetez le\u00a0Belkin QODE Ultimate Lite ici.<\/a><\/p>\n<h3 style=\"color:#333; font-family:arial,helvetica,sans-serif; font-size:23px; font-weight:700\">Logitech Slim Combo<\/h3>\n<figure class=\"figure text-center\"><img decoding=\"async\" class=\"article-img img-responsive-l\" src=\"https:\/\/img.bfmtv.com\/c\/0\/708\/8e7\/5c64c20e7ec5e95bff136c784e03b.jpg\" alt=\"\"\/><figcaption class=\"figure-caption figcaption color-txt-0 title-xs hidden-xs\"\/><\/figure>\n<p>Un \u00e9tui avec clavier d\u00e9tachable, qui b\u00e9n\u00e9ficie d\u2019un repose-mains repliable. L\u2019angle de vision de la tablette peut \u00eatre r\u00e9gl\u00e9 avec une plage de 40 degr\u00e9s. Les touches sont r\u00e9tro-\u00e9clair\u00e9es et le clavier comporte des raccourcis iOS. La version iPad fonctionne en BLuetooth et\u00a0offre jusqu\u2019\u00e0 3 mois d\u2019autonomie. La version iPad Pro utilise le Smart Connector de la tablette d&rsquo;Apple. Le support b\u00e9n\u00e9ficie d&rsquo;un rangement pour l&rsquo;Apple Pencil. Disponibles dans des versions pour l\u2019iPad Pro 10,5 et 12,9 pouces (1 er et 2 \u00e8me g\u00e9n\u00e9ration), l\u2019iPad (5 \u00e8me et 6 \u00e8me g\u00e9n\u00e9ration), ainsi que pour L\u2019iPad Air (3 \u00e8me g\u00e9n\u00e9ration).<\/p>\n<p><strong>Connexion <\/strong>: Bluetooth (version iPad) ou Smart Connector (version iPad Pro)<br \/><strong>Etui pour la tablette<\/strong>\u00a0: oui<br \/><strong>Touches r\u00e9tro\u00e9clair\u00e9es<\/strong> : oui<br \/><strong>Autonomie annonc\u00e9e<\/strong> : 3 mois (version iPad)<br \/><strong>Poids <\/strong>: 490 \u00e0 640 g<br \/><strong>Prix\u00a0<\/strong>: \u00e0 partir de 119 euros.<\/p>\n<p><a href=\"https:\/\/amzn.to\/2XV4DRI\" target=\"_blank\" rel=\"noopener noreferrer\">Achetez le\u00a0Logitech Slim Combo ici.<\/a><\/p>\n<h3 style=\"color:#333; font-family:arial,helvetica,sans-serif; font-size:23px; font-weight:700\">Logitech Slim Folio<\/h3>\n<figure class=\"figure text-center\"><img decoding=\"async\" class=\"article-img img-responsive-l\" src=\"https:\/\/img.bfmtv.com\/c\/0\/708\/70875\/49379ad818dc4f8357a1c32fbdd.jpg\" alt=\"\"\/><figcaption class=\"figure-caption figcaption color-txt-0 title-xs hidden-xs\"\/><\/figure>\n<p>Ce clavier Bluetooth est dot\u00e9 de grandes touches bien espac\u00e9es, de touches de raccourcis iOS et d\u2019un r\u00e9tro\u00e9clairage. L\u2019\u00e9tui b\u00e9n\u00e9ficie d\u2019une fermeture aimant\u00e9e et d\u2019un espace de rangement pour l\u2019Apple Pencil. Propos\u00e9 pour l\u2019iPad Pro 12,9 pouces et l\u2019iPad Pro 11 pouces de troisi\u00e8me g\u00e9n\u00e9ration.<\/p>\n<p><strong>Connexion <\/strong>: Bluetooth<br \/><strong>Etui pour la tablette<\/strong>\u00a0: oui<br \/><strong>Touches r\u00e9tro\u00e9clair\u00e9es<\/strong> : oui<br \/><strong>Autonomie annonc\u00e9e<\/strong> : 3 mois<br \/><strong>Poids <\/strong>: 552 \u00e0 707 g<br \/><strong>Prix\u00a0<\/strong>: \u00e0 partir de 120 euros.<\/p>\n<p><a href=\"https:\/\/amzn.to\/3eGRpOo\" target=\"_blank\" rel=\"noopener noreferrer\">Achetez le\u00a0Logitech Slim Folio ici.<\/a><\/p>\n<h3 style=\"color:#333; font-family:arial,helvetica,sans-serif; font-size:23px; font-weight:700\">Brydge 9.7 Bluetooth<\/h3>\n<figure class=\"figure text-center\"><img decoding=\"async\" class=\"article-img img-responsive-l\" src=\"https:\/\/img.bfmtv.com\/c\/0\/708\/d9d\/d0cb97bdac7c28ce374f3bfa0ec34.jpg\" alt=\"\"\/><figcaption class=\"figure-caption figcaption color-txt-0 title-xs hidden-xs\"\/><\/figure>\n<p>Le mod\u00e8le Bluetooth de ce constructeur r\u00e9put\u00e9 dispose d\u2019un corps en aluminium avec des charni\u00e8res pour fixer la tablette, d\u2019un r\u00e9tro\u00e9clairage et de touches de raccourcis iOS. Il est compatible avec l\u2019iPad 2017\/2018\/2019, l\u2019iPad Pro 9,7 pouces, ainsi que les iPad Air 1 et Air 2.<\/p>\n<p><strong>Connexion <\/strong>: Bluetooth<br \/><strong>Etui pour la tablette<\/strong>\u00a0: non<br \/><strong>Touches r\u00e9tro\u00e9clair\u00e9es<\/strong> : oui<br \/><strong>Autonomie annonc\u00e9e<\/strong> : 3 mois<br \/><strong>Poids <\/strong>: 480 g<\/p>\n<p><strong>Prix\u00a0<\/strong>: environ 110\u00a0euros.<\/p>\n<p><a href=\"https:\/\/www.macway.com\/brydge-97-argent-clavier-azerty-pour-ipad-2018-2017-pro-97-air-2-air\/p1198549\" target=\"_blank\" rel=\"noopener noreferrer\">Achetez le\u00a0Brydge 9.7 Clavier Bluetooth ici.<\/a><\/p>\n<aside class=\"bg-color-0 padding-inside-all-s bloc border-s\">\n<h4 class=\"box-txt-normal\">\n<p><strong>A d\u00e9couvrir aussi en vid\u00e9o :<\/strong><\/p>\n<\/h4>\n<\/aside>\n<p>Lors de l&rsquo;achat,\u00a0<span style=\"color:inherit\">il faut bien v\u00e9rifier si votre mod\u00e8le d\u2019iPad est compatible, en particulier pour les mod\u00e8les avec coque ou \u00e9tui de protection, ainsi que la disposition des touches (AZERTY ou QWERTY).<\/span><\/p>\n<p><a href=\"https:\/\/www.01net.com\/bons-plans\/\">Retrouvez tous les bons plans high-tech s\u00e9lectionn\u00e9s par 01net.com sur notre page d\u00e9di\u00e9e.<\/a><\/p>\n<p><em>Cet article est une s\u00e9lection r\u00e9alis\u00e9e par l\u2019\u00e9quipe de 01net.com, en toute ind\u00e9pendance. Il est toutefois possible que ce contenu propose un lien d\u2019affiliation. Si vous cliquez sur ce lien, l\u2019e-commer\u00e7ant peut nous reverser une commission. Pour vous, rien ne change !<\/em><\/p>\n<\/p><\/div>\n<p><script>\n         !function(f,b,e,v,n,t,s){if(f.fbq)return;n=f.fbq=function()\n         {n.callMethod? n.callMethod.apply(n,arguments):n.queue.push(arguments)}\n         ;if(!f._fbq)f._fbq=n;\n             n.push=n;n.loaded=!0;n.version='2.0';n.queue=[];t=b.createElement(e);t.async=!0;\n             t.src=v;s=b.getElementsByTagName(e)[0];s.parentNode.insertBefore(t,s)}(window,\n                 document,'script','https:\/\/connect.facebook.net\/en_US\/fbevents.js');\n         fbq('init', '1065890633454496');\n         fbq('track', 'PageView');\n     <\/script><br \/>\n<br \/>[ad_2]<br \/>\n<br \/><a href=\"https:\/\/www.01net.com\/actualites\/cinq-claviers-pour-transformer-votre-ipad-en-ordinateur-portable-1898713.html\">Source link <\/a><\/p>\n","protected":false},"excerpt":{"rendered":"<p>[ad_1] Apple vient de lancer son Magic Keyboard pour iPad Pro. Ce clavier avec pav\u00e9 tactile est tr\u00e8s bien con\u00e7u, &hellip; <a href=\"http:\/\/www.affinite.fr\/index.php\/2020\/04\/23\/cinq-claviers-pour-transformer-votre-ipad-en-ordinateur-portable\/\" class=\"more-link\">Plus <span class=\"screen-reader-text\">Cinq claviers pour transformer votre iPad en ordinateur portable<\/span> <span class=\"meta-nav\">&rarr;<\/span><\/a><\/p>\n","protected":false},"author":1,"featured_media":2217,"comment_status":"open","ping_status":"open","sticky":false,"template":"","format":"standard","meta":{"_sitemap_exclude":false,"_sitemap_priority":"","_sitemap_frequency":"","footnotes":""},"categories":[1],"tags":[],"class_list":["post-2216","post","type-post","status-publish","format-standard","has-post-thumbnail","hentry","category-tous"],"_links":{"self":[{"href":"http:\/\/www.affinite.fr\/index.php\/wp-json\/wp\/v2\/posts\/2216"}],"collection":[{"href":"http:\/\/www.affinite.fr\/index.php\/wp-json\/wp\/v2\/posts"}],"about":[{"href":"http:\/\/www.affinite.fr\/index.php\/wp-json\/wp\/v2\/types\/post"}],"author":[{"embeddable":true,"href":"http:\/\/www.affinite.fr\/index.php\/wp-json\/wp\/v2\/users\/1"}],"replies":[{"embeddable":true,"href":"http:\/\/www.affinite.fr\/index.php\/wp-json\/wp\/v2\/comments?post=2216"}],"version-history":[{"count":0,"href":"http:\/\/www.affinite.fr\/index.php\/wp-json\/wp\/v2\/posts\/2216\/revisions"}],"wp:featuredmedia":[{"embeddable":true,"href":"http:\/\/www.affinite.fr\/index.php\/wp-json\/wp\/v2\/media\/2217"}],"wp:attachment":[{"href":"http:\/\/www.affinite.fr\/index.php\/wp-json\/wp\/v2\/media?parent=2216"}],"wp:term":[{"taxonomy":"category","embeddable":true,"href":"http:\/\/www.affinite.fr\/index.php\/wp-json\/wp\/v2\/categories?post=2216"},{"taxonomy":"post_tag","embeddable":true,"href":"http:\/\/www.affinite.fr\/index.php\/wp-json\/wp\/v2\/tags?post=2216"}],"curies":[{"name":"wp","href":"https:\/\/api.w.org\/{rel}","templated":true}]}}