{"id":2207,"date":"2020-04-23T12:27:57","date_gmt":"2020-04-23T12:27:57","guid":{"rendered":"https:\/\/www.affinite.fr\/index.php\/2020\/04\/23\/serait-ce-le-logo-officiel-de-la-xbox-series-x\/"},"modified":"2020-04-23T12:27:57","modified_gmt":"2020-04-23T12:27:57","slug":"serait-ce-le-logo-officiel-de-la-xbox-series-x","status":"publish","type":"post","link":"http:\/\/www.affinite.fr\/index.php\/2020\/04\/23\/serait-ce-le-logo-officiel-de-la-xbox-series-x\/","title":{"rendered":"Serait-ce le logo officiel de la Xbox Series X ?"},"content":{"rendered":"<p> [ad_1]<br \/>\n<\/p>\n<div itemprop=\"articleBody\">\n<p>                Noir et blanc. Le potentiel logo officiel de <a href=\"https:\/\/www.01net.com\/actualite\/xbox-series-x\/\" target=\"_blank\" rel=\"noopener noreferrer\">la Xbox Series X<\/a> serait-il celui que des utilisateurs de <em>Reddit<\/em> ont exhum\u00e9 sur le site <em>Justia Trademarks<\/em> et non celui que Microsoft utilise dans ses pr\u00e9sentations pour le moment ? Myst\u00e8re.<\/p>\n<figure class=\"figure text-center\"><img decoding=\"async\" class=\"article-img img-responsive-l\" src=\"https:\/\/img.bfmtv.com\/c\/0\/708\/6fd\/da2dbd2994e89e68c63c733e3e063.jpg\" alt=\"\"\/><figcaption class=\"figure-caption figcaption color-txt-0 title-xs hidden-xs\"\/><\/figure>\n<p>                En tout cas, une chose est s\u00fbre, Microsoft l&rsquo;a d\u00e9pos\u00e9 le 16 avril dernier et il est en attente de validation par les autorit\u00e9s comp\u00e9tentes. Il est bien plus futuriste et a\u00e9rien que ne l&rsquo;est l&rsquo;actuel, tout rond et dans la droite ligne des actuelles armoiries de la console Microsoft (ci-dessous).<\/p>\n<figure class=\"figure text-center\"><img decoding=\"async\" class=\"article-img img-responsive-l\" src=\"https:\/\/img.bfmtv.com\/c\/0\/708\/30839\/ef75e09e5dc9c568299c8c0a128.jpg\" alt=\"\"\/><figcaption class=\"figure-caption figcaption color-txt-0 title-xs hidden-xs\"\/><\/figure>\n<p>Dans le d\u00e9tail du d\u00e9p\u00f4t, on peut lire qu&rsquo;il serait appos\u00e9 sur un nombre impressionnant de v\u00eatements, sacs et objets en tous genres. Sans oublier des bo\u00eetes de consoles de jeux et des coffrets en plastique, sans doute des bo\u00eetes de jeux.<\/p>\n<p><strong>Sources : <\/strong><a href=\"https:\/\/trademarks.justia.com\/888\/75\/series-88875546.html\" target=\"_blank\" rel=\"noopener noreferrer\">JT<\/a> et <a href=\"https:\/\/www.reddit.com\/r\/XboxSeriesX\/comments\/g5tdt8\/new_xbox_series_x_logo_trademarked_from_microsoft\" target=\"_blank\" rel=\"noopener noreferrer\">Reddit<\/a><\/p>\n<\/p><\/div>\n<p><script>\n         !function(f,b,e,v,n,t,s){if(f.fbq)return;n=f.fbq=function()\n         {n.callMethod? n.callMethod.apply(n,arguments):n.queue.push(arguments)}\n         ;if(!f._fbq)f._fbq=n;\n             n.push=n;n.loaded=!0;n.version='2.0';n.queue=[];t=b.createElement(e);t.async=!0;\n             t.src=v;s=b.getElementsByTagName(e)[0];s.parentNode.insertBefore(t,s)}(window,\n                 document,'script','https:\/\/connect.facebook.net\/en_US\/fbevents.js');\n         fbq('init', '1065890633454496');\n         fbq('track', 'PageView');\n     <\/script><br \/>\n<br \/>[ad_2]<br \/>\n<br \/><a href=\"https:\/\/www.01net.com\/actualites\/serait-ce-le-logo-officiel-de-la-xbox-series-x-1899241.html\">Source link <\/a><\/p>\n","protected":false},"excerpt":{"rendered":"<p>[ad_1] Noir et blanc. Le potentiel logo officiel de la Xbox Series X serait-il celui que des utilisateurs de Reddit &hellip; <a href=\"http:\/\/www.affinite.fr\/index.php\/2020\/04\/23\/serait-ce-le-logo-officiel-de-la-xbox-series-x\/\" class=\"more-link\">Plus <span class=\"screen-reader-text\">Serait-ce le logo officiel de la Xbox Series X ?<\/span> <span class=\"meta-nav\">&rarr;<\/span><\/a><\/p>\n","protected":false},"author":1,"featured_media":2208,"comment_status":"open","ping_status":"open","sticky":false,"template":"","format":"standard","meta":{"_sitemap_exclude":false,"_sitemap_priority":"","_sitemap_frequency":"","footnotes":""},"categories":[1],"tags":[],"class_list":["post-2207","post","type-post","status-publish","format-standard","has-post-thumbnail","hentry","category-tous"],"_links":{"self":[{"href":"http:\/\/www.affinite.fr\/index.php\/wp-json\/wp\/v2\/posts\/2207"}],"collection":[{"href":"http:\/\/www.affinite.fr\/index.php\/wp-json\/wp\/v2\/posts"}],"about":[{"href":"http:\/\/www.affinite.fr\/index.php\/wp-json\/wp\/v2\/types\/post"}],"author":[{"embeddable":true,"href":"http:\/\/www.affinite.fr\/index.php\/wp-json\/wp\/v2\/users\/1"}],"replies":[{"embeddable":true,"href":"http:\/\/www.affinite.fr\/index.php\/wp-json\/wp\/v2\/comments?post=2207"}],"version-history":[{"count":0,"href":"http:\/\/www.affinite.fr\/index.php\/wp-json\/wp\/v2\/posts\/2207\/revisions"}],"wp:featuredmedia":[{"embeddable":true,"href":"http:\/\/www.affinite.fr\/index.php\/wp-json\/wp\/v2\/media\/2208"}],"wp:attachment":[{"href":"http:\/\/www.affinite.fr\/index.php\/wp-json\/wp\/v2\/media?parent=2207"}],"wp:term":[{"taxonomy":"category","embeddable":true,"href":"http:\/\/www.affinite.fr\/index.php\/wp-json\/wp\/v2\/categories?post=2207"},{"taxonomy":"post_tag","embeddable":true,"href":"http:\/\/www.affinite.fr\/index.php\/wp-json\/wp\/v2\/tags?post=2207"}],"curies":[{"name":"wp","href":"https:\/\/api.w.org\/{rel}","templated":true}]}}