{"id":2175,"date":"2020-04-22T20:35:20","date_gmt":"2020-04-22T20:35:20","guid":{"rendered":"https:\/\/www.affinite.fr\/index.php\/2020\/04\/22\/participez-a-une-etude-sur-les-symptomes-du-virus-depuis-votre-fil-dactualite-facebook\/"},"modified":"2020-04-22T20:35:20","modified_gmt":"2020-04-22T20:35:20","slug":"participez-a-une-etude-sur-les-symptomes-du-virus-depuis-votre-fil-dactualite-facebook","status":"publish","type":"post","link":"http:\/\/www.affinite.fr\/index.php\/2020\/04\/22\/participez-a-une-etude-sur-les-symptomes-du-virus-depuis-votre-fil-dactualite-facebook\/","title":{"rendered":"participez \u00e0 une \u00e9tude sur les sympt\u00f4mes du virus depuis votre fil d&rsquo;actualit\u00e9 Facebook"},"content":{"rendered":"<p> [ad_1]<br \/>\n<\/p>\n<div itemprop=\"articleBody\">\n<p><a href=\"https:\/\/www.01net.com\/actualites\/pourquoi-facebook-veut-savoir-si-vous-avez-les-symptomes-du-covid-19-1896604.html\" target=\"_blank\" rel=\"noopener noreferrer\">Pourquoi Facebook veut savoir si vous avez des sympt\u00f4mes du Covid-19 <\/a>?Avec plus de 2,4 milliards d&rsquo;utilisateurs journaliers, le r\u00e9seau social vient de lancer une vaste op\u00e9ration de communication pour inciter ceux qui pr\u00e9sentent des signes de contamination du virus \u00e0 en faire part aux scientifiques.<br \/>L&rsquo;id\u00e9e est de\u00a0\u00ab <em>mettre \u00e0 disposition des organismes de recherche des outils et des ensembles de donn\u00e9es agr\u00e9g\u00e9es et anonymis\u00e9es<\/em> \u00bb.<br \/>Apr\u00e8s l&rsquo;avoir lanc\u00e9 aux \u00c9tats-Unis, le groupe d\u00e9ploie, \u00e0 partir d&rsquo;aujourd&rsquo;hui,\u00a0le dispositif sur tous les fils d&rsquo;actualit\u00e9\u00a0des Fran\u00e7ais de plus de 18 ans.<\/p>\n<figure class=\"figure text-center\"><img decoding=\"async\" class=\"article-img img-responsive-l\" src=\"https:\/\/img.bfmtv.com\/c\/0\/708\/a27\/75873b1b476985e5697ba0003aecc.png\" alt=\"Etude sur les sympto\u0302mes du COVID-19 - Franc\u0327ais.png\"\/><figcaption class=\"figure-caption figcaption color-txt-0 title-xs hidden-xs\">\n                                    Facebook<br \/>\n                                                    &#8211;<br \/>\n                            <\/figcaption><\/figure>\n<h3 style=\"color:#333; font-family:arial,helvetica,sans-serif; font-size:23px; font-weight:700\">Data for Good<\/h3>\n<p>Ce module d&rsquo;information mis en avant dans votre fil d&rsquo;actualit\u00e9\u00a0fait partie du programme\u00a0<em>Data for Good<\/em>\u00a0de Facebook qui d\u00e9veloppe \u00e0 la fois les supports de traitement de donn\u00e9es et encourage\u00a0leur\u00a0collecte.\u00a0\u00a0<\/p>\n<blockquote>\n<p>\u00ab\u00a0<em>Face \u00e0 la crise du coronavirus, il est n\u00e9cessaire pour les chercheurs \u00e0 travers le monde de disposer de donn\u00e9es pertinentes pour mieux comprendre et anticiper la propagation de la maladie, et ainsi \u00e9clairer les d\u00e9cisions des autorit\u00e9s sanitaires et publiques<\/em>\u00a0\u00bb, explique\u00a0le communiqu\u00e9.\u00a0<\/p>\n<\/blockquote>\n<p>En France, dans\u00a0le cadre de ce programme, Facebook a \u00e9tabli un partenariat avec l\u2019Universit\u00e9 PSL (Paris Sciences &amp; Lettres)\u00a0qui regroupe 11 \u00e9tablissements\u00a0et trois\u00a0organismes de recherche : le Centre national de recherche scientifique (CNRS), l&rsquo;Institut national de recherche en informatique et automatique\u00a0(Inria) et l&rsquo;Institut national de la sant\u00e9 et de la recherche m\u00e9dicale (Inserm).<\/p>\n<aside class=\"bg-color-0 padding-inside-all-s bloc border-s\">\n<h4 class=\"box-txt-normal\">\n<p><strong>\u00c0 d\u00e9couvrir aussi en vid\u00e9o<\/strong><\/p>\n<\/h4>\n<\/aside>\n<h3 style=\"color:#333; font-family:arial,helvetica,sans-serif; font-size:23px; font-weight:700\">Un vase non-communicant<\/h3>\n<p>Le r\u00e9seau social met en avant via un module d&rsquo;information le lien vers l&rsquo;\u00e9tude mais ne participe pas directement \u00e0 l&rsquo;\u00e9tude :\u00a0<\/p>\n<blockquote>\n<p>\u00ab <em>Le protocole garantit\u00a0la protection des donn\u00e9es des utilisateurs puisque Facebook ne partage aucune donn\u00e9e identifiante <\/em>[<em>avec<\/em> les universit\u00e9s ou instituts de recherche, NDLR]\u00a0<em>qui ne partagent pas avec Facebook les r\u00e9ponses individuelles des utilisateurs \u00e0 ce sondage qui sera men\u00e9 sur une plate-forme tierce.\u00a0Seules des donn\u00e9es agr\u00e9g\u00e9es et anonymis\u00e9es ne permettant aucune r\u00e9-identification seront rendues publiques par les chercheurs de cette universit\u00e9, librement accessibles \u00e0 tous, donc\u00a0\u00e0 Facebook <\/em>\u00bb, assure le communiqu\u00e9.\u00a0<\/p>\n<\/blockquote>\n<p>L&rsquo;initiative s&rsquo;inscrit dans le cadre d&rsquo;une\u00a0enqu\u00eate men\u00e9e au cours des deux derni\u00e8res semaines par le\u00a0centre de recherche Delphi de l&rsquo;Universit\u00e9 Carnegie Mellon aux \u00c9tats-Unis. Les r\u00e9sultats\u00a0jug\u00e9s \u00ab <em>prometteurs<\/em> \u00bb par Mark Zuckerberg\u00a0ont permis\u00a0\u00e0 Facebook de publier\u00a0une <a href=\"https:\/\/covid-survey.dataforgood.fb.com\/\" target=\"_blank\" rel=\"noopener noreferrer\">carte interactive\u00a0<\/a>\u00e0 l&rsquo;\u00e9chelle des comt\u00e9s\u00a0sur la probabilit\u00e9 de la contagion sur le territoire am\u00e9ricain.\u00a0<\/p>\n<p><strong>Source<\/strong> : <a href=\"https:\/\/about.fb.com\/fr\/news\/2020\/04\/de-nouveaux-outils-pour-aider-les-chercheurs-en-sante-a-suivre-et-a-combattre-la-covid-19\/\" target=\"_blank\" rel=\"noopener noreferrer\">Facebook<\/a>\u00a0<\/p>\n<\/p><\/div>\n<p><script>\n         !function(f,b,e,v,n,t,s){if(f.fbq)return;n=f.fbq=function()\n         {n.callMethod? n.callMethod.apply(n,arguments):n.queue.push(arguments)}\n         ;if(!f._fbq)f._fbq=n;\n             n.push=n;n.loaded=!0;n.version='2.0';n.queue=[];t=b.createElement(e);t.async=!0;\n             t.src=v;s=b.getElementsByTagName(e)[0];s.parentNode.insertBefore(t,s)}(window,\n                 document,'script','https:\/\/connect.facebook.net\/en_US\/fbevents.js');\n         fbq('init', '1065890633454496');\n         fbq('track', 'PageView');\n     <\/script><br \/>\n<br \/>[ad_2]<br \/>\n<br \/><a href=\"https:\/\/www.01net.com\/actualites\/covid-19-participez-a-une-etude-sur-les-symptomes-du-virus-depuis-votre-fil-d-actualite-facebook-1898974.html\">Source link <\/a><\/p>\n","protected":false},"excerpt":{"rendered":"<p>[ad_1] Pourquoi Facebook veut savoir si vous avez des sympt\u00f4mes du Covid-19 ?Avec plus de 2,4 milliards d&rsquo;utilisateurs journaliers, le &hellip; <a href=\"http:\/\/www.affinite.fr\/index.php\/2020\/04\/22\/participez-a-une-etude-sur-les-symptomes-du-virus-depuis-votre-fil-dactualite-facebook\/\" class=\"more-link\">Plus <span class=\"screen-reader-text\">participez \u00e0 une \u00e9tude sur les sympt\u00f4mes du virus depuis votre fil d&rsquo;actualit\u00e9 Facebook<\/span> <span class=\"meta-nav\">&rarr;<\/span><\/a><\/p>\n","protected":false},"author":1,"featured_media":2176,"comment_status":"open","ping_status":"open","sticky":false,"template":"","format":"standard","meta":{"_sitemap_exclude":false,"_sitemap_priority":"","_sitemap_frequency":"","footnotes":""},"categories":[1],"tags":[],"class_list":["post-2175","post","type-post","status-publish","format-standard","has-post-thumbnail","hentry","category-tous"],"_links":{"self":[{"href":"http:\/\/www.affinite.fr\/index.php\/wp-json\/wp\/v2\/posts\/2175"}],"collection":[{"href":"http:\/\/www.affinite.fr\/index.php\/wp-json\/wp\/v2\/posts"}],"about":[{"href":"http:\/\/www.affinite.fr\/index.php\/wp-json\/wp\/v2\/types\/post"}],"author":[{"embeddable":true,"href":"http:\/\/www.affinite.fr\/index.php\/wp-json\/wp\/v2\/users\/1"}],"replies":[{"embeddable":true,"href":"http:\/\/www.affinite.fr\/index.php\/wp-json\/wp\/v2\/comments?post=2175"}],"version-history":[{"count":0,"href":"http:\/\/www.affinite.fr\/index.php\/wp-json\/wp\/v2\/posts\/2175\/revisions"}],"wp:featuredmedia":[{"embeddable":true,"href":"http:\/\/www.affinite.fr\/index.php\/wp-json\/wp\/v2\/media\/2176"}],"wp:attachment":[{"href":"http:\/\/www.affinite.fr\/index.php\/wp-json\/wp\/v2\/media?parent=2175"}],"wp:term":[{"taxonomy":"category","embeddable":true,"href":"http:\/\/www.affinite.fr\/index.php\/wp-json\/wp\/v2\/categories?post=2175"},{"taxonomy":"post_tag","embeddable":true,"href":"http:\/\/www.affinite.fr\/index.php\/wp-json\/wp\/v2\/tags?post=2175"}],"curies":[{"name":"wp","href":"https:\/\/api.w.org\/{rel}","templated":true}]}}