{"id":2169,"date":"2020-04-22T17:21:22","date_gmt":"2020-04-22T17:21:22","guid":{"rendered":"https:\/\/www.affinite.fr\/index.php\/2020\/04\/22\/son-lancement-en-septembre-semble-de-plus-en-plus-compromis\/"},"modified":"2020-04-22T17:21:22","modified_gmt":"2020-04-22T17:21:22","slug":"son-lancement-en-septembre-semble-de-plus-en-plus-compromis","status":"publish","type":"post","link":"http:\/\/www.affinite.fr\/index.php\/2020\/04\/22\/son-lancement-en-septembre-semble-de-plus-en-plus-compromis\/","title":{"rendered":"son lancement en septembre semble de plus en plus compromis"},"content":{"rendered":"<p> [ad_1]<br \/>\n<br \/><img decoding=\"async\" src=\"https:\/\/img.bfmtv.com\/i\/0\/0\/596\/c4525ca86ab70cae2813e8b93f448.jpg\" \/><\/p>\n<div itemprop=\"articleBody\">\n<p>Septembre approche, et avec lui l\u2019automne et l\u2019arriv\u00e9e traditionnelle des nouveaux iPhone. Si <a href=\"https:\/\/www.01net.com\/actualites\/apple-pourrait-repousser-le-lancement-de-ses-iphone-5g-a-2021-1882387.html\">des sources internes \u00e0 Apple<\/a> ont d\u00e9j\u00e0 laiss\u00e9 entendre que ces iPhone pourraient \u00eatre repouss\u00e9s de plusieurs mois, il semble effectivement que la production de ces smartphones rencontre quelques soucis.<\/p>\n<h3 style=\"color:#333;font-family:arial,helvetica,sans-serif;font-size:23px;font-weight:700;\"><strong>De nouveaux processus et des retards\u2026<\/strong><\/h3>\n<p>Selon Ming-Chi Kuo, analyste tr\u00e8s inform\u00e9 des faits et gestes d\u2019Apple, l\u2019entreprise am\u00e9ricaine a commenc\u00e9 le processus de qualification pour ces iPhone \u00e0 distance, puisque ses ing\u00e9nieurs ne peuvent pas se rendre en Chine. Cela implique davantage de d\u00e9l\u00e9gation de t\u00e2ches aux employ\u00e9s locaux. Une nouvelle m\u00e9thode et des aller-retours, qui ont d\u00e9j\u00e0 provoqu\u00e9 un retard d\u2019un mois dans les v\u00e9rifications techniques.<\/p>\n<p>Ming-Chi Kuo, qui indiquait, il y a quelques mois, que cette nouvelle gamme comporterait quatre mod\u00e8les tous 5G, pr\u00e9cise que la production de masse ne pourrait commencer faiblement qu\u2019\u00e0 l\u2019automne.<br \/>Les mod\u00e8les d\u2019iPhone 5,4 et 6,1 pouces franchiraient ce cap en septembre prochain, tandis que le mod\u00e8le 6,7 pouces devrait attendre jusqu\u2019en octobre pour \u00eatre produit en masse, car il est le plus \u00ab\u00a0compliqu\u00e9\u00a0\u00bb \u00e0 assembler.<\/p>\n<p>En plus de ces retards dans les \u00e9tapes classiques de d\u00e9veloppement, Apple aurait \u00e9galement revu le design des antennes 5G millim\u00e9triques de ses appareils, ce qui compliquerait davantage la t\u00e2che.<\/p>\n<p>Il semble difficile de pouvoir tabler sur une annonce en septembre, dans ce contexte particulier. Quoi qu\u2019il en soit, Apple pourrait annoncer, plus tardivement que d\u2019habitude mais simultan\u00e9ment, tous ses nouveaux iPhone. Il pourrait aussi ne les commercialiser que de mani\u00e8re \u00e9chelonn\u00e9e. Ce ne serait toutefois pas une premi\u00e8re. Cela avait \u00e9t\u00e9 notamment le cas avec les iPhone X et XR.<\/p>\n<h3 style=\"color:#333;font-family:arial,helvetica,sans-serif;font-size:23px;font-weight:700;\"><strong>L\u2019iPhone SE Plus repouss\u00e9\u00a0?<\/strong><\/h3>\n<p>Les iPhone 12 ne seraient pas les seuls \u00e0 \u00eatre concern\u00e9s par la d\u00e9sorganisation li\u00e9e \u00e0 la crise du covid-19. La semaine derni\u00e8re, Apple annon\u00e7ait son <a href=\"https:\/\/www.01net.com\/actualites\/apple-annonce-le-nouvel-iphone-se-son-smartphone-abordable-a-489-euros-1893455.html\" target=\"_blank\" rel=\"noopener noreferrer\">iPhone SE 2020<\/a>, et ceux qui esp\u00e9raient voir un mod\u00e8le grand format pr\u00e9sent\u00e9 en m\u00eame temps en ont \u00e9t\u00e9 pour leur frais \u2013 m\u00eame si les rumeurs et analyses voyaient plut\u00f4t ce produit arriver l\u2019ann\u00e9e prochaine.<\/p>\n<p>Justement, aujourd\u2019hui, Ming-Chi Kuo vient de publier une nouvelle note \u00e0 l\u2019intention des investisseurs dans laquelle il d\u00e9taille que l\u2019iPhone SE Plus, qui adoptera une dalle de 5,5 pouces, comme les iPhone 8 Plus, par exemple, ne devrait d\u00e9sormais pas arriver avant la seconde moiti\u00e9 de l\u2019ann\u00e9e prochaine. Ce changement de plan serait en partie li\u00e9 \u00e0 la crise sanitaire et aux soucis provoqu\u00e9s dans les cha\u00eenes d\u2019approvisionnement et de production.<\/p>\n<p>Apple est sans doute impatient de sortir ce mod\u00e8le, car il semblerait, toujours \u00e0 en croire Ming-Chi Kuo, que les pr\u00e9commandes de l\u2019iPhone SE soient bien meilleures qu\u2019attendu. Le g\u00e9ant de Cupertino pourrait en \u00e9couler 12 \u00e0 14 millions au deuxi\u00e8me trimestre 2020 et dix millions au trimestre suivant.<\/p>\n<p><strong>Source\u00a0:<\/strong> <a href=\"https:\/\/9to5mac.com\/2020\/04\/21\/kuo-iphone-12-facing-mass-production-delays-iphone-se-plus-release-postponed\/\">9to5mac<\/a><\/p>\n<\/p><\/div>\n<p><script>\n         !function(f,b,e,v,n,t,s){if(f.fbq)return;n=f.fbq=function()\n         {n.callMethod? n.callMethod.apply(n,arguments):n.queue.push(arguments)}\n         ;if(!f._fbq)f._fbq=n;\n             n.push=n;n.loaded=!0;n.version='2.0';n.queue=[];t=b.createElement(e);t.async=!0;\n             t.src=v;s=b.getElementsByTagName(e)[0];s.parentNode.insertBefore(t,s)}(window,\n                 document,'script','https:\/\/connect.facebook.net\/en_US\/fbevents.js');\n         fbq('init', '1065890633454496');\n         fbq('track', 'PageView');\n     <\/script><br \/>\n<br \/>[ad_2]<br \/>\n<br \/><a href=\"https:\/\/www.01net.com\/actualites\/iphone-12-son-lancement-en-septembre-semble-de-plus-en-plus-compromis-1898598.html\">Source link <\/a><\/p>\n","protected":false},"excerpt":{"rendered":"<p>[ad_1] Septembre approche, et avec lui l\u2019automne et l\u2019arriv\u00e9e traditionnelle des nouveaux iPhone. Si des sources internes \u00e0 Apple ont &hellip; <a href=\"http:\/\/www.affinite.fr\/index.php\/2020\/04\/22\/son-lancement-en-septembre-semble-de-plus-en-plus-compromis\/\" class=\"more-link\">Plus <span class=\"screen-reader-text\">son lancement en septembre semble de plus en plus compromis<\/span> <span class=\"meta-nav\">&rarr;<\/span><\/a><\/p>\n","protected":false},"author":1,"featured_media":2170,"comment_status":"open","ping_status":"open","sticky":false,"template":"","format":"standard","meta":{"_sitemap_exclude":false,"_sitemap_priority":"","_sitemap_frequency":"","footnotes":""},"categories":[1],"tags":[],"class_list":["post-2169","post","type-post","status-publish","format-standard","has-post-thumbnail","hentry","category-tous"],"_links":{"self":[{"href":"http:\/\/www.affinite.fr\/index.php\/wp-json\/wp\/v2\/posts\/2169"}],"collection":[{"href":"http:\/\/www.affinite.fr\/index.php\/wp-json\/wp\/v2\/posts"}],"about":[{"href":"http:\/\/www.affinite.fr\/index.php\/wp-json\/wp\/v2\/types\/post"}],"author":[{"embeddable":true,"href":"http:\/\/www.affinite.fr\/index.php\/wp-json\/wp\/v2\/users\/1"}],"replies":[{"embeddable":true,"href":"http:\/\/www.affinite.fr\/index.php\/wp-json\/wp\/v2\/comments?post=2169"}],"version-history":[{"count":0,"href":"http:\/\/www.affinite.fr\/index.php\/wp-json\/wp\/v2\/posts\/2169\/revisions"}],"wp:featuredmedia":[{"embeddable":true,"href":"http:\/\/www.affinite.fr\/index.php\/wp-json\/wp\/v2\/media\/2170"}],"wp:attachment":[{"href":"http:\/\/www.affinite.fr\/index.php\/wp-json\/wp\/v2\/media?parent=2169"}],"wp:term":[{"taxonomy":"category","embeddable":true,"href":"http:\/\/www.affinite.fr\/index.php\/wp-json\/wp\/v2\/categories?post=2169"},{"taxonomy":"post_tag","embeddable":true,"href":"http:\/\/www.affinite.fr\/index.php\/wp-json\/wp\/v2\/tags?post=2169"}],"curies":[{"name":"wp","href":"https:\/\/api.w.org\/{rel}","templated":true}]}}