{"id":2157,"date":"2020-04-22T13:01:40","date_gmt":"2020-04-22T13:01:40","guid":{"rendered":"https:\/\/www.affinite.fr\/index.php\/2020\/04\/22\/amd-lance-deux-processeurs-ryzen-3000-a-tout-petit-prix-pour-nos-pc-gamer\/"},"modified":"2020-04-22T13:01:40","modified_gmt":"2020-04-22T13:01:40","slug":"amd-lance-deux-processeurs-ryzen-3000-a-tout-petit-prix-pour-nos-pc-gamer","status":"publish","type":"post","link":"http:\/\/www.affinite.fr\/index.php\/2020\/04\/22\/amd-lance-deux-processeurs-ryzen-3000-a-tout-petit-prix-pour-nos-pc-gamer\/","title":{"rendered":"AMD lance deux processeurs\u00a0Ryzen 3000 \u00e0 tout petit prix pour nos PC gamer"},"content":{"rendered":"<p> [ad_1]<br \/>\n<\/p>\n<div itemprop=\"articleBody\">\n                AMD \u00e9toffe son panel d&rsquo;entr\u00e9e de gamme avec deux processeurs Ryzen 3 pour PC de bureau, des r\u00e9f\u00e9rences que l&rsquo;on risque bien de retrouver rapidement dans les machines assembl\u00e9es ou de constructeurs \u00e0 moins de 1000 euros, selon nos estimations. Et pour cause : les Ryzen 3 3300X et 3100 sont annonc\u00e9s \u00e0 des prix respectifs de 120 et 99 dollars, de quoi en faire les Ryzen dernier cri (<a href=\"https:\/\/www.01net.com\/actualites\/amd-detaille-ses-nouveaux-processeurs-ryzen-3000-pour-detroner-intel-1709603.html\" target=\"_blank\" rel=\"noopener noreferrer\">\u00e9labor\u00e9s sur l&rsquo;architecture Zen 2 d&rsquo;AMD<\/a>) les plus abordables de la gamme. Ils ont a priori de quoi tenir t\u00eate aux Core i3 d&rsquo;Intel, m\u00eame les plus puissants.<\/p>\n<p>Ils seront disponibles dans le courant du mois de mai dans les magasins sp\u00e9cialis\u00e9s et, ne vous y trompez pas, AMD ne propose pas ici des puces de seconde zone mais bien de tout petits monstres.<\/p>\n<aside class=\"bg-color-0 padding-inside-all-s bloc border-s\">\n<h4 class=\"box-txt-normal\">\n<p><strong>\u00c0 d\u00e9couvrir aussi en vid\u00e9o :<\/strong><\/p>\n<\/h4>\n<\/aside>\n<p>Chacun d&rsquo;eux embarque 4 coeurs (et 8 threads) qui turbinent \u00e0 3,8 GHz (3300X) et 3,9 GHz (3100) de base et peuvent monter jusqu&rsquo;\u00e0 4,3 et 3,9 GHz en mode Turbo.<br \/>C\u00f4t\u00e9 cache unifi\u00e9, 18 Mo sont pr\u00e9sents, ce qui devrait garantir des processus de traitement plus fluides et rapides, notamment dans des usages gaming ou de production multim\u00e9dia. Enfin, la consommation estim\u00e9e est de 65 watts, ce qui semble tout \u00e0 fait raisonnable consid\u00e9rant les prestations annonc\u00e9es.<\/p>\n<blockquote>\n<p><strong>\u00c0 lire aussi &#8211;<\/strong> <a href=\"https:\/\/www.01net.com\/actualites\/ryzen-4000-on-vous-explique-pourquoi-ce-super-processeur-d-amd-pourrait-ebranler-intel-1876675.html\" target=\"_blank\" rel=\"noopener noreferrer\">Ryzen 4000 : on vous explique pourquoi ce \u00ab\u00a0super processeur\u00a0\u00bb d&rsquo;AMD pourrait \u00e9branler Intel<\/a><\/p>\n<\/blockquote>\n<p>Bien entendu, ces deux Ryzen peuvent prendre place sur les actuelles cartes m\u00e8res AMD avec socket AM4 et chipset X470, B450 et X570. Une mise \u00e0 jour de BIOS sera sans doute propos\u00e9e sur le site du fabricant de votre carte m\u00e8re et sera \u00e0 t\u00e9l\u00e9charger, dans les semaines \u00e0 venir. Il faudra \u00e9videmment l&rsquo;appliquer\u00a0avant toute implantation de l&rsquo;un de ces deux Ryzen au coeur d&rsquo;un PC.<\/p>\n<figure class=\"figure text-center\"><img decoding=\"async\" class=\"article-img img-responsive-l\" src=\"https:\/\/img.bfmtv.com\/c\/0\/708\/20fc05c2\/58d5733233b47f38e31e3cfc.jpg\" alt=\"\"\/><figcaption class=\"figure-caption figcaption color-txt-0 title-xs hidden-xs\"\/><\/figure>\n<h3 style=\"color:#333; font-family:arial,helvetica,sans-serif; font-size:23px; font-weight:700\">Le B550 pour des cartes m\u00e8res simples et efficaces<\/h3>\n<p>En plus de ces deux processeurs, AMD lance \u00e9galement un nouveau composant (chipset) pour carte m\u00e8re, le B550. Beaucoup plus abordable &#8211; mais moins complet &#8211; que l&rsquo;actuel X570 pour Ryzen 3000, il sera compatible avec tous les processeurs de la g\u00e9n\u00e9ration Ryzen actuelle et peut-\u00eatre m\u00eame la suivante.<\/p>\n<p>L\u00e0 encore, \u00ab petit prix \u00bb ne rime pas avec \u00ab rabais\u00a0\u00a0\u00bb puisque AMD annonce que le B550 embarque des lignes <a href=\"https:\/\/www.01net.com\/actualites\/le-pci-express-6-deja-a-l-etude-alors-que-le-4-arrive-a-peine-1715423.html\" target=\"_blank\" rel=\"noopener noreferrer\">PCI-Express 4.0<\/a>, la future interface de communication entre le processeur et nos cartes graphiques (entre autre).<\/p>\n<blockquote>\n<p><strong>\u00c0 lire aussi &#8211;<\/strong> <a href=\"https:\/\/www.01net.com\/actualites\/zen-4-amd-degainera-ses-processeurs-5-nm-en-2022-1870391.html\" target=\"_blank\" rel=\"noopener noreferrer\">Zen 4 : AMD d\u00e9gainera ses processeurs 5 nm en 2022<\/a><\/p>\n<\/blockquote>\n<p>AMD affirme que plus de 60 cartes m\u00e8res \u00e9quip\u00e9es du B550 sont en phase de conception dans les usines de ses partenaires habituels que sont Asus, MSI, Gigabyte et consorts. Elles devraient arriver sur le march\u00e9 \u00e0 la mi-juin, si tout se passe bien.<\/p>\n<\/p><\/div>\n<p><script>\n         !function(f,b,e,v,n,t,s){if(f.fbq)return;n=f.fbq=function()\n         {n.callMethod? n.callMethod.apply(n,arguments):n.queue.push(arguments)}\n         ;if(!f._fbq)f._fbq=n;\n             n.push=n;n.loaded=!0;n.version='2.0';n.queue=[];t=b.createElement(e);t.async=!0;\n             t.src=v;s=b.getElementsByTagName(e)[0];s.parentNode.insertBefore(t,s)}(window,\n                 document,'script','https:\/\/connect.facebook.net\/en_US\/fbevents.js');\n         fbq('init', '1065890633454496');\n         fbq('track', 'PageView');\n     <\/script><br \/>\n<br \/>[ad_2]<br \/>\n<br \/><a href=\"https:\/\/www.01net.com\/actualites\/amd-lance-deux-processeursryzen-3000-a-tout-petit-prix-pour-nos-pc-gamer-1898668.html\">Source link <\/a><\/p>\n","protected":false},"excerpt":{"rendered":"<p>[ad_1] AMD \u00e9toffe son panel d&rsquo;entr\u00e9e de gamme avec deux processeurs Ryzen 3 pour PC de bureau, des r\u00e9f\u00e9rences que &hellip; <a href=\"http:\/\/www.affinite.fr\/index.php\/2020\/04\/22\/amd-lance-deux-processeurs-ryzen-3000-a-tout-petit-prix-pour-nos-pc-gamer\/\" class=\"more-link\">Plus <span class=\"screen-reader-text\">AMD lance deux processeurs\u00a0Ryzen 3000 \u00e0 tout petit prix pour nos PC gamer<\/span> <span class=\"meta-nav\">&rarr;<\/span><\/a><\/p>\n","protected":false},"author":1,"featured_media":2158,"comment_status":"open","ping_status":"open","sticky":false,"template":"","format":"standard","meta":{"_sitemap_exclude":false,"_sitemap_priority":"","_sitemap_frequency":"","footnotes":""},"categories":[1],"tags":[],"class_list":["post-2157","post","type-post","status-publish","format-standard","has-post-thumbnail","hentry","category-tous"],"_links":{"self":[{"href":"http:\/\/www.affinite.fr\/index.php\/wp-json\/wp\/v2\/posts\/2157"}],"collection":[{"href":"http:\/\/www.affinite.fr\/index.php\/wp-json\/wp\/v2\/posts"}],"about":[{"href":"http:\/\/www.affinite.fr\/index.php\/wp-json\/wp\/v2\/types\/post"}],"author":[{"embeddable":true,"href":"http:\/\/www.affinite.fr\/index.php\/wp-json\/wp\/v2\/users\/1"}],"replies":[{"embeddable":true,"href":"http:\/\/www.affinite.fr\/index.php\/wp-json\/wp\/v2\/comments?post=2157"}],"version-history":[{"count":0,"href":"http:\/\/www.affinite.fr\/index.php\/wp-json\/wp\/v2\/posts\/2157\/revisions"}],"wp:featuredmedia":[{"embeddable":true,"href":"http:\/\/www.affinite.fr\/index.php\/wp-json\/wp\/v2\/media\/2158"}],"wp:attachment":[{"href":"http:\/\/www.affinite.fr\/index.php\/wp-json\/wp\/v2\/media?parent=2157"}],"wp:term":[{"taxonomy":"category","embeddable":true,"href":"http:\/\/www.affinite.fr\/index.php\/wp-json\/wp\/v2\/categories?post=2157"},{"taxonomy":"post_tag","embeddable":true,"href":"http:\/\/www.affinite.fr\/index.php\/wp-json\/wp\/v2\/tags?post=2157"}],"curies":[{"name":"wp","href":"https:\/\/api.w.org\/{rel}","templated":true}]}}