{"id":2147,"date":"2020-04-22T08:53:02","date_gmt":"2020-04-22T08:53:02","guid":{"rendered":"https:\/\/www.affinite.fr\/index.php\/2020\/04\/22\/apple-pourrait-introduire-un-imac-23-pouces-a-petit-prix-et-un-ipad-11-pouces-cette-annee\/"},"modified":"2020-04-22T08:53:02","modified_gmt":"2020-04-22T08:53:02","slug":"apple-pourrait-introduire-un-imac-23-pouces-a-petit-prix-et-un-ipad-11-pouces-cette-annee","status":"publish","type":"post","link":"http:\/\/www.affinite.fr\/index.php\/2020\/04\/22\/apple-pourrait-introduire-un-imac-23-pouces-a-petit-prix-et-un-ipad-11-pouces-cette-annee\/","title":{"rendered":"Apple pourrait introduire un iMac 23 pouces \u00e0 petit prix, et un iPad 11 pouces, cette ann\u00e9e"},"content":{"rendered":"<p> [ad_1]<br \/>\n<br \/><img decoding=\"async\" src=\"https:\/\/img.bfmtv.com\/i\/0\/0\/f50dc5\/e537056a072cdde5f56433c316.jpg\" \/><\/p>\n<div itemprop=\"articleBody\">\n<p>Alors que <a href=\"https:\/\/www.01net.com\/actualites\/iphone-12-son-lancement-en-septembre-semble-de-plus-en-plus-compromis-1898598.html\">la production des iPhone 12<\/a> semble rencontrer des probl\u00e8mes \u00e0 cause de la crise du covid-19, la liste des produits Apple qui pourraient d\u00e9barquer cette ann\u00e9e s\u2019allonge.<\/p>\n<h3 style=\"color:#333; font-family:arial,helvetica,sans-serif; font-size:23px; font-weight:700\"><strong>M\u00eame design, mais plus de surface d\u2019affichage<\/strong><\/h3>\n<p>Selon le China Times, la firme de Cupertino pourrait lancer un iMac 23 pouces au cours du second semestre 2020. Les tout-en-un d\u2019Apple n\u2019ont pas \u00e9t\u00e9 renouvel\u00e9s depuis mars 2019 et Apple profiterait de cette mise \u00e0 jour pour introduire une nouvelle taille d\u2019\u00e9cran.<br \/>Le quotidien chinois laisse entendre que la dalle grandirait au d\u00e9triment des larges bordures noires, qu\u2019on esp\u00e8re voir dispara\u00eetre depuis quelques ann\u00e9es maintenant. Cela \u00e9viterait \u00e0 Apple d\u2019introduire un nouveau design de ch\u00e2ssis.<\/p>\n<p>L\u2019autre bonne nouvelle concernant cet iMac est qu\u2019Apple envisagerait de le vendre \u00e0 un prix r\u00e9duit par rapport aux mod\u00e8les actuels d\u2019entr\u00e9e de gamme. Pour l\u2019heure, le mod\u00e8le d\u2019iMac 21,5 pouces le plus abordable est vendu 1299 euros. Peut-on esp\u00e9rer un iMac 23 pouces \u00e0 100 ou 200 euros de moins\u00a0?<\/p>\n<p>Par extrapolation, si l\u2019iMac 21,5 pouces voit grandir sa dalle pour une m\u00eame taille de bo\u00eetier, on peut \u00e9galement esp\u00e9rer qu\u2019\u00e0 terme, les mod\u00e8les 27 pouces connaissent le m\u00eame sort.<\/p>\n<aside class=\"bg-color-0 padding-inside-all-s bloc border-s\">\n<h4 class=\"box-txt-normal\">\n<p><strong>A d\u00e9couvrir aussi en vid\u00e9o<\/strong><\/p>\n<\/h4>\n<\/aside>\n<h3 style=\"color:#333;font-family:arial,helvetica,sans-serif;font-size:23px;font-weight:700;\"><strong>Un iPad 11 pouces\u2026<\/strong><\/h3>\n<p>Par ailleurs le quotidien chinois fait \u00e9tat du d\u00e9veloppement d\u2019un iPad dot\u00e9 d\u2019un \u00e9cran de 11 pouces. N\u00e9anmoins, l\u2019article ne pr\u00e9cise pas s\u2019il s\u2019agirait d\u2019une dalle destin\u00e9e aux iPad (de 10,2 pouces \u00e0 l\u2019heure actuelle) ou aux iPad Air (10,5 pouces pour le moment).<\/p>\n<p>On peut \u00e9ventuellement rappeler qu\u2019un compte Twitter \u00e0 l\u2019origine de nombreuses fuites indiquait le mois dernier qu\u2019Apple travaillerait \u00e0 un iPad Air de 11 pouces \u00e9quip\u00e9 de la technologie miniLED. L\u2019affichage occuperait davantage d\u2019espace gr\u00e2ce \u00e0 la disparition des bordures, rendue possible par la pr\u00e9sence d\u2019un bouton Touch ID situ\u00e9 sous la dalle. Reste \u00e0 savoir si toutes ces informations s\u2019av\u00e9reront.<\/p>\n<p><strong>Source\u00a0:<\/strong> <a href=\"https:\/\/www.macrumors.com\/2020\/04\/21\/23-inch-imac-11-inch-ipad-rumors\/\">MacRumors<\/a><\/p>\n<\/p><\/div>\n<p><script>\n         !function(f,b,e,v,n,t,s){if(f.fbq)return;n=f.fbq=function()\n         {n.callMethod? n.callMethod.apply(n,arguments):n.queue.push(arguments)}\n         ;if(!f._fbq)f._fbq=n;\n             n.push=n;n.loaded=!0;n.version='2.0';n.queue=[];t=b.createElement(e);t.async=!0;\n             t.src=v;s=b.getElementsByTagName(e)[0];s.parentNode.insertBefore(t,s)}(window,\n                 document,'script','https:\/\/connect.facebook.net\/en_US\/fbevents.js');\n         fbq('init', '1065890633454496');\n         fbq('track', 'PageView');\n     <\/script><br \/>\n<br \/>[ad_2]<br \/>\n<br \/><a href=\"https:\/\/www.01net.com\/actualites\/apple-pourrait-introduire-un-imac-23-pouces-a-petit-prix-et-un-ipad-11-pouces-cette-annee-1898736.html\">Source link <\/a><\/p>\n","protected":false},"excerpt":{"rendered":"<p>[ad_1] Alors que la production des iPhone 12 semble rencontrer des probl\u00e8mes \u00e0 cause de la crise du covid-19, la &hellip; <a href=\"http:\/\/www.affinite.fr\/index.php\/2020\/04\/22\/apple-pourrait-introduire-un-imac-23-pouces-a-petit-prix-et-un-ipad-11-pouces-cette-annee\/\" class=\"more-link\">Plus <span class=\"screen-reader-text\">Apple pourrait introduire un iMac 23 pouces \u00e0 petit prix, et un iPad 11 pouces, cette ann\u00e9e<\/span> <span class=\"meta-nav\">&rarr;<\/span><\/a><\/p>\n","protected":false},"author":1,"featured_media":2148,"comment_status":"open","ping_status":"open","sticky":false,"template":"","format":"standard","meta":{"_sitemap_exclude":false,"_sitemap_priority":"","_sitemap_frequency":"","footnotes":""},"categories":[1],"tags":[],"class_list":["post-2147","post","type-post","status-publish","format-standard","has-post-thumbnail","hentry","category-tous"],"_links":{"self":[{"href":"http:\/\/www.affinite.fr\/index.php\/wp-json\/wp\/v2\/posts\/2147"}],"collection":[{"href":"http:\/\/www.affinite.fr\/index.php\/wp-json\/wp\/v2\/posts"}],"about":[{"href":"http:\/\/www.affinite.fr\/index.php\/wp-json\/wp\/v2\/types\/post"}],"author":[{"embeddable":true,"href":"http:\/\/www.affinite.fr\/index.php\/wp-json\/wp\/v2\/users\/1"}],"replies":[{"embeddable":true,"href":"http:\/\/www.affinite.fr\/index.php\/wp-json\/wp\/v2\/comments?post=2147"}],"version-history":[{"count":0,"href":"http:\/\/www.affinite.fr\/index.php\/wp-json\/wp\/v2\/posts\/2147\/revisions"}],"wp:featuredmedia":[{"embeddable":true,"href":"http:\/\/www.affinite.fr\/index.php\/wp-json\/wp\/v2\/media\/2148"}],"wp:attachment":[{"href":"http:\/\/www.affinite.fr\/index.php\/wp-json\/wp\/v2\/media?parent=2147"}],"wp:term":[{"taxonomy":"category","embeddable":true,"href":"http:\/\/www.affinite.fr\/index.php\/wp-json\/wp\/v2\/categories?post=2147"},{"taxonomy":"post_tag","embeddable":true,"href":"http:\/\/www.affinite.fr\/index.php\/wp-json\/wp\/v2\/tags?post=2147"}],"curies":[{"name":"wp","href":"https:\/\/api.w.org\/{rel}","templated":true}]}}