{"id":2085,"date":"2020-04-20T21:02:18","date_gmt":"2020-04-20T21:02:18","guid":{"rendered":"https:\/\/www.affinite.fr\/index.php\/2020\/04\/20\/lapplication-stopcovid-pourrait-ne-pas-etre-prete-a-temps\/"},"modified":"2020-04-20T21:02:18","modified_gmt":"2020-04-20T21:02:18","slug":"lapplication-stopcovid-pourrait-ne-pas-etre-prete-a-temps","status":"publish","type":"post","link":"http:\/\/www.affinite.fr\/index.php\/2020\/04\/20\/lapplication-stopcovid-pourrait-ne-pas-etre-prete-a-temps\/","title":{"rendered":"L\u2019application StopCovid pourrait ne pas \u00eatre pr\u00eate \u00e0 temps"},"content":{"rendered":"<p> [ad_1]<br \/>\n<br \/><img decoding=\"async\" src=\"https:\/\/img.bfmtv.com\/i\/0\/0\/a59\/c2372b3025ff765ce9d2c9051c105.jpeg\" \/><\/p>\n<div itemprop=\"articleBody\">\n<p>Lors de sa derni\u00e8re intervention, le pr\u00e9sident Emmanuel Macron a \u00e9voqu\u00e9 le lancement d\u2019une <a href=\"https:\/\/www.01net.com\/actualites\/stopcovid-que-sait-on-de-la-future-application-de-tracage-des-malades-1893456.html\" target=\"_blank\" rel=\"noopener noreferrer\">application de <em>contact tracing<\/em><\/a> pour accompagner le d\u00e9confinement pr\u00e9vu \u00e0 partir du 11 mai. Une perspective de moins en moins s\u00fbre.<\/p>\n<p>Auditionn\u00e9 par les d\u00e9put\u00e9s vendredi 20 avril, le secr\u00e9taire d\u2019Etat C\u00e9dric O a affirm\u00e9 que l\u2019<a href=\"https:\/\/www.01net.com\/actualites\/coronavirus-comment-fonctionneront-les-applications-de-contact-tracing-1894812.html\" target=\"_blank\" rel=\"noopener noreferrer\">application StopCovid<\/a> ne serait pas pr\u00eate pour les d\u00e9bats au Parlement le 28 avril. L\u2019outil serait encore en train d\u2019\u00eatre d\u00e9velopp\u00e9.<\/p>\n<aside class=\"bg-color-0 padding-inside-all-s bloc border-s\">\n<h4 class=\"box-txt-normal\">\n<p><strong>A d\u00e9couvrir en vid\u00e9o<\/strong><\/p>\n<\/h4>\n<\/aside>\n<h3 style=\"color:#333; font-family:arial,helvetica,sans-serif; font-size:23px; font-weight:700\">La d\u00e9cision de d\u00e9ployer l&rsquo;application n&rsquo;est pas prise<\/h3>\n<p>Il est \u00e9galement possible que StopCovid\u00a0 ne soit pas op\u00e9rationnelle pour les d\u00e9buts du d\u00e9confinement. <em>\u00ab\u00a0Je ne suis pas certain que nous serons pr\u00eats pour le 11 mai\u00a0\u00bb<\/em>, a-t-il ainsi ajout\u00e9. Il a d&rsquo;ailleurs pris les plus grandes pr\u00e9cautions au sujet de ce projet, pr\u00e9cisant que la d\u00e9cision politique de d\u00e9ployer Stop Covid n\u2019\u00e9tait pas encore prise.<\/p>\n<p>C\u00e9dric O a enfin assur\u00e9 qu\u2019aucun vote n\u2019\u00e9tait requis car cette technologie ne n\u00e9cessite pas de changer le cadre r\u00e9glementaire. Les d\u00e9bats des 28 et 29 avril vont consister \u00e0 exposer le protocole aux parlementaires et \u00e0 leur expliquer comment les donn\u00e9es seront \u00e9chang\u00e9es, stock\u00e9es et prot\u00e9g\u00e9es. Ce sera alors l\u2019occasion de les consulter sur les conditions d\u2019utilisation qu\u2019ils appellent de leurs v\u0153ux.<\/p>\n<p><strong>Source : <\/strong><a href=\"http:\/\/videos.assemblee-nationale.fr\/video.8953290_5e996ff52e898.commission-des-affaires-economiques--m-cedric-o-secretaire-d-etat-aupres-du-ministre-de-l-economi-17-avril-2020\" target=\"_blank\" rel=\"noopener noreferrer\">Assembl\u00e9e nationale<\/a><\/p>\n<\/p><\/div>\n<p><script>\n         !function(f,b,e,v,n,t,s){if(f.fbq)return;n=f.fbq=function()\n         {n.callMethod? n.callMethod.apply(n,arguments):n.queue.push(arguments)}\n         ;if(!f._fbq)f._fbq=n;\n             n.push=n;n.loaded=!0;n.version='2.0';n.queue=[];t=b.createElement(e);t.async=!0;\n             t.src=v;s=b.getElementsByTagName(e)[0];s.parentNode.insertBefore(t,s)}(window,\n                 document,'script','https:\/\/connect.facebook.net\/en_US\/fbevents.js');\n         fbq('init', '1065890633454496');\n         fbq('track', 'PageView');\n     <\/script><br \/>\n<br \/>[ad_2]<br \/>\n<br \/><a href=\"https:\/\/www.01net.com\/actualites\/l-application-stopcovid-pourrait-ne-pas-etre-prete-a-temps-1896536.html\">Source link <\/a><\/p>\n","protected":false},"excerpt":{"rendered":"<p>[ad_1] Lors de sa derni\u00e8re intervention, le pr\u00e9sident Emmanuel Macron a \u00e9voqu\u00e9 le lancement d\u2019une application de contact tracing pour &hellip; <a href=\"http:\/\/www.affinite.fr\/index.php\/2020\/04\/20\/lapplication-stopcovid-pourrait-ne-pas-etre-prete-a-temps\/\" class=\"more-link\">Plus <span class=\"screen-reader-text\">L\u2019application StopCovid pourrait ne pas \u00eatre pr\u00eate \u00e0 temps<\/span> <span class=\"meta-nav\">&rarr;<\/span><\/a><\/p>\n","protected":false},"author":1,"featured_media":2086,"comment_status":"open","ping_status":"open","sticky":false,"template":"","format":"standard","meta":{"_sitemap_exclude":false,"_sitemap_priority":"","_sitemap_frequency":"","footnotes":""},"categories":[1],"tags":[],"class_list":["post-2085","post","type-post","status-publish","format-standard","has-post-thumbnail","hentry","category-tous"],"_links":{"self":[{"href":"http:\/\/www.affinite.fr\/index.php\/wp-json\/wp\/v2\/posts\/2085"}],"collection":[{"href":"http:\/\/www.affinite.fr\/index.php\/wp-json\/wp\/v2\/posts"}],"about":[{"href":"http:\/\/www.affinite.fr\/index.php\/wp-json\/wp\/v2\/types\/post"}],"author":[{"embeddable":true,"href":"http:\/\/www.affinite.fr\/index.php\/wp-json\/wp\/v2\/users\/1"}],"replies":[{"embeddable":true,"href":"http:\/\/www.affinite.fr\/index.php\/wp-json\/wp\/v2\/comments?post=2085"}],"version-history":[{"count":0,"href":"http:\/\/www.affinite.fr\/index.php\/wp-json\/wp\/v2\/posts\/2085\/revisions"}],"wp:featuredmedia":[{"embeddable":true,"href":"http:\/\/www.affinite.fr\/index.php\/wp-json\/wp\/v2\/media\/2086"}],"wp:attachment":[{"href":"http:\/\/www.affinite.fr\/index.php\/wp-json\/wp\/v2\/media?parent=2085"}],"wp:term":[{"taxonomy":"category","embeddable":true,"href":"http:\/\/www.affinite.fr\/index.php\/wp-json\/wp\/v2\/categories?post=2085"},{"taxonomy":"post_tag","embeddable":true,"href":"http:\/\/www.affinite.fr\/index.php\/wp-json\/wp\/v2\/tags?post=2085"}],"curies":[{"name":"wp","href":"https:\/\/api.w.org\/{rel}","templated":true}]}}