{"id":2077,"date":"2020-04-20T16:48:26","date_gmt":"2020-04-20T16:48:26","guid":{"rendered":"https:\/\/www.affinite.fr\/index.php\/2020\/04\/20\/apple-devrait-lancer-des-airpods-pro-lite-le-mois-prochain\/"},"modified":"2020-04-20T16:48:26","modified_gmt":"2020-04-20T16:48:26","slug":"apple-devrait-lancer-des-airpods-pro-lite-le-mois-prochain","status":"publish","type":"post","link":"http:\/\/www.affinite.fr\/index.php\/2020\/04\/20\/apple-devrait-lancer-des-airpods-pro-lite-le-mois-prochain\/","title":{"rendered":"Apple devrait lancer des AirPods Pro \u00ab Lite \u00bb le mois prochain"},"content":{"rendered":"<p> [ad_1]<br \/>\n<br \/><img decoding=\"async\" src=\"https:\/\/img.bfmtv.com\/i\/0\/0\/819\/3554b2fc3e277ae3c5cdb3feca32a.jpg\" \/><\/p>\n<div itemprop=\"articleBody\">\n<p>Les AirPods Pro d\u2019entr\u00e9e de gamme dans les starting-blocks. Les prochains mod\u00e8les d\u2019\u00e9couteurs d\u2019Apple devraient \u00eatre disponibles le mois prochain, possiblement d\u00e9voil\u00e9 en m\u00eame temps que le nouveau MacBook Pro 13 pouces.\u00a0<\/p>\n<p>Selon le blogueur Jon Posser \u2014 souvent bien renseign\u00e9 sur la marque \u2014, Apple est d\u00e9sormais pr\u00eat \u00e0 lancer ce mod\u00e8le initialement pr\u00e9vu pour le 31 mars, mais report\u00e9 \u00e0 cause de l\u2019\u00e9pid\u00e9mie de Covid-19.\u00a0<\/p>\n<div data-force-click=\"true\" class=\"bloc\">\n<blockquote class=\"twitter-tweet\">\n<p lang=\"en\" dir=\"ltr\">New AirPods (which were supposed to be at the March Event) are now ready to go.<\/p>\n<p>Probably alongside the MacBook Pro next month.<\/p>\n<p>\u2014 Jon Prosser (@jon_prosser) <a href=\"https:\/\/twitter.com\/jon_prosser\/status\/1251932439846490114?ref_src=twsrc%5Etfw\">April 19, 2020<\/a><\/p><\/blockquote><\/div>\n<h3 style=\"color:#333; font-family:arial,helvetica,sans-serif; font-size:23px; font-weight:700\">M\u00eame design, pas de r\u00e9duction de bruit active<\/h3>\n<p>Les informations non-officielles concernant ce mod\u00e8le sont nombreuses depuis plusieurs mois. Pressentis pour \u00eatre baptis\u00e9s AirPods Pro Lite, ces \u00e9couteurs devraient reprendre le design <a href=\"https:\/\/www.01net.com\/tests\/test-des-airpods-pro-apple-soigne-enfin-nos-oreilles-avec-ses-ecouteurs-true-wireless-6345.html\" target=\"_blank\" rel=\"noopener noreferrer\">des AirPods Pro<\/a>, mais sans int\u00e9grer de r\u00e9duction de bruit active.\u00a0<\/p>\n<p><em>Acheter les <a href=\"http:\/\/comparateur.01net.com\/product\/0190199247000\/\" target=\"_blank\" rel=\"noopener noreferrer\">AirPods Pro au meilleur prix<\/a> avec le comparateur 01net.com<\/em><\/p>\n<aside class=\"bg-color-0 padding-inside-all-s bloc border-s\">\n<h4 class=\"box-txt-normal\">\n<p><strong>\u00c0 d\u00e9couvrir aussi en vid\u00e9o<\/strong><\/p>\n<\/h4>\n<\/aside>\n<p>Reste d\u00e9sormais \u00e0 voir s\u2019ils viendraient s\u2019ajouter \u00e0 la gamme existante ou purement et simplement remplacer <a href=\"https:\/\/www.01net.com\/tests\/test-airpods-2019-apple-met-encore-moins-de-fil-dans-son-casque-sans-fil-6232.html\" target=\"_blank\" rel=\"noopener noreferrer\">les AirPods actuels<\/a>, dont le design ne permet pas une tr\u00e8s bonne isolation, m\u00eame passive, vis-\u00e0-vis du bruit ext\u00e9rieur.\u00a0<\/p>\n<\/p><\/div>\n<p><script async src=\"http:\/\/platform.twitter.com\/widgets.js\" charset=\"utf-8\"><\/script><script>\n         !function(f,b,e,v,n,t,s){if(f.fbq)return;n=f.fbq=function()\n         {n.callMethod? n.callMethod.apply(n,arguments):n.queue.push(arguments)}\n         ;if(!f._fbq)f._fbq=n;\n             n.push=n;n.loaded=!0;n.version='2.0';n.queue=[];t=b.createElement(e);t.async=!0;\n             t.src=v;s=b.getElementsByTagName(e)[0];s.parentNode.insertBefore(t,s)}(window,\n                 document,'script','https:\/\/connect.facebook.net\/en_US\/fbevents.js');\n         fbq('init', '1065890633454496');\n         fbq('track', 'PageView');\n     <\/script><br \/>\n<br \/>[ad_2]<br \/>\n<br \/><a href=\"https:\/\/www.01net.com\/actualites\/apple-devrait-lancer-des-airpods-pro-lite-le-mois-prochain-1896338.html\">Source link <\/a><\/p>\n","protected":false},"excerpt":{"rendered":"<p>[ad_1] Les AirPods Pro d\u2019entr\u00e9e de gamme dans les starting-blocks. Les prochains mod\u00e8les d\u2019\u00e9couteurs d\u2019Apple devraient \u00eatre disponibles le mois &hellip; <a href=\"http:\/\/www.affinite.fr\/index.php\/2020\/04\/20\/apple-devrait-lancer-des-airpods-pro-lite-le-mois-prochain\/\" class=\"more-link\">Plus <span class=\"screen-reader-text\">Apple devrait lancer des AirPods Pro \u00ab Lite \u00bb le mois prochain<\/span> <span class=\"meta-nav\">&rarr;<\/span><\/a><\/p>\n","protected":false},"author":1,"featured_media":2078,"comment_status":"open","ping_status":"open","sticky":false,"template":"","format":"standard","meta":{"_sitemap_exclude":false,"_sitemap_priority":"","_sitemap_frequency":"","footnotes":""},"categories":[1],"tags":[],"class_list":["post-2077","post","type-post","status-publish","format-standard","has-post-thumbnail","hentry","category-tous"],"_links":{"self":[{"href":"http:\/\/www.affinite.fr\/index.php\/wp-json\/wp\/v2\/posts\/2077"}],"collection":[{"href":"http:\/\/www.affinite.fr\/index.php\/wp-json\/wp\/v2\/posts"}],"about":[{"href":"http:\/\/www.affinite.fr\/index.php\/wp-json\/wp\/v2\/types\/post"}],"author":[{"embeddable":true,"href":"http:\/\/www.affinite.fr\/index.php\/wp-json\/wp\/v2\/users\/1"}],"replies":[{"embeddable":true,"href":"http:\/\/www.affinite.fr\/index.php\/wp-json\/wp\/v2\/comments?post=2077"}],"version-history":[{"count":0,"href":"http:\/\/www.affinite.fr\/index.php\/wp-json\/wp\/v2\/posts\/2077\/revisions"}],"wp:featuredmedia":[{"embeddable":true,"href":"http:\/\/www.affinite.fr\/index.php\/wp-json\/wp\/v2\/media\/2078"}],"wp:attachment":[{"href":"http:\/\/www.affinite.fr\/index.php\/wp-json\/wp\/v2\/media?parent=2077"}],"wp:term":[{"taxonomy":"category","embeddable":true,"href":"http:\/\/www.affinite.fr\/index.php\/wp-json\/wp\/v2\/categories?post=2077"},{"taxonomy":"post_tag","embeddable":true,"href":"http:\/\/www.affinite.fr\/index.php\/wp-json\/wp\/v2\/tags?post=2077"}],"curies":[{"name":"wp","href":"https:\/\/api.w.org\/{rel}","templated":true}]}}