{"id":2059,"date":"2020-04-20T11:34:46","date_gmt":"2020-04-20T11:34:46","guid":{"rendered":"https:\/\/www.affinite.fr\/index.php\/2020\/04\/20\/les-fondateurs-dinstagram-lancent-un-tableau-de-bord-de-la-pandemie\/"},"modified":"2020-04-20T11:34:46","modified_gmt":"2020-04-20T11:34:46","slug":"les-fondateurs-dinstagram-lancent-un-tableau-de-bord-de-la-pandemie","status":"publish","type":"post","link":"http:\/\/www.affinite.fr\/index.php\/2020\/04\/20\/les-fondateurs-dinstagram-lancent-un-tableau-de-bord-de-la-pandemie\/","title":{"rendered":"Les fondateurs d\u2019Instagram lancent un tableau de bord de la pand\u00e9mie"},"content":{"rendered":"<p> [ad_1]<br \/>\n<br \/>Rt.live a pour objectif de suivre la vitesse de propagation du Coronavirus. Il pourrait devenir un outil d\u2019aide \u00e0 la d\u00e9cision pour les \u00c9tats am\u00e9ricains.  <\/p>\n<p> <img decoding=\"async\" src=\"https:\/\/img.bfmtv.com\/c\/150\/100\/e7b\/8834c1b7e0b069d8b407e35fcfb7f.jpeg\" \/><br \/>\n<br \/>[ad_2]<br \/>\n<br \/><a href=\"https:\/\/www.01net.com\/actualites\/les-fondateurs-d-instagram-lancent-un-tableau-de-bord-de-la-pandemie-1896392.html\">Source link <\/a><\/p>\n","protected":false},"excerpt":{"rendered":"<p>[ad_1] Rt.live a pour objectif de suivre la vitesse de propagation du Coronavirus. Il pourrait devenir un outil d\u2019aide \u00e0 &hellip; <a href=\"http:\/\/www.affinite.fr\/index.php\/2020\/04\/20\/les-fondateurs-dinstagram-lancent-un-tableau-de-bord-de-la-pandemie\/\" class=\"more-link\">Plus <span class=\"screen-reader-text\">Les fondateurs d\u2019Instagram lancent un tableau de bord de la pand\u00e9mie<\/span> <span class=\"meta-nav\">&rarr;<\/span><\/a><\/p>\n","protected":false},"author":1,"featured_media":2060,"comment_status":"open","ping_status":"open","sticky":false,"template":"","format":"standard","meta":{"_sitemap_exclude":false,"_sitemap_priority":"","_sitemap_frequency":"","footnotes":""},"categories":[1],"tags":[],"class_list":["post-2059","post","type-post","status-publish","format-standard","has-post-thumbnail","hentry","category-tous"],"_links":{"self":[{"href":"http:\/\/www.affinite.fr\/index.php\/wp-json\/wp\/v2\/posts\/2059"}],"collection":[{"href":"http:\/\/www.affinite.fr\/index.php\/wp-json\/wp\/v2\/posts"}],"about":[{"href":"http:\/\/www.affinite.fr\/index.php\/wp-json\/wp\/v2\/types\/post"}],"author":[{"embeddable":true,"href":"http:\/\/www.affinite.fr\/index.php\/wp-json\/wp\/v2\/users\/1"}],"replies":[{"embeddable":true,"href":"http:\/\/www.affinite.fr\/index.php\/wp-json\/wp\/v2\/comments?post=2059"}],"version-history":[{"count":0,"href":"http:\/\/www.affinite.fr\/index.php\/wp-json\/wp\/v2\/posts\/2059\/revisions"}],"wp:featuredmedia":[{"embeddable":true,"href":"http:\/\/www.affinite.fr\/index.php\/wp-json\/wp\/v2\/media\/2060"}],"wp:attachment":[{"href":"http:\/\/www.affinite.fr\/index.php\/wp-json\/wp\/v2\/media?parent=2059"}],"wp:term":[{"taxonomy":"category","embeddable":true,"href":"http:\/\/www.affinite.fr\/index.php\/wp-json\/wp\/v2\/categories?post=2059"},{"taxonomy":"post_tag","embeddable":true,"href":"http:\/\/www.affinite.fr\/index.php\/wp-json\/wp\/v2\/tags?post=2059"}],"curies":[{"name":"wp","href":"https:\/\/api.w.org\/{rel}","templated":true}]}}